{"id":210521,"date":"2026-01-17T14:51:10","date_gmt":"2026-01-17T14:51:10","guid":{"rendered":"https:\/\/www.europesays.com\/pl\/210521\/"},"modified":"2026-01-17T14:51:10","modified_gmt":"2026-01-17T14:51:10","slug":"to-oni-maja-zarzadzac-strefa-gazy-znamy-sklad-rady-pokoju-2","status":"publish","type":"post","link":"https:\/\/www.europesays.com\/pl\/210521\/","title":{"rendered":"To oni maj\u0105 zarz\u0105dza\u0107 Stref\u0105 Gazy. Znamy sk\u0142ad Rady Pokoju"},"content":{"rendered":"<ul class=\"UnorderedList_container__nmfSl\">\n<li class=\"UnorderedList_listElement__Py7xi\" data-id=\"ai-summary-link\">Du\u017co czytania, a ma\u0142o czasu? Sprawd\u017a\u00a0skr\u00f3t\u00a0artyku\u0142u<\/li>\n<\/ul>\n<p class=\"Paragraph_desktopParagraph__U31Gm\">Jak poda\u0142 w pi\u0105tek Bia\u0142y Dom, w sk\u0142ad Rady opr\u00f3cz Rubio, Witkoffa, Kushnera i Blaira wejd\u0105 te\u017c ameryka\u0144ski miliarder Marc Rowan, prezes Banku \u015awiatowego Ajay Banga i doradca prezydenta Robert Gabriel.<\/p>\n<p class=\"Paragraph_desktopParagraph__U31Gm\">Bu\u0142garski dyplomata Niko\u0142aj M\u0142adenow ma zosta\u0107 wysokim przedstawicielem ds. Strefy Gazy. W komunikacie Bia\u0142ego Domu czytamy, \u017ce M\u0142adenow ma pe\u0142ni\u0107 funkcj\u0119 \u0142\u0105cznika mi\u0119dzy Rad\u0105 Pokoju a nowymi, lokalnymi w\u0142adzami w enklawie \u2014 Narodowym Komitetem Administracji Strefy Gazy. W czwartek Trump popar\u0142 ten Komitet i zaznaczy\u0142, \u017ce tworz\u0105 go &#8222;palesty\u0144scy technokraci&#8221;.<\/p>\n<p class=\"VideoPlayerText_videoPlayerText__iDwyz\">Dalszy ci\u0105g materia\u0142u pod wideo<\/p>\n<ul class=\"OchatFollowUps_wrapper__1ry7X\">\n<li class=\"OchatFollowUps_item__Dhyly OchatFollowUps_itemDesktop__R6aBv\">Kto stoi na czele Rady Pokoju?<\/li>\n<li class=\"OchatFollowUps_item__Dhyly OchatFollowUps_itemDesktop__R6aBv\">Jakie inne konflikty mo\u017ce rozwi\u0105zywa\u0107 Rada Pokoju?<\/li>\n<li class=\"OchatFollowUps_item__Dhyly OchatFollowUps_itemDesktop__R6aBv\">Kto zosta\u0142 wysokim przedstawicielem ds. Strefy Gazy?<\/li>\n<li class=\"OchatFollowUps_item__Dhyly OchatFollowUps_itemDesktop__R6aBv\">Kiedy zacz\u0119\u0142o si\u0119 zawieszenie broni w Strefie Gazy?<\/li>\n<\/ul>\n<p>Rada Pokoju mo\u017ce zaj\u0105\u0107 si\u0119 innymi konfliktami <\/p>\n<p class=\"Paragraph_desktopParagraph__U31Gm\">Powo\u0142ano te\u017c zarz\u0105d Rady Pokoju, do kt\u00f3rego wszed\u0142 m.in. szef MSZ Turcji Hakan Fidan. Zapowiedziano, \u017ce w nadchodz\u0105cych tygodniach ujawnione zostan\u0105 nazwiska kolejnych cz\u0142onk\u00f3w gremium.<\/p>\n<p class=\"Paragraph_desktopParagraph__U31Gm\">Jak napisa\u0142 w pi\u0105tek dziennik &#8222;Financial Times&#8221;, ameryka\u0144scy urz\u0119dnicy przedstawili pomys\u0142, by Rada Pokoju, kt\u00f3ra ma zarz\u0105dza\u0107 Stref\u0105 Gazy, zaj\u0119\u0142a si\u0119 r\u00f3wnie\u017c innymi konfliktami na \u015bwiecie, w tym w Ukrainie i w Wenezueli.<\/p>\n<p class=\"Paragraph_desktopParagraph__U31Gm\">Jedna z os\u00f3b zaznajomionych z tym planem powiedzia\u0142a gazecie, \u017ce administracja Trumpa postrzega Rad\u0119 Pokoju jako &#8222;potencjalny substytut ONZ, (&#8230;) rodzaj r\u00f3wnoleg\u0142ego, nieoficjalnego organu zajmuj\u0105cego si\u0119 konfliktami r\u00f3wnie\u017c poza Gaz\u0105&#8221;.<\/p>\n<p class=\"Paragraph_desktopParagraph__U31Gm\">W Strefie Gazy od 10 pa\u017adziernika 2025 r. trwa zawieszenie broni, a utworzenie Rady ma by\u0107 elementem wdra\u017cania drugiej fazy rozejmu.<\/p>\n","protected":false},"excerpt":{"rendered":"Du\u017co czytania, a ma\u0142o czasu? Sprawd\u017a\u00a0skr\u00f3t\u00a0artyku\u0142u Jak poda\u0142 w pi\u0105tek Bia\u0142y Dom, w sk\u0142ad Rady opr\u00f3cz Rubio, Witkoffa,&hellip;\n","protected":false},"author":2,"featured_media":210522,"comment_status":"","ping_status":"","sticky":false,"template":"","format":"standard","meta":{"footnotes":""},"categories":[14],"tags":[32,33,58,236,27,67,234,34,35,12940,28,31,53,25,52,68,51,55,40,41,47,39422,59,11050,88,80,29,30,65,50,26,82,83,84],"class_list":{"0":"post-210521","1":"post","2":"type-post","3":"status-publish","4":"format-standard","5":"has-post-thumbnail","7":"category-swiat","8":"tag-breaking-news","9":"tag-breakingnews","10":"tag-donald_trump_prezydent_usa","11":"tag-hamas_organizacja_terrorystyczna","12":"tag-headlines","13":"tag-intextvideo_splayer","14":"tag-izrael_izraelczyk_izraelka_izraelczycy","15":"tag-latest-news","16":"tag-latestnews","17":"tag-marco_rubio_amerykanski_polityk","18":"tag-naglowki","19":"tag-najwazniejsze-artykuly","20":"tag-new_header","21":"tag-news","22":"tag-onet3","23":"tag-onet3d","24":"tag-onet3d_2i","25":"tag-phx","26":"tag-polish","27":"tag-polski","28":"tag-screening_general","29":"tag-sg_cleanup_tst1","30":"tag-stany_zjednoczone_usa","31":"tag-steve_witkoff","32":"tag-strefa_gazy","33":"tag-swiat","34":"tag-top-stories","35":"tag-topstories","36":"tag-update_me","37":"tag-v2021","38":"tag-wiadomosci","39":"tag-world","40":"tag-world-news","41":"tag-worldnews"},"share_on_mastodon":{"url":"","error":"Validation failed: Text character limit of 500 exceeded"},"_links":{"self":[{"href":"https:\/\/www.europesays.com\/pl\/wp-json\/wp\/v2\/posts\/210521","targetHints":{"allow":["GET"]}}],"collection":[{"href":"https:\/\/www.europesays.com\/pl\/wp-json\/wp\/v2\/posts"}],"about":[{"href":"https:\/\/www.europesays.com\/pl\/wp-json\/wp\/v2\/types\/post"}],"author":[{"embeddable":true,"href":"https:\/\/www.europesays.com\/pl\/wp-json\/wp\/v2\/users\/2"}],"replies":[{"embeddable":true,"href":"https:\/\/www.europesays.com\/pl\/wp-json\/wp\/v2\/comments?post=210521"}],"version-history":[{"count":0,"href":"https:\/\/www.europesays.com\/pl\/wp-json\/wp\/v2\/posts\/210521\/revisions"}],"wp:featuredmedia":[{"embeddable":true,"href":"https:\/\/www.europesays.com\/pl\/wp-json\/wp\/v2\/media\/210522"}],"wp:attachment":[{"href":"https:\/\/www.europesays.com\/pl\/wp-json\/wp\/v2\/media?parent=210521"}],"wp:term":[{"taxonomy":"category","embeddable":true,"href":"https:\/\/www.europesays.com\/pl\/wp-json\/wp\/v2\/categories?post=210521"},{"taxonomy":"post_tag","embeddable":true,"href":"https:\/\/www.europesays.com\/pl\/wp-json\/wp\/v2\/tags?post=210521"}],"curies":[{"name":"wp","href":"https:\/\/api.w.org\/{rel}","templated":true}]}}