{"id":210523,"date":"2026-01-17T14:52:15","date_gmt":"2026-01-17T14:52:15","guid":{"rendered":"https:\/\/www.europesays.com\/pl\/210523\/"},"modified":"2026-01-17T14:52:15","modified_gmt":"2026-01-17T14:52:15","slug":"absolutny-skandal-burza-po-wpisie-szlapki-nt-lewandowskiego","status":"publish","type":"post","link":"https:\/\/www.europesays.com\/pl\/210523\/","title":{"rendered":"&#8222;Absolutny skandal&#8221;. Burza po wpisie Sz\u0142apki nt. Lewandowskiego"},"content":{"rendered":"\n<p>&#13;<br \/>\nRzecznik rz\u0105du <a href=\"https:\/\/dorzeczy.pl\/opinie\/833267\/lewandowski-kontra-szlapka-w-tle-kancelaria-broniaca-ziobry.html\" rel=\"nofollow noopener\" target=\"_blank\">Adam Sz\u0142apka zaatakowa\u0142 w\u00a0pi\u0105tek za\u00a0po\u015brednictwem medi\u00f3w spo\u0142eczno\u015bciowych kancelari\u0119 prawn\u0105<\/a>, reprezentuj\u0105c\u0105 by\u0142ego ministra sprawiedliwo\u015bci Zbigniewa Ziobr\u0119. &#13;\n<\/p>\n<p>Sz\u0142apka zaatakowa\u0142 mec. Lewandowskiego. &#8222;Sko\u0144czy pan w\u00a0s\u0105dzie&#8221;<\/p>\n<p>&#13;<br \/>\n&#8222;Lista kancelarii prawnych przeznaczonych dla\u00a0obywateli Rosji w\u00a0Polsce zosta\u0142a opracowana przez Moskw\u0119 ju\u017c po\u00a0barbarzy\u0144skiej napa\u015bci na\u00a0Ukrain\u0119. Widnieje na\u00a0niej \u2018KHANZADYAN LEWANDOWSKI &amp; PARTNERS\u2019. Ta\u00a0sama kancelaria dzi\u015b broni Ziobry. Ka\u017cdy sam wyci\u0105gnie wnioski&#8221; \u2013\u00a0napisa\u0142 Sz\u0142apka na\u00a0platformie X. &#13;\n<\/p>\n<p>&#13;<br \/>\nNa odpowied\u017a nie\u00a0trzeba by\u0142o d\u0142ugo czeka\u0107. Bartosz Lewandowski stanowczo odrzuci\u0142 insynuacje i\u00a0zapowiedzia\u0142 podj\u0119cie krok\u00f3w prawnych. &#8222;Za\u00a0ten wpis sko\u0144czy Pan w\u00a0s\u0105dzie&#8221; \u2013\u00a0napisa\u0142, dodaj\u0105c, \u017ce\u00a0polityk b\u0119dzie musia\u0142 udowodni\u0107 swoje twierdzenia przed s\u0105dem. Lewandowski podkre\u015bli\u0142, \u017ce\u00a0kancelaria nie\u00a0mia\u0142a \u017cadnego wp\u0142ywu na\u00a0umieszczenie jej na\u00a0stronie rosyjskiej ambasady. Jak wskaza\u0142, informacje o\u00a0kancelariach \u015bwiadcz\u0105cych pomoc prawn\u0105 w\u00a0j\u0119zyku rosyjskim zosta\u0142y zamieszczone &#8222;bez pro\u015bby i\u00a0wiedzy z\u00a0naszej strony&#8221;. Zaznaczy\u0142 te\u017c, \u017ce\u00a0w\u00a0praktyce &#8222;w\u00a0przyt\u0142aczaj\u0105cej wi\u0119kszo\u015bci&#8221; zg\u0142aszaj\u0105 si\u0119 do\u00a0niego klienci z\u00a0Ukrainy. &#13;\n<\/p>\n<p>Fala komentarzy po\u00a0wpisie Sz\u0142apki. &#8222;Metody ze\u00a0wschodu&#8221;<\/p>\n<p>&#13;<br \/>\nSprawa wywo\u0142a\u0142a ogromne poruszenie. Szczeg\u00f3lnie w\u015br\u00f3d polityk\u00f3w Prawa i\u00a0Sprawiedliwo\u015bci, kt\u00f3rzy stan\u0119li w\u00a0obronie zaatakowanego adwokata. Zareagowa\u0142 m.in. by\u0142y wiceminister spraw zagranicznych Pawe\u0142 Jab\u0142o\u0144ski. &#13;\n<\/p>\n<p>&#13;<br \/>\n&#8222;Systemowy atak w\u0142adzy na\u00a0adwokata \u2013\u00a0za\u00a0to\u00a0\u017ce broni ludzi opozycji. Cel: zastraszy\u0107 jego i\u00a0innych, \u017ceby odmawiali \u015bwiadczenia pomocy prawnej ludziom, kt\u00f3rych w\u0142adza chce \u015bciga\u0107. Je\u015bli nie\u00a0b\u0119d\u0105 mieli adwokat\u00f3w \u2013\u00a0\u015bciga\u0107 b\u0119dzie \u0142atwiej. Metody ze\u00a0wschodu&#8221; \u2013\u00a0napisa\u0142 na\u00a0platformie X polityk. &#13;\n<\/p>\n<p>&#13;<br \/>\n&#8222;Kuriozalny wpis rzecznika rz\u0105du Adama Sz\u0142apki to\u00a0wyraz bezradno\u015bci tej \u017ca\u0142osnej patow\u0142adzy&#8221; \u2013\u00a0oceni\u0142 z\u00a0kolei pose\u0142 PiS Marcin Warcho\u0142. Jak podkre\u015bli\u0142, przegrywaj\u0105 w\u00a0niezawis\u0142ych s\u0105dach, bo\u00a0mecenas Bartosz Lewandowski wytyka im\u00a0bezprawne dzia\u0142ania, wi\u0119c pr\u00f3buj\u0105 zniszczy\u0107 adwokata. &#8222;Demokracja walcz\u0105ca si\u0119ga po\u00a0kolejne wzorce komuny \u2013\u00a0tym razem uderzaj\u0105c w\u00a0istot\u0119 prawa do\u00a0obrony&#8221; \u2013\u00a0podsumowa\u0142. &#13;\n<\/p>\n<p>&#13;<br \/>\nJacek Ozdoba, r\u00f3wnie\u017c z\u00a0PiS, okre\u015bli\u0142 spraw\u0119 jako &#8222;absolutny skandal&#8221;. Zwracaj\u0105c si\u0119 do\u00a0prezesa Naczelnej Rady Adwokackiej Przemys\u0142awa Rosatiego podkre\u015bli\u0142, \u017ce\u00a0brak reakcji NRA na\u00a0wpis ministra Sz\u0142apki, b\u0119dzie przyzwoleniem do\u00a0ataku na\u00a0adwokat\u00f3w. &#13;\n<\/p>\n<p>&#13;<br \/>\nDo wpisu rzecznika rz\u0105du odni\u00f3s\u0142 si\u0119 r\u00f3wnie\u017c S\u0142awomir Jastrz\u0119bowski. &#8222;Ten obrzydliwy mechanizm, kt\u00f3ry w\u0142a\u015bnie stosuje Sz\u0142apka, mechanizm zastraszania, postponowania i\u00a0niszczenia na\u00a0r\u00f3\u017cne sposoby niez\u0142omnych adwokat\u00f3w przez w\u0142adze pami\u0119tam dobrze z\u00a0czas\u00f3w komunist\u00f3w. \u017ba\u0142osny z\u00a0pana typek, panie Sz\u0142apka&#8230;&#8221; \u2013\u00a0napisa\u0142 dziennikarz. &#13;\n<\/p>\n<p>&#13;<br \/>\nCzytaj te\u017c:<br \/><a href=\"https:\/\/dorzeczy.pl\/opinie\/833267\/lewandowski-kontra-szlapka-w-tle-kancelaria-broniaca-ziobry.html\" rel=\"follow nofollow noopener\" data-schema=\"DORZECZY\" data-image=\"https:\/\/img.dorzeczy.pl\/_thumb\/ba\/91\/793a1e455c7fcd9bd4d79ce11ab5.jpeg\" target=\"_blank\">Awantura wok\u00f3\u0142 kancelarii broni\u0105cej Ziobry. &#8222;Za\u00a0ten wpis sko\u0144czy Pan w\u00a0s\u0105dzie&#8221;<\/a>Czytaj te\u017c:<br \/><a href=\"https:\/\/dorzeczy.pl\/opinie\/832550\/konieczna-cierpliwosc-zurek-o-decyzji-sadu-w-sprawie-ziobry.html\" rel=\"follow nofollow noopener\" data-schema=\"DORZECZY\" data-image=\"https:\/\/img.dorzeczy.pl\/_thumb\/e9\/5b\/250d48639db192fee7a6d2db55e3.jpeg\" target=\"_blank\">\u017burek o\u00a0decyzji s\u0105du ws. Ziobry: Cierpliwo\u015b\u0107 jest dzi\u015b konieczna<\/a>Czytaj te\u017c:<br \/><a href=\"https:\/\/dorzeczy.pl\/kraj\/832232\/ustalenia-ws-romanowskiego-ziobro-chcieliscie-dowodow-to-macie.html\" rel=\"follow nofollow noopener\" data-schema=\"DORZECZY\" data-image=\"https:\/\/img.dorzeczy.pl\/_thumb\/2c\/xx\/d65d519a479050650843abe9f5f7.jpeg\" target=\"_blank\">&#8222;Dopiero b\u0119dziecie zdziwieni&#8221;. Ziobro: Chcieli\u015bcie dowod\u00f3w, to\u00a0macie<\/a>&#13;<\/p>\n","protected":false},"excerpt":{"rendered":"&#13; Rzecznik rz\u0105du Adam Sz\u0142apka zaatakowa\u0142 w\u00a0pi\u0105tek za\u00a0po\u015brednictwem medi\u00f3w spo\u0142eczno\u015bciowych kancelari\u0119 prawn\u0105, reprezentuj\u0105c\u0105 by\u0142ego ministra sprawiedliwo\u015bci Zbigniewa Ziobr\u0119.&hellip;\n","protected":false},"author":2,"featured_media":210524,"comment_status":"","ping_status":"","sticky":false,"template":"","format":"standard","meta":{"footnotes":""},"categories":[12],"tags":[7508,6508,40024,32,33,98,36,37,27,49,34,35,28,31,25,103,42,38,40,39,41,29,30,26],"class_list":{"0":"post-210523","1":"post","2":"type-post","3":"status-publish","4":"format-standard","5":"has-post-thumbnail","7":"category-polska","8":"tag-adam-szlapka","9":"tag-adwokat","10":"tag-bartosz-lewandowski","11":"tag-breaking-news","12":"tag-breakingnews","13":"tag-dorzeczy","14":"tag-featured-news","15":"tag-featurednews","16":"tag-headlines","17":"tag-kraj","18":"tag-latest-news","19":"tag-latestnews","20":"tag-naglowki","21":"tag-najwazniejsze-artykuly","22":"tag-news","23":"tag-obserwator-mediow","24":"tag-pl","25":"tag-poland","26":"tag-polish","27":"tag-polska","28":"tag-polski","29":"tag-top-stories","30":"tag-topstories","31":"tag-wiadomosci"},"share_on_mastodon":{"url":"https:\/\/pubeurope.com\/@pl\/115911009533847181","error":""},"_links":{"self":[{"href":"https:\/\/www.europesays.com\/pl\/wp-json\/wp\/v2\/posts\/210523","targetHints":{"allow":["GET"]}}],"collection":[{"href":"https:\/\/www.europesays.com\/pl\/wp-json\/wp\/v2\/posts"}],"about":[{"href":"https:\/\/www.europesays.com\/pl\/wp-json\/wp\/v2\/types\/post"}],"author":[{"embeddable":true,"href":"https:\/\/www.europesays.com\/pl\/wp-json\/wp\/v2\/users\/2"}],"replies":[{"embeddable":true,"href":"https:\/\/www.europesays.com\/pl\/wp-json\/wp\/v2\/comments?post=210523"}],"version-history":[{"count":0,"href":"https:\/\/www.europesays.com\/pl\/wp-json\/wp\/v2\/posts\/210523\/revisions"}],"wp:featuredmedia":[{"embeddable":true,"href":"https:\/\/www.europesays.com\/pl\/wp-json\/wp\/v2\/media\/210524"}],"wp:attachment":[{"href":"https:\/\/www.europesays.com\/pl\/wp-json\/wp\/v2\/media?parent=210523"}],"wp:term":[{"taxonomy":"category","embeddable":true,"href":"https:\/\/www.europesays.com\/pl\/wp-json\/wp\/v2\/categories?post=210523"},{"taxonomy":"post_tag","embeddable":true,"href":"https:\/\/www.europesays.com\/pl\/wp-json\/wp\/v2\/tags?post=210523"}],"curies":[{"name":"wp","href":"https:\/\/api.w.org\/{rel}","templated":true}]}}