{"id":210525,"date":"2026-01-17T14:53:09","date_gmt":"2026-01-17T14:53:09","guid":{"rendered":"https:\/\/www.europesays.com\/pl\/210525\/"},"modified":"2026-01-17T14:53:09","modified_gmt":"2026-01-17T14:53:09","slug":"stanowcze-slowa-owsiaka-ws-wosp-nigdy-nie-zbieralem-na-siebie","status":"publish","type":"post","link":"https:\/\/www.europesays.com\/pl\/210525\/","title":{"rendered":"Stanowcze s\u0142owa Owsiaka ws. WO\u015aP. &#8222;Nigdy nie zbiera\u0142em na siebie&#8221;"},"content":{"rendered":"<p>Najwa\u017cniejsze informacje:<\/p>\n<p>Lider Wielkiej Orkiestry \u015awi\u0105tecznej Pomocy Jerzy Owsiak stanowczo odni\u00f3s\u0142 si\u0119 do krytycznych g\u0142os\u00f3w, kt\u00f3re pojawiaj\u0105 si\u0119 pod jego adresem. Podczas spotkania z\u00a0dziennikarzami w\u00a0Warszawie zaznaczy\u0142, \u017ce zbi\u00f3rki organizowane w\u00a0ramach fundacji WO\u015aP nigdy nie by\u0142y kierowane na jego osob\u0119.<\/p>\n<p>&#8211; Nigdy nie zbiera\u0142em na siebie \u017cadnych pieni\u0119dzy. W\u00a0zwi\u0105zku z\u00a0tym wszelkiego rodzaju has\u0142a &#8222;nie daj\u0119 Owsiakowi&#8221; s\u0105 bardzo s\u0142uszne. Je\u017celi jest jaki\u015b Owsiak, kt\u00f3ry zbiera pieni\u0105dze podczas fina\u0142\u00f3w, trzeba to powstrzyma\u0107 &#8211; stwierdzi\u0142 Owsiak.<\/p>\n<p>Trump z\u00a0Pokojowym Noblem. Machado ujawnia kulisy przekazania medalu <\/p>\n<p>Tegoroczny, 34. Fina\u0142 WO\u015aP, odb\u0119dzie si\u0119 25 stycznia pod has\u0142em &#8222;Zdrowe brzuszki naszych dzieci&#8221;. Fundacja skoncentruje si\u0119 na wsparciu diagnostyki i\u00a0leczenia chor\u00f3b przewodu pokarmowego u\u00a0najm\u0142odszych pacjent\u00f3w.<\/p>\n<p>Do tej pory, dzi\u0119ki zebranym funduszom, WO\u015aP wspar\u0142a wiele dziedzin medycyny dzieci\u0119cej, takich jak kardiologia, neonatologia, nefrologia, okulistyka oraz onkologia. Jak podaje Owsiak, \u0142\u0105czna suma zebrana podczas fina\u0142\u00f3w przekroczy\u0142a 2,6 mld z\u0142.<\/p>\n<p>&#8211; Gdyby kto\u015b 34 lata temu powiedzia\u0142by mi, \u017ce b\u0119dziemy m\u00f3wili o\u00a0takich pieni\u0105dzach, to by\u0142bym przera\u017cony i\u00a0w\u00a0og\u00f3le nie pr\u00f3bowa\u0142bym czegokolwiek robi\u0107 w\u00a0tym temacie. Ale je\u017celi co\u015b robi si\u0119 konsekwentnie, krok po kroku, z\u00a0milionami Polak\u00f3w, to razem mo\u017cna robi\u0107 rzeczy niezwyk\u0142e &#8211;\u00a0doda\u0142 Owsiak.<\/p>\n<p>Jak wida\u0107, 34. Fina\u0142 WO\u015aP zapowiada si\u0119 jako kolejne wielkie wydarzenie charytatywne, kt\u00f3re podkre\u015bla zaanga\u017cowanie spo\u0142eczne i\u00a0konsekwentne dzia\u0142anie na rzecz poprawy zdrowia najm\u0142odszych pacjent\u00f3w w\u00a0Polsce.<\/p>\n","protected":false},"excerpt":{"rendered":"Najwa\u017cniejsze informacje: Lider Wielkiej Orkiestry \u015awi\u0105tecznej Pomocy Jerzy Owsiak stanowczo odni\u00f3s\u0142 si\u0119 do krytycznych g\u0142os\u00f3w, kt\u00f3re pojawiaj\u0105 si\u0119&hellip;\n","protected":false},"author":2,"featured_media":210526,"comment_status":"","ping_status":"","sticky":false,"template":"","format":"standard","meta":{"footnotes":""},"categories":[5],"tags":[32,33,36,37,27,34,35,28,31,25,42,38,40,39,41,29,30,26],"class_list":{"0":"post-210525","1":"post","2":"type-post","3":"status-publish","4":"format-standard","5":"has-post-thumbnail","7":"category-naglowki","8":"tag-breaking-news","9":"tag-breakingnews","10":"tag-featured-news","11":"tag-featurednews","12":"tag-headlines","13":"tag-latest-news","14":"tag-latestnews","15":"tag-naglowki","16":"tag-najwazniejsze-artykuly","17":"tag-news","18":"tag-pl","19":"tag-poland","20":"tag-polish","21":"tag-polska","22":"tag-polski","23":"tag-top-stories","24":"tag-topstories","25":"tag-wiadomosci"},"share_on_mastodon":{"url":"https:\/\/pubeurope.com\/@pl\/115911013441715168","error":""},"_links":{"self":[{"href":"https:\/\/www.europesays.com\/pl\/wp-json\/wp\/v2\/posts\/210525","targetHints":{"allow":["GET"]}}],"collection":[{"href":"https:\/\/www.europesays.com\/pl\/wp-json\/wp\/v2\/posts"}],"about":[{"href":"https:\/\/www.europesays.com\/pl\/wp-json\/wp\/v2\/types\/post"}],"author":[{"embeddable":true,"href":"https:\/\/www.europesays.com\/pl\/wp-json\/wp\/v2\/users\/2"}],"replies":[{"embeddable":true,"href":"https:\/\/www.europesays.com\/pl\/wp-json\/wp\/v2\/comments?post=210525"}],"version-history":[{"count":0,"href":"https:\/\/www.europesays.com\/pl\/wp-json\/wp\/v2\/posts\/210525\/revisions"}],"wp:featuredmedia":[{"embeddable":true,"href":"https:\/\/www.europesays.com\/pl\/wp-json\/wp\/v2\/media\/210526"}],"wp:attachment":[{"href":"https:\/\/www.europesays.com\/pl\/wp-json\/wp\/v2\/media?parent=210525"}],"wp:term":[{"taxonomy":"category","embeddable":true,"href":"https:\/\/www.europesays.com\/pl\/wp-json\/wp\/v2\/categories?post=210525"},{"taxonomy":"post_tag","embeddable":true,"href":"https:\/\/www.europesays.com\/pl\/wp-json\/wp\/v2\/tags?post=210525"}],"curies":[{"name":"wp","href":"https:\/\/api.w.org\/{rel}","templated":true}]}}