{"id":211057,"date":"2026-01-17T20:41:10","date_gmt":"2026-01-17T20:41:10","guid":{"rendered":"https:\/\/www.europesays.com\/pl\/211057\/"},"modified":"2026-01-17T20:41:10","modified_gmt":"2026-01-17T20:41:10","slug":"czegos-takiego-nie-bylo-od-30-lat-kamczatka-pod-czterometrowa-warstwa-sniegu-wideo-onet-2","status":"publish","type":"post","link":"https:\/\/www.europesays.com\/pl\/211057\/","title":{"rendered":"Czego\u015b takiego nie by\u0142o od 30 lat. Kamczatka pod czterometrow\u0105 warstw\u0105 \u015bniegu [WIDEO] &#8211; Onet"},"content":{"rendered":"<ol>\n<li><a href=\"https:\/\/news.google.com\/rss\/articles\/CBMixwFBVV95cUxNeS14SnNIdHZRbW5SVFgzR1ZITlJuSV9tOE5FN09MeHBOeTUzdWN2X0JmN1JpS0g4MXcyNGxOMU50X2hsaUxCNHp2ZkVmeEhUTU9YbFVXRHhwYnBHek5xZXBtbTh4R1F4VkYwNElWSHQ3UXJjU3ZhUlZram9sR0t6MWVwTFlKSHlQZjEtY2NmVkx0aDRUR1dLenUwVlBoeUU0cUtPMHB1ZElPc1hQNHlpaTczMm1CekI2RG1DYXRGT080LTNSSGhR?oc=5\" target=\"_blank\" rel=\"nofollow noopener\">Czego\u015b takiego nie by\u0142o od 30 lat. Kamczatka pod czterometrow\u0105 warstw\u0105 \u015bniegu [WIDEO]<\/a>&nbsp;&nbsp;Onet<\/li>\n<li><a href=\"https:\/\/news.google.com\/rss\/articles\/CBMiogFBVV95cUxPY3VXc193eTNtbmVuSnZxMk5XYjl2ZDIxYzN5amxUWl9icW5KWDhmTFVCRl9LSUs1amJWamlyZmxQX3hxWl9RWUU5aHUxay1aTlhMWTB3ZjRwa3dqOVNBU2JOX3RfUjR1dE5QaW1McWF4ZHZ0UEVWb3BEanR6R3YzX3NFNGg2VkhRUDFlQkZHQzdhU1Nhbk9zaHdmeWQ0SWNkSFE?oc=5\" target=\"_blank\" rel=\"nofollow noopener\">Ekstremalne warunki na Kamczatce. Skacz\u0105 z okna, \u017ceby wyj\u015b\u0107<\/a>&nbsp;&nbsp;WP Wiadomo\u015bci<\/li>\n<li><a href=\"https:\/\/news.google.com\/rss\/articles\/CBMirwFBVV95cUxOYmZfZnZxQU1ocjFSM0lDM1ozQjIxUU5ZemNGemliNDdDXzRwQXFWU3ZvTmRwd2FrLTJfYzU0X0ZDZHZvMnVENGxWaHNpX2k5ZGVnTVdPb291M25QZWdtV0VNNXQxTlUxUlY3bU1KcDdrNmJhMHhjNGdheG1hVm5wdWpWOVNxR211ZGNyem5oaEUwVFQ1MHpaYWFySTR1QkM0dVJKRzVRU0VnY29WN2pF?oc=5\" target=\"_blank\" rel=\"nofollow noopener\">Rosja. Kamczatka. Najwi\u0119cej \u015bniegu od ponad 30 lat. Dwie osoby nie \u017cyj\u0105 | TVN Meteo<\/a>&nbsp;&nbsp;TVN24<\/li>\n<li><a href=\"https:\/\/news.google.com\/rss\/articles\/CBMiswFBVV95cUxQQ0VSVjZLcEV3SmRKd0dSRWNDbmZReFVfRWlXN0ZGMTg1U3ppUkhvM1hwVThYdnNZbjJ5WWdibWR1eG05Vmc5cXdoUF9FMno0OV9nYUNXTnVNODFmaF84M2oxSGpUamZ4Tk1vR1JIMnFJamJEWmczRDhFQ2dXb0N2Ylh2TFVMelpWLV9PWklqSEVDS3NGVkNMdGNCTk9VV3ZKTnhQYkhfdE5rc2hndENsSW02TQ?oc=5\" target=\"_blank\" rel=\"nofollow noopener\">Takiego \u015bniegu nie by\u0142o na Kamczatce od 146 lat. Wprowadzono stan wyj\u0105tkowy<\/a>&nbsp;&nbsp;Rzeczpospolita<\/li>\n<li><a href=\"https:\/\/news.google.com\/rss\/articles\/CBMivwFBVV95cUxQMlVIRU52clhFWDFuOVVfaEhkOWdBQ0ZWUzhnWmtwaV9ZZ21XVFg4cWUyVXZ4UWxSWWRzNV80NS05V0xiNHhRUXU4REhqa01fTW1GbFRMSG9xdXlkOFNVV1NFQ2xOLXVCbzk1cld2NTdibDhjTHZia2NOUTdiaWJiV0QzVE5xUGVTalNDaUVjZ0RSM1lJZ0hZbmFTRU9jQ3pMMndTTFVzYThqYlA1aFlCQ3FSUlVzNDVuc0RqOGpUQQ?oc=5\" target=\"_blank\" rel=\"nofollow noopener\">Skacz\u0105 z okien, \u017ceby i\u015b\u0107 na zakupy. Ekstremalne warunki w rosyjskim regionie<\/a>&nbsp;&nbsp;PolsatNews.pl<\/li>\n<\/ol>\n","protected":false},"excerpt":{"rendered":"Czego\u015b takiego nie by\u0142o od 30 lat. Kamczatka pod czterometrow\u0105 warstw\u0105 \u015bniegu [WIDEO]&nbsp;&nbsp;Onet Ekstremalne warunki na Kamczatce. Skacz\u0105&hellip;\n","protected":false},"author":2,"featured_media":210787,"comment_status":"","ping_status":"","sticky":false,"template":"","format":"standard","meta":{"footnotes":""},"categories":[14],"tags":[32,33,470,27,67,34,35,28,31,53,25,52,68,51,55,78,40,41,62,47,7312,591,80,29,30,50,26,82,83,84,7441],"class_list":{"0":"post-211057","1":"post","2":"type-post","3":"status-publish","4":"format-standard","5":"has-post-thumbnail","7":"category-swiat","8":"tag-breaking-news","9":"tag-breakingnews","10":"tag-educate_me","11":"tag-headlines","12":"tag-intextvideo_splayer","13":"tag-latest-news","14":"tag-latestnews","15":"tag-naglowki","16":"tag-najwazniejsze-artykuly","17":"tag-new_header","18":"tag-news","19":"tag-onet3","20":"tag-onet3d","21":"tag-onet3d_2i","22":"tag-phx","23":"tag-pogoda","24":"tag-polish","25":"tag-polski","26":"tag-rosja_kraj_rosjanin_rosjanie_rosjanka_rosjanki","27":"tag-screening_general","28":"tag-snieg","29":"tag-srodowisko","30":"tag-swiat","31":"tag-top-stories","32":"tag-topstories","33":"tag-v2021","34":"tag-wiadomosci","35":"tag-world","36":"tag-world-news","37":"tag-worldnews","38":"tag-zima"},"share_on_mastodon":{"url":"https:\/\/pubeurope.com\/@pl\/115912381816479471","error":""},"_links":{"self":[{"href":"https:\/\/www.europesays.com\/pl\/wp-json\/wp\/v2\/posts\/211057","targetHints":{"allow":["GET"]}}],"collection":[{"href":"https:\/\/www.europesays.com\/pl\/wp-json\/wp\/v2\/posts"}],"about":[{"href":"https:\/\/www.europesays.com\/pl\/wp-json\/wp\/v2\/types\/post"}],"author":[{"embeddable":true,"href":"https:\/\/www.europesays.com\/pl\/wp-json\/wp\/v2\/users\/2"}],"replies":[{"embeddable":true,"href":"https:\/\/www.europesays.com\/pl\/wp-json\/wp\/v2\/comments?post=211057"}],"version-history":[{"count":0,"href":"https:\/\/www.europesays.com\/pl\/wp-json\/wp\/v2\/posts\/211057\/revisions"}],"wp:featuredmedia":[{"embeddable":true,"href":"https:\/\/www.europesays.com\/pl\/wp-json\/wp\/v2\/media\/210787"}],"wp:attachment":[{"href":"https:\/\/www.europesays.com\/pl\/wp-json\/wp\/v2\/media?parent=211057"}],"wp:term":[{"taxonomy":"category","embeddable":true,"href":"https:\/\/www.europesays.com\/pl\/wp-json\/wp\/v2\/categories?post=211057"},{"taxonomy":"post_tag","embeddable":true,"href":"https:\/\/www.europesays.com\/pl\/wp-json\/wp\/v2\/tags?post=211057"}],"curies":[{"name":"wp","href":"https:\/\/api.w.org\/{rel}","templated":true}]}}