{"id":211192,"date":"2026-01-17T22:58:08","date_gmt":"2026-01-17T22:58:08","guid":{"rendered":"https:\/\/www.europesays.com\/pl\/211192\/"},"modified":"2026-01-17T22:58:08","modified_gmt":"2026-01-17T22:58:08","slug":"europejskie-nagrody-filmowe-2026-rozdane-wsrod-nagrodzonych-polka","status":"publish","type":"post","link":"https:\/\/www.europesays.com\/pl\/211192\/","title":{"rendered":"Europejskie Nagrody Filmowe 2026 rozdane. W\u015br\u00f3d nagrodzonych Polka"},"content":{"rendered":"<p class=\"Paragraph_desktopParagraph__U31Gm\">Europejskie Nagrody Filmowe, nazywane &#8222;europejskimi Oscarami&#8221; rozdane. Najwi\u0119cej wyr\u00f3\u017cnie\u0144 trafi\u0142o do &#8222;Warto\u015bci Sentymentalnej&#8221; w re\u017cyserii Joachima Triera oraz filmu &#8222;Sir\u0101t&#8221;, kt\u00f3ry zosta\u0142 wyre\u017cyserowany przez Oliviera Laxe&#8217;a.<\/p>\n<p class=\"Paragraph_desktopParagraph__U31Gm\">Joachim Trier odebra\u0142 w sobot\u0119 wieczorem Europejsk\u0105 Nagrod\u0119 Filmow\u0105 za re\u017cyseri\u0119 &#8222;Warto\u015bci sentymentalnej&#8221;. <a href=\"https:\/\/www.onet.pl\/film\/onetfilm\/oklaskom-nie-bylo-konca-to-jeden-z-najbardziej-wyczekiwanych-tytulow\/j4hej35,681c1dfa\" id=\"906a3f2e-9dd1-4fc7-997d-69c21d83257f\" rel=\"nofollow noopener\" target=\"_blank\">Dzie\u0142o zosta\u0142o tak\u017ce okrzykni\u0119te najlepszym filmem.<\/a> Ponadto zosta\u0142o nagrodzone r\u00f3wnie\u017c za najlepsz\u0105 re\u017cyseri\u0119 oraz najlepszy scenariusz.<\/p>\n<p><img decoding=\"async\" class=\"Image_image__0tuHp Image_autoHeight__f2n87 \" height=\"587\" width=\"880\" src=\"https:\/\/www.europesays.com\/pl\/wp-content\/uploads\/2026\/01\/RFWk9kpTURBXy9jZTEzNjA3YWE4NDlkODhhNGIyMDUxNGI0NzY2ZGVkNS5qcGeSlQLNA6wAwsOVAgDNAkvCw94AA6EwAaExAaEzw.jpeg\" alt=\"Eskil Vogt i Joachim Trier uhonorowani w kategorii &quot;Scenarzysta europejski&quot; podczas 38. Europejskich Nagr\u00f3d Filmowych\" loading=\"lazy\" \/>Christoph Soeder \/ PAP<\/p>\n<p>Eskil Vogt i Joachim Trier uhonorowani w kategorii &#8222;Scenarzysta europejski&#8221; podczas 38. Europejskich Nagr\u00f3d Filmowych<\/p>\n<p class=\"Paragraph_desktopParagraph__U31Gm\">Nagrody trafi\u0142y tak\u017ce do Renate Reinsve oraz Stellan&#8217;a Skarsgarda, kt\u00f3rzy zostali okrzykni\u0119ci najlepsz\u0105 aktork\u0105 i aktorem Starego Kontynentu za role w &#8222;Warto\u015bci sentymentalnej&#8221;.<\/p>\n<p>&#8222;Europejskie Oscary&#8221; 2026 rozdane <\/p>\n<p class=\"Paragraph_desktopParagraph__U31Gm\">Wcze\u015bniej za osi\u0105gni\u0119cia \u017cycia uhonorowano norwesk\u0105 aktork\u0119, re\u017cyserk\u0119 i scenarzystk\u0119 Liv Ullmann. Wielokrotnie wyst\u0119powa\u0142a w filmach Ingmara Bergmana, w tym w &#8222;Personie&#8221; (1966), &#8222;Ha\u0144bie&#8221; (1968), &#8222;Szeptach i krzykach&#8221; (1972), &#8222;Scenach z \u017cycia ma\u0142\u017ce\u0144skiego&#8221; (1973) oraz &#8222;Twarz\u0105 w twarz&#8221; (1976), kt\u00f3ry przyni\u00f3s\u0142 jej nominacj\u0119 do Oscara. Ullmann kolejn\u0105 nominacj\u0119 do presti\u017cowej nagrody otrzyma\u0142a za kreacj\u0119 w filmie &#8222;Emigranci&#8221; Jana Troella.<\/p>\n<p class=\"VideoPlayerText_videoPlayerText__iDwyz\">Dalszy ci\u0105g materia\u0142u pod wideo<\/p>\n<p class=\"Paragraph_desktopParagraph__U31Gm\">Aktorka wsp\u00f3\u0142pracowa\u0142a r\u00f3wnie\u017c z gronem innych re\u017cyser\u00f3w, m.in z Anthony&#8217;m Harvey&#8217;em, Mario Monicellim oraz z Fonsem Rademakersem. Jako re\u017cyserka zrealizowa\u0142a takie filmy jak &#8222;Sofie&#8221; (1992), &#8222;Krystyna, c\u00f3rka Lavransa&#8221; (1995) oraz &#8222;Panna Julia&#8221; (2014). W 2000 r. wyre\u017cyserowa\u0142a film &#8222;Wiaro\u0142omni&#8221; wed\u0142ug scenariusza Bergmana. Ullmann w 2022 r. zosta\u0142a laureatk\u0105 honorowego Oscara za ca\u0142okszta\u0142t tw\u00f3rczo\u015bci.<\/p>\n<ul class=\"OchatFollowUps_wrapper__1ry7X\">\n<li class=\"OchatFollowUps_item__Dhyly OchatFollowUps_itemDesktop__R6aBv\">Jakie filmy zdoby\u0142y nagrody na Europejskich Nagrodach Filmowych 2026?<\/li>\n<li class=\"OchatFollowUps_item__Dhyly OchatFollowUps_itemDesktop__R6aBv\">Kto jest re\u017cyserem filmu 'Warto\u015b\u0107 Sentymentalna&#8217;?<\/li>\n<li class=\"OchatFollowUps_item__Dhyly OchatFollowUps_itemDesktop__R6aBv\">Kto odebra\u0142 nagrod\u0119 za najlepsz\u0105 aktork\u0119?<\/li>\n<li class=\"OchatFollowUps_item__Dhyly OchatFollowUps_itemDesktop__R6aBv\">Jaka nagroda zosta\u0142a przyznana Hanii Rani?<\/li>\n<\/ul>\n<p class=\"Paragraph_desktopParagraph__U31Gm\">Statuetk\u0119 za europejski wk\u0142ad w \u015bwiatowe kino odebra\u0142a w\u0142oska re\u017cyserka i scenarzystka Alice Rohrwacher. W swojej karierze stworzy\u0142a takie filmy jak &#8222;La Chimera&#8221; (2023), &#8222;Uczniaki&#8221; (2022), &#8222;Quattro strade&#8221; (2020) oraz &#8222;Szcz\u0119\u015bliwy Lazzaro&#8221; (2018), za kt\u00f3ry zosta\u0142a laureatk\u0105 Z\u0142otej Palmy za najlepszy scenariusz.<\/p>\n<p class=\"Paragraph_desktopParagraph__U31Gm\">W kategorii europejski film kr\u00f3tkometra\u017cowy zwyci\u0119\u017cy\u0142 &#8222;City of Poets&#8221; Sary Rajaei. Najlepsz\u0105 animacj\u0105 okaza\u0142 si\u0119 &#8222;Arco&#8221; w re\u017cyserii Ugo Bienvenu, a dokumentem &#8222;Fiume o morte!&#8221; Igora Bezinovi\u0107a.<\/p>\n<p class=\"Paragraph_desktopParagraph__U31Gm\">Tymczasem <a href=\"https:\/\/kultura.onet.pl\/wiadomosci\/polka-hania-rani-z-europejska-nagroda-filmowa-za-muzyke-do-wartosci-sentymentalnej\/p6270x8\" id=\"db609644-8d05-4237-ae01-5cd2d86adfea\" rel=\"nofollow noopener\" target=\"_blank\">statuetk\u0119 za oryginaln\u0105 \u015bcie\u017ck\u0119 d\u017awi\u0119kow\u0105 otrzyma\u0142a polska pianistka i kompozytorka Hania Rani za muzyk\u0119 do &#8222;Warto\u015bci sentymentalnej&#8221;<\/a>.<\/p>\n<p><img decoding=\"async\" class=\"Image_image__0tuHp Image_autoHeight__f2n87 \" height=\"587\" width=\"864\" src=\"https:\/\/www.europesays.com\/pl\/wp-content\/uploads\/2026\/01\/3jWk9kpTURBXy8yNmZmZTU3MWI1ZTk4NWFmYzM2YTU4YTU0M2ZkMmYwZi5qcGeSlQLNA6wAwsOVAgDNAkvCw94AA6EwAaExAaEzw.jpeg\" alt=\"Hania Rani z Europejsk\u0105 Nagrod\u0105 Filmow\u0105 2026\" loading=\"lazy\" \/>RALF HIRSCHBERGER\/AFP\/East News \/ East News<\/p>\n<p>Hania Rani z Europejsk\u0105 Nagrod\u0105 Filmow\u0105 2026<\/p>\n<p>Pe\u0142na lista nagrodzonych Europejsk\u0105 Nagrod\u0105 Filmow\u0105 2026 r.: <\/p>\n<ul class=\"UnorderedList_container__nmfSl\">\n<li class=\"UnorderedList_listElement__Py7xi UnorderedList_listElementDefault__oEOOV\"><a href=\"https:\/\/kultura.onet.pl\/film\/wiadomosci\/znany-rezyser-odrzucil-pieniadze-z-hollywood-moralna-odpowiedzialnosc\/7lqdwwz\" rel=\"nofollow noopener\" target=\"_blank\">Europejski Film: &#8222;Warto\u015b\u0107 sentymentalna&#8221; w re\u017cyserii Joachima Triera<\/a><\/li>\n<li class=\"UnorderedList_listElement__Py7xi UnorderedList_listElementDefault__oEOOV\">Film Dokumentalny: &#8222;Fiume o morte!&#8221; w re\u017cyserii Igora Bezinovica<\/li>\n<li class=\"UnorderedList_listElement__Py7xi UnorderedList_listElementDefault__oEOOV\">Film Animowany: &#8222;Arco&#8221;<\/li>\n<li class=\"UnorderedList_listElement__Py7xi UnorderedList_listElementDefault__oEOOV\">Film Kr\u00f3tkometra\u017cowy: &#8222;City of Poets&#8221; w re\u017cyserii Sary Rajaei<\/li>\n<li class=\"UnorderedList_listElement__Py7xi UnorderedList_listElementDefault__oEOOV\">Re\u017cyser\/Re\u017cyserka: Joachim Trier, kt\u00f3ry wyre\u017cyserowa\u0142 &#8222;Warto\u015b\u0107 Sentymentaln\u0105&#8221;<\/li>\n<li class=\"UnorderedList_listElement__Py7xi UnorderedList_listElementDefault__oEOOV\">Aktorka: Renate Reinsve &#8222;Warto\u015b\u0107 sentymentalna&#8221;<\/li>\n<li class=\"UnorderedList_listElement__Py7xi UnorderedList_listElementDefault__oEOOV\">Aktor: Stellan Skarsgard &#8222;Warto\u015b\u0107 sentymentalna&#8221;<\/li>\n<li class=\"UnorderedList_listElement__Py7xi UnorderedList_listElementDefault__oEOOV\">Scenarzysta\/Scenarzystka\/Scenarzy\u015bci: Eskil Vogt i Joachim Trier &#8222;Warto\u015b\u0107 sentymentalna&#8221;<\/li>\n<li class=\"UnorderedList_listElement__Py7xi UnorderedList_listElementDefault__oEOOV\">Re\u017cyser Obsady\/Re\u017cyserka Obsady\/Re\u017cyserowie Obsady: Nadia Acimi, Lu\u00eds B\u00e9rtolo, Mar\u00eda Rodrigo &#8222;Sir\u0101t&#8221;<\/li>\n<li class=\"UnorderedList_listElement__Py7xi UnorderedList_listElementDefault__oEOOV\">Zdj\u0119cia: Mauro Herce &#8222;Sir\u0101t&#8221;\u00a0<\/li>\n<li class=\"UnorderedList_listElement__Py7xi UnorderedList_listElementDefault__oEOOV\">Monta\u017c: Crist\u00f3bal Fern\u00e1ndez &#8222;Sir\u0101t&#8221;<\/li>\n<li class=\"UnorderedList_listElement__Py7xi UnorderedList_listElementDefault__oEOOV\">Scenografia: Laia Ateca &#8222;Sir\u0101t&#8221;<\/li>\n<li class=\"UnorderedList_listElement__Py7xi UnorderedList_listElementDefault__oEOOV\">Kostiumy: Sabrina Kr\u00e4mer &#8222;Wpatruj\u0105c si\u0119 w s\u0142o\u0144ce&#8221;<\/li>\n<li class=\"UnorderedList_listElement__Py7xi UnorderedList_listElementDefault__oEOOV\">Charakteryzacja: Torsten Witte &#8222;Bugonia&#8221;<\/li>\n<li class=\"UnorderedList_listElement__Py7xi UnorderedList_listElementDefault__oEOOV\">Muzyka: Hania Rani &#8222;Warto\u015b\u0107 sentymentalna&#8221;\u00a0<\/li>\n<li class=\"UnorderedList_listElement__Py7xi UnorderedList_listElementDefault__oEOOV\">D\u017awi\u0119k: Laia Casanovas &#8222;Sir\u0101t&#8221;<\/li>\n<li class=\"UnorderedList_listElement__Py7xi UnorderedList_listElementDefault__oEOOV\">Europejskie Odkrycie (Nagroda FIPRESCI): &#8222;On Falling&#8221; w re\u017cyserii Laury Carreir<\/li>\n<li class=\"UnorderedList_listElement__Py7xi UnorderedList_listElementDefault__oEOOV\">Europejska Nagroda M\u0142odej Publiczno\u015bci: &#8222;La vita da grandi&#8221; w re\u017cyserii Grety Scarano.<\/li>\n<\/ul>\n<p class=\"Paragraph_desktopParagraph__U31Gm\">Europejskie Nagrody Filmowe (European Film Awards \u2014 EFA) to odpowiednik <a href=\"https:\/\/kultura.onet.pl\/oscary-nagroda-filmowa-oskary\" id=\"2665dcab-af4b-4ddb-88ce-644fcd9a91e3\" rel=\"nofollow noopener\" target=\"_blank\">ameryka\u0144skich Oscar\u00f3w<\/a>, najwa\u017cniejsze wyr\u00f3\u017cnienie na Starym Kontynencie, przyznawane przez filmowc\u00f3w zrzeszonych w Europejskiej Akademii Filmowej. Zosta\u0142y wr\u0119czone po raz pierwszy w 1988 r. Statuetk\u0119 za najlepszy film otrzyma\u0142 w\u00f3wczas Krzysztof Kie\u015blowski za &#8222;Kr\u00f3tki film o zabijaniu&#8221;. W ubieg\u0142ym roku nagroda w g\u0142\u00f3wnej kategorii przypad\u0142a &#8222;Emilii P\u00e9rez&#8221; Jacquesa Audiarda.<\/p>\n","protected":false},"excerpt":{"rendered":"Europejskie Nagrody Filmowe, nazywane &#8222;europejskimi Oscarami&#8221; rozdane. Najwi\u0119cej wyr\u00f3\u017cnie\u0144 trafi\u0142o do &#8222;Warto\u015bci Sentymentalnej&#8221; w re\u017cyserii Joachima Triera oraz&hellip;\n","protected":false},"author":2,"featured_media":211193,"comment_status":"","ping_status":"","sticky":false,"template":"","format":"standard","meta":{"footnotes":""},"categories":[22],"tags":[122,808,67,40078,261,2105,53,52,68,51,55,42,38,40,39,41,123,47,65,50],"class_list":{"0":"post-211192","1":"post","2":"type-post","3":"status-publish","4":"format-standard","5":"has-post-thumbnail","7":"category-rozrywka","8":"tag-entertainment","9":"tag-film_filmy_kino_kinematografia_aktorka_aktor_aktorzy_aktorki_rezyserzy","10":"tag-intextvideo_splayer","11":"tag-joachim_trier_rezyser_scenarzysta","12":"tag-kultura","13":"tag-nagrody","14":"tag-new_header","15":"tag-onet3","16":"tag-onet3d","17":"tag-onet3d_2i","18":"tag-phx","19":"tag-pl","20":"tag-poland","21":"tag-polish","22":"tag-polska","23":"tag-polski","24":"tag-rozrywka","25":"tag-screening_general","26":"tag-update_me","27":"tag-v2021"},"share_on_mastodon":{"url":"https:\/\/pubeurope.com\/@pl\/115912920431015991","error":""},"_links":{"self":[{"href":"https:\/\/www.europesays.com\/pl\/wp-json\/wp\/v2\/posts\/211192","targetHints":{"allow":["GET"]}}],"collection":[{"href":"https:\/\/www.europesays.com\/pl\/wp-json\/wp\/v2\/posts"}],"about":[{"href":"https:\/\/www.europesays.com\/pl\/wp-json\/wp\/v2\/types\/post"}],"author":[{"embeddable":true,"href":"https:\/\/www.europesays.com\/pl\/wp-json\/wp\/v2\/users\/2"}],"replies":[{"embeddable":true,"href":"https:\/\/www.europesays.com\/pl\/wp-json\/wp\/v2\/comments?post=211192"}],"version-history":[{"count":0,"href":"https:\/\/www.europesays.com\/pl\/wp-json\/wp\/v2\/posts\/211192\/revisions"}],"wp:featuredmedia":[{"embeddable":true,"href":"https:\/\/www.europesays.com\/pl\/wp-json\/wp\/v2\/media\/211193"}],"wp:attachment":[{"href":"https:\/\/www.europesays.com\/pl\/wp-json\/wp\/v2\/media?parent=211192"}],"wp:term":[{"taxonomy":"category","embeddable":true,"href":"https:\/\/www.europesays.com\/pl\/wp-json\/wp\/v2\/categories?post=211192"},{"taxonomy":"post_tag","embeddable":true,"href":"https:\/\/www.europesays.com\/pl\/wp-json\/wp\/v2\/tags?post=211192"}],"curies":[{"name":"wp","href":"https:\/\/api.w.org\/{rel}","templated":true}]}}