{"id":211238,"date":"2026-01-17T23:45:17","date_gmt":"2026-01-17T23:45:17","guid":{"rendered":"https:\/\/www.europesays.com\/pl\/211238\/"},"modified":"2026-01-17T23:45:17","modified_gmt":"2026-01-17T23:45:17","slug":"spelnil-polski-sen-i-ruszyl-do-moskwy-oto-co-dzis-robi-krol-kielc","status":"publish","type":"post","link":"https:\/\/www.europesays.com\/pl\/211238\/","title":{"rendered":"Spe\u0142ni\u0142 &#8222;polski sen&#8221; i ruszy\u0142 do Moskwy. Oto co dzi\u015b robi &#8222;kr\u00f3l Kielc&#8221;"},"content":{"rendered":"<p class=\"Paragraph_desktopParagraph__Fd2e9\">20 lat temu zosta\u0142 sensacyjnym kr\u00f3lem strzelc\u00f3w Ekstraklasy, by\u0142 mocnym kandydatem do wyst\u0119pu na mundialu, do teledysku zaprosi\u0142a go \u00f3wczesna \u017cona Micha\u0142a Wi\u015bniewskiego &#8222;Mandaryna&#8221;. Co prawda na zaproszeniu si\u0119 sko\u0144czy\u0142o, ale i tak by\u0142 na j\u0119zykach w ca\u0142ej Polsce. Dzi\u015b taka historia jest nie do powt\u00f3rzenia. Dlaczego?<\/p>\n<p class=\"VideoPlayerText_videoPlayerText__zrtJk\">Dalszy ci\u0105g materia\u0142u pod wideo<\/p>\n<p class=\"Paragraph_desktopParagraph__Fd2e9\">Ot\u00f3\u017c pr\u0119dzej dowiemy si\u0119 o utalentowanym 10-latku, ni\u017c znik\u0105d pojawi si\u0119 pi\u0142karz 26-letni, kt\u00f3ry zrobi furor\u0119 w ka\u017cdej lidze, w jakiej zagra, jednocze\u015bnie pracuj\u0105c na sk\u0142adzie w\u0119gla i w masarni, a w ko\u0144cu zostanie wytransferowany do Moskwy, byle tylko nie odda\u0107 go do Legii. Zreszt\u0105 z tr\u00f3jki dzieci Grzegorza Piechny to najm\u0142odsze, syn Antoni, ma w\u0142a\u015bnie 10 lat i gra w akademii Widzewa \u0141\u00f3d\u017a. Je\u015bli dalej b\u0119dzie gra\u0142 \u2013 i, jako \u017ce jest napastnikiem, strzela\u0142 \u2013 cho\u0107by przez nazwisko szybko o nim us\u0142yszymy i powy\u017cszy argument sam si\u0119 obroni.<\/p>\n<p class=\"Paragraph_desktopParagraph__Fd2e9\">Teraz ojciec broni syna przed wod\u0105 sodow\u0105. Jemu samemu nigdy nie uderzy\u0142a do g\u0142owy. To kolejna historia nie do powt\u00f3rzenia: w jakim klubie Ekstraklasy zgodziliby si\u0119 dzi\u015b, by pi\u0142karz dorabia\u0142 na sk\u0142adzie w\u0119gla? Co wi\u0119cej, dzi\u015b, maj\u0105c przed sob\u0105 50. urodziny, nasz rozm\u00f3wca dalej pracuje w firmie te\u015bciowej, rozwo\u017c\u0105c opa\u0142. Jakby ca\u0142a jego kariera by\u0142a jedynie opowiastk\u0105, a nie czym\u015b, co zmienia \u017cycie.<\/p>\n<p class=\"Paragraph_desktopParagraph__Fd2e9\">Rados\u0142aw Sendra: Polsk\u0119 zasypa\u0142o. Dzie\u0144 w pracy by\u0142 przez to ci\u0119\u017cszy?<\/p>\n<p class=\"Paragraph_desktopParagraph__Fd2e9\">Grzegorz Piechna: Tak&#8230; O sz\u00f3stej pobudka, najpierw trzeba by\u0142o ca\u0142y plac od\u015bnie\u017cy\u0107, wywie\u017a\u0107 \u015bnieg i dopiero wtedy mo\u017cna by\u0142o w\u0119giel rozwozi\u0107. Jak nie by\u0142o mrozu, \u015bniegu, to opa\u0142 mniej schodzi\u0142. Ale jak jest minus 10, jest ci\u0119\u017cej. Do Zielonego \u0141adu jest jeszcze daleka droga.<\/p>\n<p class=\"Paragraph_desktopParagraph__Fd2e9\">A pana droga to rozwo\u017cenie w\u0119gla w firmie te\u015bciowej a\u017c do emerytury?<\/p>\n<p class=\"Paragraph_desktopParagraph__Fd2e9\">Zobaczymy, czy wytrzymamy z tym w\u0119glem a\u017c do emerytury.<\/p>\n<p><img decoding=\"async\" src=\"https:\/\/www.europesays.com\/pl\/wp-content\/uploads\/2026\/01\/grzegorz-piechna-w-pracy.jpg\" alt=\"Grzegorz Piechna w pracy\" width=\"944\" height=\"629\" loading=\"lazy\" class=\"\" \/>Grzegorz Piechna w pracy (Foto: Grzegorz Micha\u0142owski \/ newspix.pl)<\/p>\n<p class=\"Paragraph_desktopParagraph__Fd2e9\">Je\u017celi nie, gdzie spotkamy Grzegorza Piechn\u0119?<\/p>\n<p class=\"Paragraph_desktopParagraph__Fd2e9\">Dalej jestem w dobrych stosunkach z panem Zdzis\u0142awem Wojciechowskim, u kt\u00f3rego pracowa\u0142em w masarni. My\u015bl\u0119, \u017ce jeszcze znalaz\u0142oby si\u0119 tam miejsce dla mnie. Szanuj\u0119 ludzi, kt\u00f3rzy mi pomogli. On mnie przyj\u0105\u0142 jako m\u0142odego cz\u0142owieka do pracy i ja si\u0119 odwdzi\u0119czy\u0142em.<\/p>\n<p>\u017bona powiedzia\u0142a: kiedy\u015b ci\u0119 wyrzuc\u0119<\/p>\n<p class=\"Paragraph_desktopParagraph__Fd2e9\">Jak w klubach reagowali na prac\u0119 w sk\u0142adzie w\u0119gla i masarni obok trening\u00f3w, mecz\u00f3w, wyjazd\u00f3w?<\/p>\n<p class=\"Paragraph_desktopParagraph__Fd2e9\">W poniedzia\u0142ek dostawali\u015bmy wolne po wygranym meczu, to wstawa\u0142em i pracowa\u0142em na sk\u0142adzie. \u017badnej pracy si\u0119 nie ba\u0142em. Nie by\u0142o ze mn\u0105 problem\u00f3w, si\u0142owo nie odstawa\u0142em, wi\u0119c w klubach nic nie m\u00f3wili.<\/p>\n<p class=\"Paragraph_desktopParagraph__Fd2e9\">Rodzina, widz\u0105c, jak mo\u017ce wygl\u0105da\u0107 \u017cycie pi\u0142karskiej gwiazdy po karierze, nie wspomina nigdy o tym, \u017ce m\u00f3g\u0142by pan chodzi\u0107 po studiach telewizyjnych, trenowa\u0107, kierowa\u0107 zespo\u0142em, dalej by\u0107 przy pi\u0142ce?<\/p>\n<p class=\"Paragraph_desktopParagraph__Fd2e9\">Mnie do tego nie ci\u0105gnie. Mo\u017ce jak dorosn\u0119! Teraz wol\u0119 pracowa\u0107, a nie by\u0107 celebryt\u0105. Nie rajcuje mnie to i nawet nie rozmawiamy w domu na takie tematy. Pojawiaj\u0105 si\u0119 oferty, odmawiam. S\u0105 ludzie stworzeni do TV, s\u0105 ludzie stworzeni do pracy.<\/p>\n<p class=\"Paragraph_desktopParagraph__Fd2e9\">Pana \u017conie jest dzisiaj lepiej bez takiej popularno\u015bci? Kamery by\u0142y nawet pod szpitalem, gdzie rodzi\u0142a najstarszego syna.<\/p>\n<p class=\"Paragraph_desktopParagraph__Fd2e9\">I to zacz\u0119\u0142o j\u0105 denerwowa\u0107.<\/p>\n<blockquote>\n<p class=\"Paragraph_desktopParagraph__Fd2e9\">Powiedzia\u0142a do mnie: kiedy\u015b ci\u0119 wyrzuc\u0119. A jak przyjedziesz po meczu i b\u0119d\u0105 dzwoni\u0107 dziennikarze, to wyrzuc\u0119 ci telefon.<\/p>\n<\/blockquote>\n<p class=\"Paragraph_desktopParagraph__Fd2e9\">Najm\u0142odszy syn gra, a co robi\u0105 dzi\u015b starsze dzieci?<\/p>\n<p class=\"Paragraph_desktopParagraph__Fd2e9\">Maks studiuje na Akademii Wojskowej Sztuki Wojennej w Warszawie, Amelia na Akademii Wojsk L\u0105dowych we Wroc\u0142awiu. A Antek gra w Widzewie.<\/p>\n<p class=\"Paragraph_desktopParagraph__Fd2e9\">Jak zamierza pan go uchroni\u0107 od sod\u00f3wy? Dzisiejsza pi\u0142ka jest ni\u0105 bardziej obarczona.<\/p>\n<p class=\"Paragraph_desktopParagraph__Fd2e9\">Jak b\u0119dzie normalnym cz\u0142owiekiem, tak jak jego ojciec, kt\u00f3ry nie pozwoli\u0142 sob\u0105 manewrowa\u0107, prowadza\u0107 si\u0119 po salonach, to b\u0119dzie dobrze.<\/p>\n<p class=\"Paragraph_desktopParagraph__Fd2e9\">To w og\u00f3le jest mo\u017cliwe? Ma 10 lat. Je\u015bli b\u0119dzie gra\u0107, ju\u017c niebawem zacznie czyta\u0107 o sobie w sieci. Cho\u0107by przez nazwisko.<\/p>\n<p class=\"Paragraph_desktopParagraph__Fd2e9\">Ja nie m\u00f3wi\u0119, \u017ce nie mo\u017ce mu odbi\u0107, bo wiadomo, jaka jest teraz m\u0142odzie\u017c. Telefony, internet&#8230; Jak b\u0119dzie pi\u0142karsko dobrze wygl\u0105da\u0142, to sobie da rad\u0119, ale jak b\u0119d\u0105 go ci\u0105gn\u0119li za uszy, b\u0119dzie niedobrze. Mened\u017cerowie czuj\u0105 pieni\u0105dz i kombinuj\u0105, du\u017co mieszaj\u0105 i obiecuj\u0105 m\u0142odym ludziom. Jak si\u0119 pojawia jaka\u015b pere\u0142ka, to j\u0105 od razu za granic\u0119. Nie t\u0119dy droga, bo najpierw trzeba si\u0119 ogra\u0107, pokaza\u0107 z dobrej strony. Rok czy p\u00f3\u0142tora w Ekstraklasie i wtedy mo\u017cna dopiero my\u015ble\u0107 o wyje\u017adzie.<\/p>\n<p class=\"Paragraph_desktopParagraph__Fd2e9\">Przenie\u015bmy si\u0119 z \u0141odzi do Kielc. Ostatnio zosta\u0142 pan zaproszony przez Koron\u0119 na \u015bwi\u0119ta Bo\u017cego Narodzenia.<\/p>\n<p class=\"Paragraph_desktopParagraph__Fd2e9\">Teraz staram si\u0119 co roku by\u0107 na tych \u015bwi\u0119tach, naprawd\u0119 jest mi\u0142o. Fajnie, \u017ce pami\u0119taj\u0105.<\/p>\n<p class=\"Paragraph_desktopParagraph__Fd2e9\">Jeszcze ca\u0142kiem niedawno nie by\u0142o tak kolorowo. W 2017 r. przed meczem z Legi\u0105 m\u00f3wi\u0142 pan: &#8222;jak mog\u0119 uwa\u017ca\u0107, \u017ce w klubie mnie szanuj\u0105, skoro nie ma dla mnie miejsca na g\u0142\u00f3wnej trybunie? Wida\u0107 za ma\u0142o dla Korony zrobi\u0142em. Pewnie tytu\u0142 kr\u00f3la strzelc\u00f3w Ekstraklasy zdobyty w jej barwach si\u0119 nie liczy&#8221;. <\/p>\n<p class=\"Paragraph_desktopParagraph__Fd2e9\">Ju\u017c nie jest tak \u017ale. Z\u0142apa\u0142em si\u0119 z oldbojami Korony i za\u0142atwili karnet. Jak dzwoni\u0119, to jeszcze jakie\u015b dwa, trzy bilety mi za\u0142atwi\u0105.<\/p>\n<p class=\"Paragraph_desktopParagraph__Fd2e9\">O Legii za to m\u00f3wi\u0142 pan, \u017ce szanuje swoje legendy i jest pouk\u0142adana po europejsku.<\/p>\n<p class=\"Paragraph_desktopParagraph__Fd2e9\">Pozmienia\u0142o si\u0119. Kluby s\u0105 za bardzo rozpieszczane pieni\u0119dzmi, zawodnicy to samo. Za naszych czas\u00f3w nie by\u0142o takich kwot.<\/p>\n<blockquote>\n<p class=\"Paragraph_desktopParagraph__Fd2e9\">A tu przychodzi m\u0142ody zawodnik czy jaki\u015b odpad z zagranicy i dostaje 400 tys. euro na dzie\u0144 dobry. A my \u017ce\u015bmy wszyscy grali, ku**a, ca\u0142y sezon za takie pieni\u0105dze.<\/p>\n<\/blockquote>\n<p class=\"Paragraph_desktopParagraph__Fd2e9\">Natomiast Legia dalej jest pouk\u0142adanym klubem, tylko tam trzeba dobrej kierownicy.<\/p>\n<p class=\"Paragraph_desktopParagraph__Fd2e9\">Korona nie pu\u015bci\u0142a pana do Legii. Dzisiaj walczy\u0142by pan o to?<\/p>\n<p class=\"Paragraph_desktopParagraph__Fd2e9\">Za takie pieni\u0105dze jak teraz? Na pewno.<\/p>\n<p>Dla Paw\u0142a Janasa tylko jedno s\u0142owo<\/p>\n<p class=\"Paragraph_desktopParagraph__Fd2e9\">Sko\u0144czy\u0142o si\u0119 wyjazdem do Moskwy, ale zd\u0105\u017cy\u0142 pan zagra\u0107 w kadrze. Raz.<\/p>\n<p class=\"Paragraph_desktopParagraph__Fd2e9\">Z mojej perspektywy to zwyci\u0119stwo, ka\u017cdy marzy o tym, \u017ceby zagra\u0107 w reprezentacji Polski. Cho\u0107 liczy\u0142em na wi\u0119cej; jako kr\u00f3l strzelc\u00f3w Ekstraklasy nie pojecha\u0142em na mundial do Niemiec.<\/p>\n<p class=\"Paragraph_desktopParagraph__Fd2e9\">M\u00f3wi\u0142 pan w rozmowie z naszym dziennikarzem Darkiem Dobkiem, \u017ce <a href=\"https:\/\/przegladsportowy.onet.pl\/pilka-nozna\/reprezentacja-polski\/byly-reprezentant-wyjawia-po-latach-trzeba-bylo-miec-dobry-uklad\/peqb4wh\" id=\"e93cd5f6-1337-481e-b4e0-9a53832f745d\" rel=\"nofollow noopener\" target=\"_blank\">z selekcjonerem Paw\u0142em Janasem trzeba by\u0142o mie\u0107 uk\u0142ad<\/a>. Pr\u00f3bowa\u0142 pan rozmawia\u0107 z nim p\u00f3\u017aniej twarz\u0105 w twarz?<\/p>\n<p class=\"Paragraph_desktopParagraph__Fd2e9\">Jak wr\u00f3ci\u0142em z Rosji, by\u0142 kierownikiem do spraw sportowych w Koronie. Pomy\u015bla\u0142em: no to pojad\u0119, mo\u017ce bym tam wr\u00f3ci\u0142, wtedy na 100 proc. bym tam zako\u0144czy\u0142 karier\u0119. Ale dyrektor Janas powiedzia\u0142 wtedy &#8222;nie&#8221;.<\/p>\n<p class=\"Paragraph_desktopParagraph__Fd2e9\">Kolejna zadra.<\/p>\n<p class=\"Paragraph_desktopParagraph__Fd2e9\">Tak.<\/p>\n<p class=\"Paragraph_desktopParagraph__Fd2e9\">Co by pan mu dzi\u015b powiedzia\u0142?<\/p>\n<p class=\"Paragraph_desktopParagraph__Fd2e9\">Tylko \u017ce mam \u017cal.<\/p>\n<p class=\"Paragraph_desktopParagraph__Fd2e9\">Ma pan kontakt z kadrowiczami po tym jedynym spotkaniu w reprezentacji z Estoni\u0105? Przy pana golu do\u015brodkowywa\u0142 Irek Jele\u0144. Strzelali w tym meczu Sebastian Mila, Mariusz Lewandowski. Mila wzi\u0105\u0142 pana na r\u0119ce. Od razu dopadli te\u017c Przemek Ka\u017amierczak, Marcin Adamski.<\/p>\n<p class=\"Paragraph_desktopParagraph__Fd2e9\">Mam, mam. \u017byczenia do dzi\u015b sobie sk\u0142adamy. Zreszt\u0105 ju\u017c wtedy powiedzieli, \u017ce mog\u0119 wiesza\u0107 buty na ko\u0142ku, bo wszystko osi\u0105gn\u0105\u0142em.<\/p>\n<p class=\"Paragraph_desktopParagraph__Fd2e9\">Zacytuj\u0119 komentarz przy tej bramce z TVP: &#8222;Wyobra\u017cam sobie te tytu\u0142y w prasie. Kr\u00f3l Kielc&#8221;. Ten sam zwrot pad\u0142 w piosence &#8222;Ligi duma, hej!&#8221;. Czuje si\u0119 pan tym kr\u00f3lem?<\/p>\n<p class=\"Paragraph_desktopParagraph__Fd2e9\">Tak. Trudno znale\u017a\u0107 zawodnika mojego pokroju, kt\u00f3ry zdoby\u0142 we wszystkich ligach, w kt\u00f3rych gra\u0142, tytu\u0142 kr\u00f3la strzelc\u00f3w. Moje marzenie to by\u0142a ju\u017c gra w trzeciej lidze. Fajny wiek, mia\u0142em ze 26 lat. Ju\u017c by\u0142em dumny z siebie. A potem Korona, kadra&#8230;<\/p>\n<p class=\"Paragraph_desktopParagraph__Fd2e9\">18 wrze\u015bnia stuknie panu 50. Co jeszcze zosta\u0142o panu do zrobienia do urodzin?<\/p>\n<p class=\"Paragraph_desktopParagraph__Fd2e9\">By\u0107 dobrym ojcem. \u017beby im sz\u0142o.<\/p>\n<p class=\"Paragraph_desktopParagraph__Fd2e9\">A \u017cyczenie na kolejne 50 lat?<\/p>\n<p class=\"Paragraph_desktopParagraph__Fd2e9\">Zdrowie, \u017ceby by\u0142o. Reszta jest.<\/p>\n<p class=\"Paragraph_desktopParagraph__Fd2e9\">I na koniec: kto musia\u0142by dzisiaj do pana zadzwoni\u0107, \u017ceby pan rzuci\u0142 w\u0119giel i wr\u00f3ci\u0142 do pi\u0142ki?<\/p>\n<p class=\"Paragraph_desktopParagraph__Fd2e9\">Chyba nie ma takiego. Nikt by si\u0119 nie odwa\u017cy\u0142.<\/p>\n","protected":false},"excerpt":{"rendered":"20 lat temu zosta\u0142 sensacyjnym kr\u00f3lem strzelc\u00f3w Ekstraklasy, by\u0142 mocnym kandydatem do wyst\u0119pu na mundialu, do teledysku zaprosi\u0142a&hellip;\n","protected":false},"author":2,"featured_media":211239,"comment_status":"","ping_status":"","sticky":false,"template":"","format":"standard","meta":{"footnotes":""},"categories":[5],"tags":[32,33,3106,274,304,36,37,40090,27,67,2910,34,35,2563,812,28,31,25,40091,42,38,40,39,41,136,128,47,135,29,30,26,3469],"class_list":{"0":"post-211238","1":"post","2":"type-post","3":"status-publish","4":"format-standard","5":"has-post-thumbnail","7":"category-naglowki","8":"tag-breaking-news","9":"tag-breakingnews","10":"tag-dzis_pisza_dla_was","11":"tag-ekstraklasa","12":"tag-eres","13":"tag-featured-news","14":"tag-featurednews","15":"tag-grzegorz_piechna","16":"tag-headlines","17":"tag-intextvideo_splayer","18":"tag-korona_kielce","19":"tag-latest-news","20":"tag-latestnews","21":"tag-legia_warszawa","22":"tag-moskwa","23":"tag-naglowki","24":"tag-najwazniejsze-artykuly","25":"tag-news","26":"tag-pawel_janas","27":"tag-pl","28":"tag-poland","29":"tag-polish","30":"tag-polska","31":"tag-polski","32":"tag-ps_detal_new","33":"tag-psv2","34":"tag-screening_general","35":"tag-sport_sport","36":"tag-top-stories","37":"tag-topstories","38":"tag-wiadomosci","39":"tag-widzew_lodz"},"share_on_mastodon":{"url":"https:\/\/pubeurope.com\/@pl\/115913105340948870","error":""},"_links":{"self":[{"href":"https:\/\/www.europesays.com\/pl\/wp-json\/wp\/v2\/posts\/211238","targetHints":{"allow":["GET"]}}],"collection":[{"href":"https:\/\/www.europesays.com\/pl\/wp-json\/wp\/v2\/posts"}],"about":[{"href":"https:\/\/www.europesays.com\/pl\/wp-json\/wp\/v2\/types\/post"}],"author":[{"embeddable":true,"href":"https:\/\/www.europesays.com\/pl\/wp-json\/wp\/v2\/users\/2"}],"replies":[{"embeddable":true,"href":"https:\/\/www.europesays.com\/pl\/wp-json\/wp\/v2\/comments?post=211238"}],"version-history":[{"count":0,"href":"https:\/\/www.europesays.com\/pl\/wp-json\/wp\/v2\/posts\/211238\/revisions"}],"wp:featuredmedia":[{"embeddable":true,"href":"https:\/\/www.europesays.com\/pl\/wp-json\/wp\/v2\/media\/211239"}],"wp:attachment":[{"href":"https:\/\/www.europesays.com\/pl\/wp-json\/wp\/v2\/media?parent=211238"}],"wp:term":[{"taxonomy":"category","embeddable":true,"href":"https:\/\/www.europesays.com\/pl\/wp-json\/wp\/v2\/categories?post=211238"},{"taxonomy":"post_tag","embeddable":true,"href":"https:\/\/www.europesays.com\/pl\/wp-json\/wp\/v2\/tags?post=211238"}],"curies":[{"name":"wp","href":"https:\/\/api.w.org\/{rel}","templated":true}]}}