{"id":211260,"date":"2026-01-18T00:09:12","date_gmt":"2026-01-18T00:09:12","guid":{"rendered":"https:\/\/www.europesays.com\/pl\/211260\/"},"modified":"2026-01-18T00:09:12","modified_gmt":"2026-01-18T00:09:12","slug":"karta-graficzna-nie-dziala-a-odkleil-pan-naklejke-ze-zlacza","status":"publish","type":"post","link":"https:\/\/www.europesays.com\/pl\/211260\/","title":{"rendered":"Karta graficzna nie dzia\u0142a. &#8222;A odklei\u0142 pan naklejk\u0119 ze z\u0142\u0105cza?&#8221;"},"content":{"rendered":"<p style=\"text-align:justify\">Jeden z posiadaczy RTX-a 5070 Ti zwr\u00f3ci\u0142 uwag\u0119 na nieprawid\u0142owo umieszczon\u0105 naklejk\u0119, kt\u00f3ra zas\u0142ania\u0142a cz\u0119\u015b\u0107 styk\u00f3w na z\u0142\u0105czu PCIe. Po jej usuni\u0119ciu crashe na pulpicie usta\u0142y, ale nie rozwi\u0105za\u0142o to wszystkich problem\u00f3w. Pytanie wi\u0119c czy tak umieszczona naklejka rzeczywi\u015bcie jest w stanie powodowa\u0107 b\u0142\u0119dy w dzia\u0142aniu karty graficznej.<\/p>\n<p style=\"text-align:justify\">Jeden z cz\u0142onk\u00f3w Reddita <a href=\"https:\/\/www.reddit.com\/r\/pcmasterrace\/comments\/1qe6lfw\/top_notch_work_pny\/\" rel=\"nofollow noopener\" target=\"_blank\">stworzy\u0142 w\u0105tek<\/a> dotycz\u0105cy swojej \u015bwie\u017co nabytej karty graficznej. Do swojego zestawu wybra\u0142 RTX-a 5070 Ti w niereferencyjnej wersji od PNY. Po zamontowaniu jej w slocie komputer zawiesza\u0142 si\u0119 i wyst\u0119powa\u0142y crashe. Program HHiNFO wskaza\u0142 b\u0142\u0119dy w dzia\u0142aniu PCIe. U\u017cytkownik wyj\u0105\u0142 zatem kart\u0119, by ponownie j\u0105 zamontowa\u0107. Dostrzeg\u0142 jednak nieprawid\u0142owo\u015b\u0107.<\/p>\n<blockquote><p>&#13;<\/p>\n<p style=\"text-align:justify\">Wed\u0142ug tego co pisze autor w aktualizacji tematu, przesuni\u0119cie naklejki sprawi\u0142o, \u017ce karta przesta\u0142a crashowa\u0107 si\u0119 na pulpicie.<\/p>\n<p>&#13;\n<\/p><\/blockquote>\n<p>&#13;<\/p>\n<p><a href=\"https:\/\/www.europesays.com\/pl\/wp-content\/uploads\/2026\/01\/naklejka_e533214091.jpg\"><img decoding=\"async\" alt=\"Naklejka na z\u0142\u0105czu PCIe\" class=\"center-block gallery-image img-responsive\" src=\"https:\/\/www.europesays.com\/pl\/wp-content\/uploads\/2026\/01\/naklejka_e533214091.jpg\" style=\"max-height:500px\"\/><\/a>&#13;<br \/>\n&#13;<br \/>\n\u0179r\u00f3d\u0142o: Reddit\/R009k&#13;<\/p>\n<p>&#13;<\/p>\n<p style=\"text-align:justify\">T\u0105 nieprawid\u0142owo\u015bci\u0105 by\u0142a \u017ale umieszczona naklejka z numerem seryjnym oraz innymi informacjami. Jej cz\u0119\u015b\u0107 w znacznym stopniu nachodzi\u0142a na slot PCIe. Na szcz\u0119\u015bcie okaza\u0142a si\u0119 na tyle lu\u017ana, \u017ce w\u0142a\u015bciciel by\u0142 w stanie przesun\u0105\u0107 j\u0105 do g\u00f3ry i tym samym zdj\u0105\u0107 ze styk\u00f3w. Po oczyszczeniu zaklejonych wcze\u015bniej fragment\u00f3w za pomoc\u0105 alkoholu izopropylowego i wody dejonizowanej oraz ponownym obsadzeniu jej w slocie problem znikn\u0105\u0142\u2026 po cz\u0119\u015bci.<\/p>\n<p>Problem rozwi\u0105zany po cz\u0119\u015bci<\/p>\n<p style=\"text-align:justify\">Wed\u0142ug tego co pisze autor w aktualizacji tematu, przesuni\u0119cie naklejki sprawi\u0142o, \u017ce karta przesta\u0142a crashowa\u0107 si\u0119 na pulpicie. Wci\u0105\u017c jednak nie jest w stanie uruchomi\u0107 poprawnie \u017cadnej gry. Pytanie wi\u0119c czy to rzeczywi\u015bcie naklejka by\u0142a przyczyn\u0105? Nachodzi\u0142a tylko na fragment styk\u00f3w nie zas\u0142aniaj\u0105c ich w pe\u0142ni, wi\u0119c kontakt tak czy inaczej powinien by\u0107 zachowany.\u00a0<\/p>\n<p style=\"text-align:justify\">By\u0107 mo\u017ce naklejka odpowiada\u0142a tylko za cz\u0119\u015b\u0107 problem\u00f3w, podczas gdy g\u0142\u00f3wna przyczyna niedzia\u0142ania tej karty le\u017cy gdzie\u015b indziej? A mo\u017ce to zbieg okoliczno\u015bci i naklejka nie by\u0142a tak naprawd\u0119 niczemu winna?\u00a0Teraz mo\u017cemy jedynie gdyba\u0107. Ciekawe jest r\u00f3wnie\u017c to, \u017ce pod w\u0105tkiem pojawi\u0142y si\u0119 zdj\u0119cia od innych u\u017cytkownik\u00f3w, kt\u00f3rych karty r\u00f3wnie\u017c maj\u0105 cz\u0119\u015bciowo przykryte z\u0142\u0105cze PCIe przez naklejk\u0119. Spotkali\u015bcie si\u0119 z czym\u015b takim u siebie? Je\u015bli tak to dajcie zna\u0107 czy mieli\u015bcie przez to jakie\u015b problemy.<\/p>\n<p>Kolejne awarie Ryzen\u00f3w<\/p>\n<p>W ostatnim czasie do sieci trafi\u0142y <a href=\"https:\/\/ithardware.pl\/aktualnosci\/ryzen_9800x3d_awaria_asus-47969.html\" rel=\"nofollow noopener\" target=\"_blank\">kolejne przypadki awarii procesor\u00f3w Ryzen 7 9800X3D<\/a>. Tym razem sprawa nie dotyczy p\u0142yt g\u0142\u00f3wnych ASRocka, lecz innego znanego producenta. Wsp\u00f3lnym mianownikiem obu nowych przypadk\u00f3w jest pojawienie si\u0119 kodu diagnostycznego \u201e00&#8243;, kt\u00f3ry oznacza krytyczny problem z CPU.<\/p>\n<p class=\"m-0\">Spodoba\u0142o Ci si\u0119? Podziel si\u0119 ze znajomymi!<\/p>\n","protected":false},"excerpt":{"rendered":"Jeden z posiadaczy RTX-a 5070 Ti zwr\u00f3ci\u0142 uwag\u0119 na nieprawid\u0142owo umieszczon\u0105 naklejk\u0119, kt\u00f3ra zas\u0142ania\u0142a cz\u0119\u015b\u0107 styk\u00f3w na z\u0142\u0105czu&hellip;\n","protected":false},"author":2,"featured_media":211261,"comment_status":"","ping_status":"","sticky":false,"template":"","format":"standard","meta":{"footnotes":""},"categories":[20],"tags":[7564,120,118,119,455,25951,42,38,40,39,41,33332,116,114,115,121,117],"class_list":{"0":"post-211260","1":"post","2":"type-post","3":"status-publish","4":"format-standard","5":"has-post-thumbnail","7":"category-nauka-i-technika","8":"tag-karty-graficzne","9":"tag-nauka","10":"tag-nauka-i-technika","11":"tag-naukatechnika","12":"tag-nvidia","13":"tag-nvidia-geforce","14":"tag-pl","15":"tag-poland","16":"tag-polish","17":"tag-polska","18":"tag-polski","19":"tag-rtx-50","20":"tag-science","21":"tag-science-and-technology","22":"tag-sciencetechnology","23":"tag-technika","24":"tag-technology"},"share_on_mastodon":{"url":"https:\/\/pubeurope.com\/@pl\/115913199642555133","error":""},"_links":{"self":[{"href":"https:\/\/www.europesays.com\/pl\/wp-json\/wp\/v2\/posts\/211260","targetHints":{"allow":["GET"]}}],"collection":[{"href":"https:\/\/www.europesays.com\/pl\/wp-json\/wp\/v2\/posts"}],"about":[{"href":"https:\/\/www.europesays.com\/pl\/wp-json\/wp\/v2\/types\/post"}],"author":[{"embeddable":true,"href":"https:\/\/www.europesays.com\/pl\/wp-json\/wp\/v2\/users\/2"}],"replies":[{"embeddable":true,"href":"https:\/\/www.europesays.com\/pl\/wp-json\/wp\/v2\/comments?post=211260"}],"version-history":[{"count":0,"href":"https:\/\/www.europesays.com\/pl\/wp-json\/wp\/v2\/posts\/211260\/revisions"}],"wp:featuredmedia":[{"embeddable":true,"href":"https:\/\/www.europesays.com\/pl\/wp-json\/wp\/v2\/media\/211261"}],"wp:attachment":[{"href":"https:\/\/www.europesays.com\/pl\/wp-json\/wp\/v2\/media?parent=211260"}],"wp:term":[{"taxonomy":"category","embeddable":true,"href":"https:\/\/www.europesays.com\/pl\/wp-json\/wp\/v2\/categories?post=211260"},{"taxonomy":"post_tag","embeddable":true,"href":"https:\/\/www.europesays.com\/pl\/wp-json\/wp\/v2\/tags?post=211260"}],"curies":[{"name":"wp","href":"https:\/\/api.w.org\/{rel}","templated":true}]}}