{"id":211695,"date":"2026-01-18T09:53:07","date_gmt":"2026-01-18T09:53:07","guid":{"rendered":"https:\/\/www.europesays.com\/pl\/211695\/"},"modified":"2026-01-18T09:53:07","modified_gmt":"2026-01-18T09:53:07","slug":"amerykanskie-wojsko-w-gotowosci-po-grozbie-trumpa-pentagon-ma-tam-wyslac-zolnierzy-onet","status":"publish","type":"post","link":"https:\/\/www.europesays.com\/pl\/211695\/","title":{"rendered":"Ameryka\u0144skie wojsko w gotowo\u015bci po gro\u017abie Trumpa. Pentagon ma tam wys\u0142a\u0107 \u017co\u0142nierzy &#8211; Onet"},"content":{"rendered":"<ol>\n<li><a href=\"https:\/\/news.google.com\/rss\/articles\/CBMi2AFBVV95cUxOUTF5TzAzZmprVGZTbnZiaGZYN3Q4V0Q1aW1KZ3RIM2gySThnanREUGw2NlpyR3J1TjcxVm5GQy1FQ2M3ZV9qNUJtdXQxd2ExajVvR1JldVRQVDF4b0t0UWxpNkFoSno5VEwyZXoxcEJkUG1HWGp0YmV3bS1VSVNMYnlVR3hPZVNQMFd3STB5c0JPczBIcE5WUzhKZ1ZiMy1sQ1JEQzE4aUlZZzd0MFJ6TXNjTUt6WEw4WnU5TG1Mc09SX212T0hOZWcyaUJobVJ5MHg1c3ZZelo?oc=5\" target=\"_blank\" rel=\"nofollow noopener\">Ameryka\u0144skie wojsko w gotowo\u015bci po gro\u017abie Trumpa. Pentagon ma tam wys\u0142a\u0107 \u017co\u0142nierzy<\/a>&nbsp;&nbsp;Onet<\/li>\n<li><a href=\"https:\/\/news.google.com\/rss\/articles\/CBMixAFBVV95cUxPc29EQ1ZUdmtreXBnVTRGeFplTHF0cXFnOXdSMEVFWk56WWNXNVAtQkhpQm1qOHAtVExBTUpoSWt6Z0NjSDRPSWNTQ0xrY2ZTVWM0aTlMb3RxcXJfUDFwTS1QUVY0Yzd5QkV2eGp3X0E4NGt5Ulp0VU1NdEJrRUFPb1lqTHJIaUdJNlNsRlU0Zm1Pby1wN0d3M2ZvYXN1NE9tRDduUGNTTzRucWlNN2dKOFNqT2xMM2pWcldfMUg4S1JzNVJC?oc=5\" target=\"_blank\" rel=\"nofollow noopener\">Smycz p\u0119k\u0142a. ICE wchodzi wsz\u0119dzie, a Trump wysy\u0142a sygna\u0142: nie pytaj, podporz\u0105dkuj si\u0119. Oto jak na ameryka\u0144skich ulicach rodzi si\u0119 gestapo<\/a>&nbsp;&nbsp;Onet Wiadomo\u015bci<\/li>\n<li><a href=\"https:\/\/news.google.com\/rss\/articles\/CBMiugFBVV95cUxQSFlZRmYtdjI2UVRWWTduOENtX3VYcVFoZDNDY29NWkJmNWl1MVVGQXJqMjJKMzdhd3ExbHgxWGJ2bk94NzR5TURMY2dPelozZE1MU1FTckZOc0E0LThCTVZkVU8zdWd5RFhyRWNvSW1PNWZ6NUtISU1GellMYndXdHhZVEN3NWU2UVZ6ZHcyMWxqNjNUdElybjE3czFrZ3RhSmVBQm9VVlozOGNnT3k4elJ0ek5DM3BtT2c?oc=5\" target=\"_blank\" rel=\"nofollow noopener\">1500 \u017co\u0142nierzy na Alasce w stanie gotowo\u015bci. Mog\u0105 ruszy\u0107 do Minnesoty<\/a>&nbsp;&nbsp;Wydarzenia w INTERIA.PL<\/li>\n<li><a href=\"https:\/\/news.google.com\/rss\/articles\/CBMirAFBVV95cUxQWXZVTURMVDJiNGwwLTZfamZ5cnM4VzA3Z2dmWVlXenB5SmxfZnVQVldXa0RGLUVza25zZm45X3oxcEtMSl8zN0YwZmhJS05nenVNTjRFMW1VclJBZ3N1MHZvZUxjSTNsN19GSHY4X3ZKVzhTNE8tT1BxTWowNzNBSk93OUV2R3RYM1NhV0ttY296WTJJWFpyUS1kOFFiZ1plV3U3MHdmV1ZtV25y?oc=5\" target=\"_blank\" rel=\"nofollow noopener\">&#8222;NYT&#8221;: Nagrania dowodz\u0105, \u017ce Renee Good nie przejecha\u0142a funkcjonariusza, jak twierdzi\u0142 Donald Trump<\/a>&nbsp;&nbsp;Wyborcza.pl<\/li>\n<li><a href=\"https:\/\/news.google.com\/rss\/articles\/CBMiswFBVV95cUxPRHdsOEs1SnE4STJVczU4Y01QeEZmTmxEVXhkTzJ2QTZpR1ZZd0lwT0RpcDBaOV9ZUW1BU3hGMGVkbXZuT1ZaQ19XRWY0RTNLSTRDRUd1NlBDVkJSSnl2M3VIRU1KbmNPLWJ1SkpBRGd4elZXTVdhRUVhTlNJblIzS1NrWE5YaHJrejF4TW4waWlQYnJmeGhlQ0VGSlI0aHlkTURtUVJFUHBVbFZGeGNkVUNkcw?oc=5\" target=\"_blank\" rel=\"nofollow noopener\">Trump zapowiedzia\u0142 u\u017cycie wojska. To efekt protest\u00f3w po \u015bmierci Renee Good<\/a>&nbsp;&nbsp;o2<\/li>\n<\/ol>\n","protected":false},"excerpt":{"rendered":"Ameryka\u0144skie wojsko w gotowo\u015bci po gro\u017abie Trumpa. Pentagon ma tam wys\u0142a\u0107 \u017co\u0142nierzy&nbsp;&nbsp;Onet Smycz p\u0119k\u0142a. ICE wchodzi wsz\u0119dzie, a&hellip;\n","protected":false},"author":2,"featured_media":211696,"comment_status":"","ping_status":"","sticky":false,"template":"","format":"standard","meta":{"footnotes":""},"categories":[14],"tags":[32,33,27,6956,67,34,35,28,31,53,25,52,68,51,55,40,41,47,59,80,29,30,65,50,26,82,83,84],"class_list":{"0":"post-211695","1":"post","2":"type-post","3":"status-publish","4":"format-standard","5":"has-post-thumbnail","7":"category-swiat","8":"tag-breaking-news","9":"tag-breakingnews","10":"tag-headlines","11":"tag-ice","12":"tag-intextvideo_splayer","13":"tag-latest-news","14":"tag-latestnews","15":"tag-naglowki","16":"tag-najwazniejsze-artykuly","17":"tag-new_header","18":"tag-news","19":"tag-onet3","20":"tag-onet3d","21":"tag-onet3d_2i","22":"tag-phx","23":"tag-polish","24":"tag-polski","25":"tag-screening_general","26":"tag-stany_zjednoczone_usa","27":"tag-swiat","28":"tag-top-stories","29":"tag-topstories","30":"tag-update_me","31":"tag-v2021","32":"tag-wiadomosci","33":"tag-world","34":"tag-world-news","35":"tag-worldnews"},"share_on_mastodon":{"url":"https:\/\/pubeurope.com\/@pl\/115915496254065676","error":""},"_links":{"self":[{"href":"https:\/\/www.europesays.com\/pl\/wp-json\/wp\/v2\/posts\/211695","targetHints":{"allow":["GET"]}}],"collection":[{"href":"https:\/\/www.europesays.com\/pl\/wp-json\/wp\/v2\/posts"}],"about":[{"href":"https:\/\/www.europesays.com\/pl\/wp-json\/wp\/v2\/types\/post"}],"author":[{"embeddable":true,"href":"https:\/\/www.europesays.com\/pl\/wp-json\/wp\/v2\/users\/2"}],"replies":[{"embeddable":true,"href":"https:\/\/www.europesays.com\/pl\/wp-json\/wp\/v2\/comments?post=211695"}],"version-history":[{"count":0,"href":"https:\/\/www.europesays.com\/pl\/wp-json\/wp\/v2\/posts\/211695\/revisions"}],"wp:featuredmedia":[{"embeddable":true,"href":"https:\/\/www.europesays.com\/pl\/wp-json\/wp\/v2\/media\/211696"}],"wp:attachment":[{"href":"https:\/\/www.europesays.com\/pl\/wp-json\/wp\/v2\/media?parent=211695"}],"wp:term":[{"taxonomy":"category","embeddable":true,"href":"https:\/\/www.europesays.com\/pl\/wp-json\/wp\/v2\/categories?post=211695"},{"taxonomy":"post_tag","embeddable":true,"href":"https:\/\/www.europesays.com\/pl\/wp-json\/wp\/v2\/tags?post=211695"}],"curies":[{"name":"wp","href":"https:\/\/api.w.org\/{rel}","templated":true}]}}