{"id":211721,"date":"2026-01-18T10:07:08","date_gmt":"2026-01-18T10:07:08","guid":{"rendered":"https:\/\/www.europesays.com\/pl\/211721\/"},"modified":"2026-01-18T10:07:08","modified_gmt":"2026-01-18T10:07:08","slug":"europa-zdana-na-laske-putina-te-liczby-mowia-cala-prawde-wykresy","status":"publish","type":"post","link":"https:\/\/www.europesays.com\/pl\/211721\/","title":{"rendered":"Europa zdana na \u0142ask\u0119 Putina? Te liczby m\u00f3wi\u0105 ca\u0142\u0105 prawd\u0119 [WYKRESY]"},"content":{"rendered":"<p>Jednocze\u015bnie odrzuca\u0142 alternatywne scenariusze, takie jak wzmocnienie obecno\u015bci wojsk USA na Grenlandii. <a href=\"https:\/\/wiadomosci.onet.pl\/politico\/wszystko-sie-skonczy-lacznie-z-nato-trump-kresli-czarny-scenariusz-moze-popelnic\/1vt2sch\" id=\"0df99211-519f-4a79-92e7-d7edfd92ef7c\" rel=\"nofollow noopener\" target=\"_blank\">W wywiadzie udzielonym niedawno &#8222;New York Timesowi&#8221; posun\u0105\u0142 si\u0119 jeszcze dalej,<\/a> sugeruj\u0105c, \u017ce Waszyngton mo\u017ce stan\u0105\u0107 przed konieczno\u015bci\u0105 strategicznego &#8222;wyboru&#8221; mi\u0119dzy utrzymaniem Grenlandii a dalszym zaanga\u017cowaniem w NATO.<\/p>\n<p>Pod koniec grudnia Agencja Reutera poinformowa\u0142a, \u017ce Pentagon mia\u0142 przekaza\u0107 europejskim dyplomatom oczekiwanie, by do 2027 r. Europa przej\u0119\u0142a wi\u0119kszo\u015b\u0107 konwencjonalnych zdolno\u015bci obronnych NATO. W europejskich stolicach odczytywane jest to jako kolejny sygna\u0142, \u017ce Waszyngton chce ogranicza\u0107 w\u0142asny ci\u0119\u017car w Sojuszu, a polityczne koszty takiej zmiany przerzuci\u0107 na partner\u00f3w.<\/p>\n<p>Tymczasem Kreml z uwag\u0105 przygl\u0105da si\u0119 Europie i wspieraniu Ukrainy. \u2014 Rosja nie zamierza walczy\u0107 z krajami europejskimi, ale je\u015bli Europa rozpocznie wojn\u0119, Rosja jest gotowa ju\u017c teraz \u2014 odgra\u017ca\u0142 si\u0119 na pocz\u0105tku grudnia na forum gospodarczym w Rosji W\u0142adimir Putin.<\/p>\n<p>Ale czy europejskie kraje Sojuszu s\u0105 gotowe na potencjalne starcie z Rosj\u0105? Zacznijmy od bol\u0105czek, z kt\u00f3rymi mierz\u0105 si\u0119 europejskie pa\u0144stwa.<\/p>\n<p class=\"ods-c-paragraph \">&#8222;W obecnej sytuacji Sojusz w du\u017cym stopniu polega na Stanach Zjednoczonych w zakresie kluczowych zdolno\u015bci, takich jak wywiad operacyjny, tankowanie powietrze-powietrze, obrona przeciwrakietowa i wiele innych. Brak tych ameryka\u0144skich aktyw\u00f3w ujawni\u0142by luki w architekturze obronnej NATO, kwestionuj\u0105c jego zdolno\u015b\u0107 do podtrzymania walki w d\u0142u\u017cszej perspektywie&#8221; \u2014 przekonywa\u0142 we wrze\u015bniu 2024 r. George Allison dziennikarz i analityk wojskowy, zwi\u0105zany z dziennikiem &#8222;The Telegraph&#8221;.<\/p>\n<p>&#8222;Dziesi\u0105tki typ\u00f3w uzbrojenia&#8221;<\/p>\n<p class=\"ods-c-paragraph \">Fragmentacja europejskiego przemys\u0142u obronnego jest jednym z kluczowych problem\u00f3w, na kt\u00f3ry z kolei zwracaj\u0105 uwag\u0119 analitycy londy\u0144skiego think tanku Centre for European Reform (CER). Raport ze stycznia 2025 r. podkre\u015bla, \u017ce mimo bezprecedensowego wzrostu wydatk\u00f3w wojskowych po rosyjskiej inwazji na Ukrain\u0119, Europa wci\u0105\u017c nie potrafi prze\u0142o\u017cy\u0107 pieni\u0119dzy na realn\u0105, sp\u00f3jn\u0105 zdolno\u015b\u0107 bojow\u0105. Powodem jest fakt, \u017ce decyzje zakupowe i produkcyjne pozostaj\u0105 w du\u017cej mierze domen\u0105 pa\u0144stw narodowych, a nie wsp\u00f3lnej strategii europejskiej.<\/p>\n<p class=\"ods-c-paragraph \">Ka\u017cde z pa\u0144stw Unii Europejskiej planuje modernizacj\u0119 swoich si\u0142 zbrojnych osobno, wed\u0142ug w\u0142asnych standard\u00f3w i harmonogram\u00f3w. W praktyce oznacza to mno\u017cenie podobnych projekt\u00f3w, brak kompatybilno\u015bci sprz\u0119tu oraz utrat\u0119 efektu skali, kt\u00f3ry m\u00f3g\u0142by znacz\u0105co obni\u017cy\u0107 koszty. CER wskazuje, \u017ce europejskie armie u\u017cywaj\u0105 dziesi\u0105tek r\u00f3\u017cnych typ\u00f3w system\u00f3w uzbrojenia w tych samych kategoriach, co utrudnia wsp\u00f3lne operacje, logistyk\u0119 i serwisowanie sprz\u0119tu w warunkach kryzysowych.<\/p>\n<p class=\"ods-c-paragraph \">Raport zwraca uwag\u0119, \u017ce europejski przemys\u0142 obronny wci\u0105\u017c funkcjonuje g\u0142\u00f3wnie w ramach narodowych &#8222;ekosystem\u00f3w&#8221;. Du\u017ce koncerny s\u0105 silnie powi\u0105zane z rz\u0105dami swoich pa\u0144stw, a kontrakty cz\u0119sto s\u0142u\u017c\u0105 nie tylko celom wojskowym, ale tak\u017ce politycznym i gospodarczym. W efekcie wsp\u00f3\u0142praca transgraniczna pozostaje ograniczona, a wsp\u00f3lne programy \u2014 takie jak nowe czo\u0142gi czy samoloty bojowe \u2014 napotykaj\u0105 op\u00f3\u017anienia, wzrost koszt\u00f3w i spory mi\u0119dzy partnerami.<\/p>\n<p class=\"ods-c-paragraph \">CER podkre\u015bla r\u00f3wnie\u017c, \u017ce rozdrobnienie przemys\u0142u os\u0142abia zdolno\u015b\u0107 Europy do szybkiego zwi\u0119kszenia produkcji w czasie wojny. Wojna w Ukrainie pokaza\u0142a, jak kluczowe s\u0105 zapasy amunicji, zdolno\u015bci produkcyjne i sprawne \u0142a\u0144cuchy dostaw. Tymczasem europejskie fabryki cz\u0119sto produkuj\u0105 kr\u00f3tkimi seriami, pod konkretne narodowe zam\u00f3wienia, bez gwarancji d\u0142ugoterminowych kontrakt\u00f3w. To zniech\u0119ca przemys\u0142 do inwestycji i utrudnia szybkie przej\u015bcie na tryb wojenny.<\/p>\n<p class=\"ods-c-paragraph \">Autorzy raportu zauwa\u017caj\u0105 tak\u017ce, \u017ce fragmentacja pog\u0142\u0119bia zale\u017cno\u015b\u0107 Europy od dostawc\u00f3w spoza UE, zw\u0142aszcza ze Stan\u00f3w Zjednoczonych. Zakupy ameryka\u0144skiego sprz\u0119tu bywaj\u0105 szybkie i politycznie wygodne, ale w d\u0142u\u017cszej perspektywie utrwalaj\u0105 rozbicie europejskiej bazy przemys\u0142owej i ograniczaj\u0105 rozw\u00f3j wsp\u00f3lnych technologii.<\/p>\n<p>Pot\u0119ga nuklearna<\/p>\n<p class=\"ods-c-paragraph \">Na pewno Rosja, zdecydowanie g\u00f3ruje nad pa\u0144stwami europejskimi, je\u015bli chodzi o potencja\u0142 nuklearny. \u0141\u0105cznie Moskwa dysponuje 5 tys. 459 g\u0142owicami nuklearnymi. Spo\u015br\u00f3d nich 1 tys. 718 pozostaje w sta\u0142ej gotowo\u015bci bojowej i jest rozmieszczonych operacyjnie, co stanowi realny trzon odstraszania. Kolejne 2 tys. 591 g\u0142owic znajduje si\u0119 w magazynach \u2014 mog\u0105 zosta\u0107 przywr\u00f3cone do u\u017cycia, je\u015bli zapadnie taka decyzja polityczna i wojskowa. Do tego dochodzi 1 tys. 150 g\u0142owic formalnie wycofanych z arsena\u0142u, czekaj\u0105cych na demonta\u017c.<\/p>\n<p class=\"ods-c-paragraph \">Dla por\u00f3wnania potencja\u0142 nuklearny europejskich pa\u0144stw jest niepor\u00f3wnywalnie mniejszy. Wielka Brytania dysponuje arsena\u0142em licz\u0105cym oko\u0142o 225 g\u0142owic j\u0105drowych, opartym wy\u0142\u0105cznie o mi\u0119dzykontynentalne pociski balistyczne Trident II wystrzeliwane z okr\u0119t\u00f3w podwodnych. Francja posiada oko\u0142o 290 g\u0142owic, rozmieszczonych zar\u00f3wno na okr\u0119tach podwodnych, jak i w lotnictwie strategicznym.<\/p>\n<p> Mocne strony Europy<\/p>\n<p class=\"ods-c-paragraph \">Przejd\u017amy teraz do mocnych stron europejskiej cz\u0119\u015bci NATO. Po pierwsze, liczba \u017co\u0142nierzy. Rosja dysponuje 1,32 mln \u017co\u0142nierzy w s\u0142u\u017cbie czynnej, co czyni j\u0105 najwi\u0119ksz\u0105 pojedyncz\u0105 armi\u0105 w Europie. Jednak por\u00f3wnanie tego potencja\u0142u z \u0142\u0105czn\u0105 liczb\u0105 \u017co\u0142nierzy pa\u0144stw NATO bez udzia\u0142u Stan\u00f3w Zjednoczonych nie wychodzi dla Moskwy korzystnie.<\/p>\n<p class=\"ods-c-paragraph \">Europejscy cz\u0142onkowie Sojuszu utrzymuj\u0105 \u0142\u0105cznie oko\u0142o 2,11 mln \u017co\u0142nierzy, a wi\u0119c wyra\u017anie wi\u0119cej ni\u017c Rosja. Trzon tego potencja\u0142u tworz\u0105 najwi\u0119ksze armie Sojuszu: Turcja (355 tys.), Polska (ponad 202 tys.), Francja (200 tys.), Wielka Brytania (blisko 185 tys.), Niemcy (ponad 181 tys.) oraz W\u0142ochy (165 tys.).<\/p>\n<p class=\"ods-c-paragraph \">Trzeba tu jednak podkre\u015bli\u0107, \u017ce przewaga liczebna europejskiego NATO nie przek\u0142ada si\u0119 automatycznie na przewag\u0119 do\u015bwiadczenia bojowego. Rosyjskie si\u0142y zbrojne od prawie czterech lat prowadz\u0105 wojn\u0119 z Ukrain\u0105, co oznacza, \u017ce znaczna cz\u0119\u015b\u0107 ich personelu \u2014 zw\u0142aszcza w wojskach l\u0105dowych, artylerii i jednostkach dronowych \u2014 posiada do\u015bwiadczenie frontowe, zdobyte w realnych warunkach walki. Dla wi\u0119kszo\u015bci armii europejskich takie do\u015bwiadczenie pozostaje ograniczone do \u0107wicze\u0144.<\/p>\n<p> Wydatki na wojsko<\/p>\n<p class=\"ods-c-paragraph \">Kolejna kwestia to wydatki na wojsko. Wed\u0142ug danych Sztokholmskiego Mi\u0119dzynarodowego Instytutu Bada\u0144 nad Pokojem (SIPRI) Rosja zwi\u0119ksza\u0142a wydatki na wojsko wraz z eskalacj\u0105 wojny. W 2021 r. bud\u017cet militarny wyni\u00f3s\u0142 ok. 66 mld dol. (ok. 237 mld z\u0142). Po rozpocz\u0119ciu pe\u0142noskalowej inwazji w 2022 r. nak\u0142ady jeszcze mocniej ros\u0142y \u2014 w 2024 r. si\u0119gn\u0119\u0142y ok. 149 mld dol. (ok. 535 mld z\u0142). Wed\u0142ug najnowszych plan\u00f3w bud\u017cetowych na 2025 r. <a href=\"https:\/\/wiadomosci.onet.pl\/swiat\/zawrotne-kwoty-putin-stawia-wszystko-na-jedna-karte-wykresy\/f15hh6c\" id=\"f0418610-d576-4f1d-b686-cefe1c16c5fe\" rel=\"nofollow noopener\" target=\"_blank\">Rosja mo\u017ce przeznaczy\u0107 na wojsko nawet ok. 198 mld dol. (ok. 712 mld z\u0142).<\/a><\/p>\n<p class=\"ods-c-paragraph \">Europejska cz\u0119\u015b\u0107 NATO oraz Kanada r\u00f3wnie\u017c wyra\u017anie zwi\u0119kszy\u0142a wydatki obronne, cho\u0107 proces ten mia\u0142 charakter bardziej stopniowy ni\u017c w Rosji. Jeszcze na pocz\u0105tku minionej dekady \u0142\u0105czne nak\u0142ady wynosi\u0142y ok. 289 mld dol. (ok. 1,04 bln z\u0142) i przez kilka lat utrzymywa\u0142y si\u0119 w przedziale 250\u2013300 mld dol. (ok. 900 mld \u2014 1,08 bln z\u0142).<\/p>\n<p class=\"ods-c-paragraph \">Po 2022 r. tempo wzrostu znacz\u0105co przyspieszy\u0142o. Wydatki wzros\u0142y z 301,7 mld dol. (ok. 1,09 bln z\u0142) do 358,7 mld dol. (ok. 1,29 bln z\u0142), a nast\u0119pnie do 418,6 mld dol. (ok. 1,51 bln z\u0142). Najnowsze dane pokazuj\u0105 dalszy skok \u2014 516,5 mld dol. (ok. 1,86 bln z\u0142) oraz 608 mld dol., czyli oko\u0142o 2,19 bln z\u0142.<\/p>\n<p> Pot\u0119ga Europy<\/p>\n<p class=\"ods-c-paragraph \">Je\u015bli chodzi o sprz\u0119t wojskowy, to dok\u0142adnie opisa\u0142 go raport The Military Balance 2025 przygotowany przez brytyjski think-tank International Institute for Strategic Studies.<\/p>\n<p class=\"ods-c-paragraph \">&#8222;Podczas gdy Rosja dysponuje jednym, wyra\u017anie przestarza\u0142ym lotniskowcem, sama Wielka Brytania utrzymuje dwa nowoczesne okr\u0119ty tej klasy, zdolne do operowania my\u015bliwcami pi\u0105tej generacji F-35B. Francja, W\u0142ochy i Hiszpania r\u00f3wnie\u017c posiadaj\u0105 lotniskowce lub okr\u0119ty desantowe i \u015bmig\u0142owcowce przystosowane do przenoszenia samolot\u00f3w bojowych&#8221; \u2014 czytamy w raporcie, kt\u00f3rego tre\u015b\u0107 przytacza CNN.<\/p>\n<p><img decoding=\"async\" src=\"https:\/\/www.europesays.com\/pl\/wp-content\/uploads\/2026\/01\/_-Vk9lBaHR0cHM6Ly9vY2RuLmV1L3B1bHNjbXMvTURBXy81ZTczMmNhZTg2NGQ1MjExMDMzYWVlOTFlNjM1YWU2OS5qcGeRlQLNB.jpeg\" height=\"627\" width=\"940\" alt=\"Samolot F-35B\" loading=\"lazy\" class=\"ods-c-image__img ods-c-image__img--viewport-width\"\/><\/p>\n<p>Samolot F-35BJaroslav Ozana \/ PAP<\/p>\n<p class=\"ods-c-paragraph \">R\u00f3wnie istotny jest potencja\u0142 lotniczy. \u0141\u0105cznie pa\u0144stwa NATO w Europie \u2014 bez udzia\u0142u USA \u2014 dysponuj\u0105 oko\u0142o dwoma tysi\u0105cami my\u015bliwc\u00f3w i samolot\u00f3w uderzeniowych. W tej liczbie coraz wi\u0119kszy udzia\u0142 maj\u0105 maszyny pi\u0105tej generacji F-35, wprowadzane do s\u0142u\u017cby m.in. przez Wielk\u0105 Brytani\u0119, W\u0142ochy, Norwegi\u0119, Holandi\u0119, Dani\u0119 i Polsk\u0119. The Military Balance 2025 wskazuje, \u017ce proces modernizacji lotnictwa w Europie przyspieszy\u0142 wyra\u017anie po 2022 r., a interoperacyjno\u015b\u0107 w ramach NATO sta\u0142a si\u0119 jednym z g\u0142\u00f3wnych priorytet\u00f3w.<\/p>\n<p class=\"ods-c-paragraph \">Na l\u0105dzie Europa r\u00f3wnie\u017c nie jest pozbawiona realnej si\u0142y. Wojska pa\u0144stw NATO dysponuj\u0105 nowoczesnymi czo\u0142gami, takimi jak Leopard 2 czy Challenger 2, kt\u00f3re zosta\u0142y ju\u017c sprawdzone w warunkach bojowych w Ukrainie.<\/p>\n<p class=\"ods-c-paragraph \">Istotnym atutem pozostaj\u0105 tak\u017ce precyzyjne \u015brodki ra\u017cenia dalekiego zasi\u0119gu. Europejskie pa\u0144stwa NATO maj\u0105 do dyspozycji zaawansowane pociski manewruj\u0105ce, takie jak francusko-brytyjskie SCALP\/Storm Shadow, kt\u00f3rych skuteczno\u015b\u0107 zosta\u0142a potwierdzona w realnych warunkach wojny. Raport wskazuje, \u017ce do\u015bwiadczenia z Ukrainy przywr\u00f3ci\u0142y tym systemom centralne miejsce w planowaniu operacyjnym europejskich armii.<\/p>\n","protected":false},"excerpt":{"rendered":"Jednocze\u015bnie odrzuca\u0142 alternatywne scenariusze, takie jak wzmocnienie obecno\u015bci wojsk USA na Grenlandii. W wywiadzie udzielonym niedawno &#8222;New York&hellip;\n","protected":false},"author":2,"featured_media":211722,"comment_status":"","ping_status":"","sticky":false,"template":"","format":"standard","meta":{"footnotes":""},"categories":[14],"tags":[56,32,33,189,27,34,35,28,31,48,160,25,46,164,40,41,87,47,80,29,30,71,26,161,82,83,84],"class_list":{"0":"post-211721","1":"post","2":"type-post","3":"status-publish","4":"format-standard","5":"has-post-thumbnail","7":"category-swiat","8":"tag-article_premium","9":"tag-breaking-news","10":"tag-breakingnews","11":"tag-europa","12":"tag-headlines","13":"tag-latest-news","14":"tag-latestnews","15":"tag-naglowki","16":"tag-najwazniejsze-artykuly","17":"tag-nat_styl","18":"tag-nato","19":"tag-news","20":"tag-omp","21":"tag-onet_data","22":"tag-polish","23":"tag-polski","24":"tag-rosja","25":"tag-screening_general","26":"tag-swiat","27":"tag-top-stories","28":"tag-topstories","29":"tag-usa","30":"tag-wiadomosci","31":"tag-wojsko","32":"tag-world","33":"tag-world-news","34":"tag-worldnews"},"share_on_mastodon":{"url":"https:\/\/pubeurope.com\/@pl\/115915551155358549","error":""},"_links":{"self":[{"href":"https:\/\/www.europesays.com\/pl\/wp-json\/wp\/v2\/posts\/211721","targetHints":{"allow":["GET"]}}],"collection":[{"href":"https:\/\/www.europesays.com\/pl\/wp-json\/wp\/v2\/posts"}],"about":[{"href":"https:\/\/www.europesays.com\/pl\/wp-json\/wp\/v2\/types\/post"}],"author":[{"embeddable":true,"href":"https:\/\/www.europesays.com\/pl\/wp-json\/wp\/v2\/users\/2"}],"replies":[{"embeddable":true,"href":"https:\/\/www.europesays.com\/pl\/wp-json\/wp\/v2\/comments?post=211721"}],"version-history":[{"count":0,"href":"https:\/\/www.europesays.com\/pl\/wp-json\/wp\/v2\/posts\/211721\/revisions"}],"wp:featuredmedia":[{"embeddable":true,"href":"https:\/\/www.europesays.com\/pl\/wp-json\/wp\/v2\/media\/211722"}],"wp:attachment":[{"href":"https:\/\/www.europesays.com\/pl\/wp-json\/wp\/v2\/media?parent=211721"}],"wp:term":[{"taxonomy":"category","embeddable":true,"href":"https:\/\/www.europesays.com\/pl\/wp-json\/wp\/v2\/categories?post=211721"},{"taxonomy":"post_tag","embeddable":true,"href":"https:\/\/www.europesays.com\/pl\/wp-json\/wp\/v2\/tags?post=211721"}],"curies":[{"name":"wp","href":"https:\/\/api.w.org\/{rel}","templated":true}]}}