{"id":211923,"date":"2026-01-18T12:21:07","date_gmt":"2026-01-18T12:21:07","guid":{"rendered":"https:\/\/www.europesays.com\/pl\/211923\/"},"modified":"2026-01-18T12:21:07","modified_gmt":"2026-01-18T12:21:07","slug":"radoslaw-sikorski-pojechal-do-indii-ostrzega-przed-wspolpraca-dwoch-stolic","status":"publish","type":"post","link":"https:\/\/www.europesays.com\/pl\/211923\/","title":{"rendered":"Rados\u0142aw Sikorski pojecha\u0142 do Indii. Ostrzega przed wsp\u00f3\u0142prac\u0105 dw\u00f3ch stolic"},"content":{"rendered":"<p class=\"ods-c-paragraph \">&#8222;Wojna hybrydowa to nie tylko ataki w internecie. To podpalenia, sabota\u017ce, \u00bbprzypadkowe\u00ab loty dronami. To tak\u017ce akty pa\u0144stwowego terroryzmu, takie jak pod\u0142o\u017cenie materia\u0142\u00f3w wybuchowych na torach w Polsce&#8221; \u2014 podkre\u015bli\u0142 Sikorski we wpisie na platformie X, w kt\u00f3rym cytowa\u0142 swoj\u0105 wypowied\u017a z Jaipur Literature Festival w stolicy stanu Rad\u017castan.<\/p>\n<p class=\"ods-c-paragraph \">Jak relacjonuje indyjska agencja ANI, temat rosyjskiej agresji zdominowa\u0142 wyst\u0105pienie ministra w panelu &#8222;Kontynent w kryzysie: Rosja, Ukraina i Europa&#8221;.<\/p>\n<p class=\"ods-c-paragraph \">Sikorski zaznaczy\u0142, \u017ce rosyjski przyw\u00f3dca W\u0142adimir Putin &#8222;nar\u00f3d ukrai\u0144ski nazywa bra\u0107mi, a potem ich morduje&#8221;, mimo podpisanych traktat\u00f3w granicznych.<\/p>\n<p> Dalszy ci\u0105g artyku\u0142u pod materia\u0142em wideo    <\/p>\n<p> Co Rados\u0142aw Sikorski powiedzia\u0142 o Rosji w Indiach? <\/p>\n<p> Jakie zagro\u017cenia wymieni\u0142 Sikorski podczas wyst\u0105pienia? <\/p>\n<p> Czym wed\u0142ug Sikorskiego charakteryzuje si\u0119 wojna hybrydowa? <\/p>\n<p> Jakie zmiany zasz\u0142y w relacjach Rosji z Chinami wed\u0142ug Sikorskiego? <\/p>\n<p class=\"ods-c-paragraph \">Szef polskiej dyplomacji przypomnia\u0142, \u017ce Ukraina zrzek\u0142a si\u0119 w przesz\u0142o\u015bci trzeciego co do wielko\u015bci arsena\u0142u nuklearnego w zamian za gwarancje bezpiecze\u0144stwa, kt\u00f3re zosta\u0142y brutalnie z\u0142amane. \u2014 Rosja m\u00f3wi o zaufaniu, ale jej czyny \u015bwiadcz\u0105 o czym\u015b innym \u2014 oceni\u0142 minister, cytowany przez ANI.<\/p>\n<p>Sikorski ostrzega przed wsp\u00f3\u0142prac\u0105 Moskwy z Pekinem<\/p>\n<p class=\"ods-c-paragraph \">Sikorski ostrzeg\u0142 r\u00f3wnie\u017c przed zacie\u015bnianiem relacji Moskwa-Pekin. \u2014 Chiny zyska\u0142y strategiczn\u0105 przewag\u0119 od pocz\u0105tku wojny na Ukrainie. Rosja jest teraz zmuszona sprzedawa\u0107 rop\u0119 po ni\u017cszych cenach i staje si\u0119 coraz bardziej zale\u017cna od Chin w zakresie towar\u00f3w wysokiej jako\u015bci, dost\u0119pu do internetu i us\u0142ug cybernetycznych \u2014 zauwa\u017cy\u0142 minister. Doda\u0142, \u017ce w zamian Moskwa destabilizuje \u015bwiat, przekazuj\u0105c technologie rakietowe Korei P\u00f3\u0142nocnej.<\/p>\n<p class=\"ods-c-paragraph \">Indie nie pot\u0119pi\u0142y jednoznacznie agresji Rosji na Ukrain\u0119, wzywaj\u0105c strony do dialogu i utrzymuj\u0105c relacje handlowe z Kremlem.<\/p>\n<p class=\"ods-c-paragraph \">Nawi\u0105zuj\u0105c do polityki Stan\u00f3w Zjednoczonych, Sikorski zaznaczy\u0142, \u017ce niezale\u017cnie od &#8222;fluktuacji&#8221; w relacjach transatlantyckich, Europa musi zwi\u0119kszy\u0107 w\u0142asne zdolno\u015bci obronne i sta\u0107 si\u0119 bardziej samodzielna w kwestii bezpiecze\u0144stwa kontynentu.<\/p>\n<p class=\"ods-c-paragraph \">Jaipur Literature Festival (JLF) jest uznawany za &#8222;najwi\u0119ksze darmowe show literackie na Ziemi&#8221;. Od 2006 r. to presti\u017cowe wydarzenie gromadzi pisarzy, noblist\u00f3w i \u015bwiatowych przyw\u00f3dc\u00f3w, stanowi\u0105c kluczowe forum debaty o kulturze i geopolityce w Azji Po\u0142udniowej.<\/p>\n","protected":false},"excerpt":{"rendered":"&#8222;Wojna hybrydowa to nie tylko ataki w internecie. To podpalenia, sabota\u017ce, \u00bbprzypadkowe\u00ab loty dronami. To tak\u017ce akty pa\u0144stwowego&hellip;\n","protected":false},"author":2,"featured_media":211924,"comment_status":"","ping_status":"","sticky":false,"template":"","format":"standard","meta":{"footnotes":""},"categories":[12],"tags":[32,33,85,36,37,27,1103,49,34,35,28,31,48,25,46,42,38,40,39,41,1118,87,47,29,30,26],"class_list":{"0":"post-211923","1":"post","2":"type-post","3":"status-publish","4":"format-standard","5":"has-post-thumbnail","7":"category-polska","8":"tag-breaking-news","9":"tag-breakingnews","10":"tag-chiny","11":"tag-featured-news","12":"tag-featurednews","13":"tag-headlines","14":"tag-indie","15":"tag-kraj","16":"tag-latest-news","17":"tag-latestnews","18":"tag-naglowki","19":"tag-najwazniejsze-artykuly","20":"tag-nat_styl","21":"tag-news","22":"tag-omp","23":"tag-pl","24":"tag-poland","25":"tag-polish","26":"tag-polska","27":"tag-polski","28":"tag-radoslaw_sikorski","29":"tag-rosja","30":"tag-screening_general","31":"tag-top-stories","32":"tag-topstories","33":"tag-wiadomosci"},"share_on_mastodon":{"url":"https:\/\/pubeurope.com\/@pl\/115916078045496104","error":""},"_links":{"self":[{"href":"https:\/\/www.europesays.com\/pl\/wp-json\/wp\/v2\/posts\/211923","targetHints":{"allow":["GET"]}}],"collection":[{"href":"https:\/\/www.europesays.com\/pl\/wp-json\/wp\/v2\/posts"}],"about":[{"href":"https:\/\/www.europesays.com\/pl\/wp-json\/wp\/v2\/types\/post"}],"author":[{"embeddable":true,"href":"https:\/\/www.europesays.com\/pl\/wp-json\/wp\/v2\/users\/2"}],"replies":[{"embeddable":true,"href":"https:\/\/www.europesays.com\/pl\/wp-json\/wp\/v2\/comments?post=211923"}],"version-history":[{"count":0,"href":"https:\/\/www.europesays.com\/pl\/wp-json\/wp\/v2\/posts\/211923\/revisions"}],"wp:featuredmedia":[{"embeddable":true,"href":"https:\/\/www.europesays.com\/pl\/wp-json\/wp\/v2\/media\/211924"}],"wp:attachment":[{"href":"https:\/\/www.europesays.com\/pl\/wp-json\/wp\/v2\/media?parent=211923"}],"wp:term":[{"taxonomy":"category","embeddable":true,"href":"https:\/\/www.europesays.com\/pl\/wp-json\/wp\/v2\/categories?post=211923"},{"taxonomy":"post_tag","embeddable":true,"href":"https:\/\/www.europesays.com\/pl\/wp-json\/wp\/v2\/tags?post=211923"}],"curies":[{"name":"wp","href":"https:\/\/api.w.org\/{rel}","templated":true}]}}