{"id":211947,"date":"2026-01-18T12:35:07","date_gmt":"2026-01-18T12:35:07","guid":{"rendered":"https:\/\/www.europesays.com\/pl\/211947\/"},"modified":"2026-01-18T12:35:07","modified_gmt":"2026-01-18T12:35:07","slug":"karol-nawrocki-pomogl-zbigniewowi-ziobrze-jest-glos-z-palacu-prezydenckiego","status":"publish","type":"post","link":"https:\/\/www.europesays.com\/pl\/211947\/","title":{"rendered":"Karol Nawrocki pom\u00f3g\u0142 Zbigniewowi Ziobrze? Jest g\u0142os z Pa\u0142acu Prezydenckiego"},"content":{"rendered":"<p class=\"ods-c-paragraph \">By\u0142y minister sprawiedliwo\u015bci, aktualnie<a href=\"https:\/\/wiadomosci.onet.pl\/swiat\/zbigniew-ziobro-z-azylem-na-wegrzech-jest-potwierdzenie\/ckesqe4\" id=\"7890505e-1801-433c-8661-19d3d73bb9f5\" rel=\"nofollow noopener\" target=\"_blank\"> pose\u0142 Prawa i Sprawiedliwo\u015bci Zbigniew Ziobro jest obj\u0119ty azylem politycznym i ochron\u0105 mi\u0119dzynarodow\u0105 przez w\u0142adze W\u0119gier, kt\u00f3re uzna\u0142y, \u017ce gro\u017c\u0105 mu prze\u015bladowania polityczne. <\/a> Decyzja ta zapad\u0142a w grudniu ub.r. Sam Ziobro o\u015bwiadczy\u0142 m.in., \u017ce pozostanie za granic\u0105 do czasu, gdy &#8222;w Polsce zostan\u0105 przywr\u00f3cone rzeczywiste gwarancje praworz\u0105dno\u015bci&#8221; i \u017ce wybiera &#8222;walk\u0119 z politycznym bandytyzmem i bezprawiem&#8221;.<\/p>\n<p> Dalszy ci\u0105g artyku\u0142u pod materia\u0142em wideo    <\/p>\n<p> Czy prezydent Nawrocki pom\u00f3g\u0142 Ziobrze w uzyskaniu azylu? <\/p>\n<p> Jakie zarzuty zosta\u0142y postawione Zbigniewowi Ziobrze? <\/p>\n<p> Ile przest\u0119pstw ma na koncie Ziobro? <\/p>\n<p> Kto jeszcze jest podejrzany w sprawie Funduszu Sprawiedliwo\u015bci? <\/p>\n<p class=\"ods-c-paragraph \">W niedziel\u0119 w TVP Info Gajadhura zapytano o pojawiaj\u0105ce si\u0119 &#8222;nieoficjalne informacje&#8221;, wed\u0142ug kt\u00f3rych &#8222;wsp\u00f3\u0142pracownicy Zbigniewa Ziobry twierdz\u0105, \u017ce bardzo du\u017c\u0105 rol\u0119 w uzyskaniu azylu na W\u0119grzech odegra\u0142 prezydent Karol Nawrocki, \u017ce by\u0142 osobi\u015bcie zaanga\u017cowany w to, \u017ceby Ziobrze azyl pom\u00f3c uzyska\u0107&#8221;.<\/p>\n<p class=\"ods-c-paragraph \">Doradca prezydenta odpar\u0142, \u017ce to nieprawda. \u2014 Prezydent Karol Nawrocki nie pomaga\u0142 w przyznaniu azylu panu ministrowi Ziobrze (&#8230;). To jest tak naprawd\u0119 pytanie do premiera Orbana, jak zosta\u0142 ten azyl przyznany, bo to jest kwestia W\u0119gier \u2014 powiedzia\u0142.<\/p>\n<p class=\"ods-c-paragraph \">Gajadhur doda\u0142, i\u017c &#8222;wida\u0107, \u017ce W\u0119gry widz\u0105, \u017ce w Polsce jest demolowany ustr\u00f3j pa\u0144stwa przez premiera Donalda Tuska&#8221; i &#8222;mo\u017cna mie\u0107 w\u0105tpliwo\u015bci, czy Zbigniew Ziobro m\u00f3g\u0142by tutaj liczy\u0107 na uczciwy proces&#8221;. \u2014 Raczej nie. To jest nagonka polityczna \u2014 oceni\u0142.<\/p>\n<p>   Afera w Funduszu Sprawiedliwo\u015bci<\/p>\n<p class=\"ods-c-paragraph \">Wobec Ziobry w Polsce toczy si\u0119 post\u0119powanie karne, w kt\u00f3rym prokuratura zarzuca mu m.in. kierowanie zorganizowan\u0105 grup\u0105 przest\u0119pcz\u0105 oraz, \u017ce wykorzystywa\u0142 swoje stanowisko do dzia\u0142a\u0144 o charakterze przest\u0119pczym. Ziobro mia\u0142 pope\u0142ni\u0107 26 przest\u0119pstw, m.in. wydawa\u0107 swoim podw\u0142adnym polecenia \u0142amania prawa, by zapewni\u0107 wybranym podmiotom dotacje z Funduszu Sprawiedliwo\u015bci, ingerowa\u0107 w przygotowanie ofert konkursowych i dopuszcza\u0107 do przyznawania \u015brodk\u00f3w nieuprawnionym podmiotom.<\/p>\n<p class=\"ods-c-paragraph \">W sprawie dotycz\u0105cym Funduszu Sprawiedliwo\u015bci podejrzanym jest te\u017c Marcin Romanowski, obecnie pose\u0142 PiS, kt\u00f3ry r\u00f3wnie\u017c otrzyma\u0142 azyl na W\u0119grzech. Romanowski, kt\u00f3ry jako wiceminister nadzorowa\u0142 FS, podejrzany jest o pope\u0142nienie 19 przest\u0119pstw. Prokuratura zarzuca mu m.in. udzia\u0142 w zorganizowanej grupie przest\u0119pczej i ustawianie konkurs\u00f3w za pieni\u0105dze z tego funduszu.<\/p>\n<p class=\"ods-c-paragraph \">Tak Ziobro, jak i Romanowski odrzucaj\u0105 zarzuty i uwa\u017caj\u0105, \u017ce s\u0105 one motywowane politycznie.<\/p>\n","protected":false},"excerpt":{"rendered":"By\u0142y minister sprawiedliwo\u015bci, aktualnie pose\u0142 Prawa i Sprawiedliwo\u015bci Zbigniew Ziobro jest obj\u0119ty azylem politycznym i ochron\u0105 mi\u0119dzynarodow\u0105 przez&hellip;\n","protected":false},"author":2,"featured_media":211948,"comment_status":"","ping_status":"","sticky":false,"template":"","format":"standard","meta":{"footnotes":""},"categories":[12],"tags":[32,33,36,37,5168,27,43,49,34,35,12348,28,31,48,25,46,42,38,40,39,41,47,29,30,2670,26,2037],"class_list":{"0":"post-211947","1":"post","2":"type-post","3":"status-publish","4":"format-standard","5":"has-post-thumbnail","7":"category-polska","8":"tag-breaking-news","9":"tag-breakingnews","10":"tag-featured-news","11":"tag-featurednews","12":"tag-fundusz_sprawiedliwosci","13":"tag-headlines","14":"tag-karol_nawrocki","15":"tag-kraj","16":"tag-latest-news","17":"tag-latestnews","18":"tag-marcin_romanowski","19":"tag-naglowki","20":"tag-najwazniejsze-artykuly","21":"tag-nat_styl","22":"tag-news","23":"tag-omp","24":"tag-pl","25":"tag-poland","26":"tag-polish","27":"tag-polska","28":"tag-polski","29":"tag-screening_general","30":"tag-top-stories","31":"tag-topstories","32":"tag-wegry","33":"tag-wiadomosci","34":"tag-zbigniew_ziobro"},"share_on_mastodon":{"url":"https:\/\/pubeurope.com\/@pl\/115916133075423021","error":""},"_links":{"self":[{"href":"https:\/\/www.europesays.com\/pl\/wp-json\/wp\/v2\/posts\/211947","targetHints":{"allow":["GET"]}}],"collection":[{"href":"https:\/\/www.europesays.com\/pl\/wp-json\/wp\/v2\/posts"}],"about":[{"href":"https:\/\/www.europesays.com\/pl\/wp-json\/wp\/v2\/types\/post"}],"author":[{"embeddable":true,"href":"https:\/\/www.europesays.com\/pl\/wp-json\/wp\/v2\/users\/2"}],"replies":[{"embeddable":true,"href":"https:\/\/www.europesays.com\/pl\/wp-json\/wp\/v2\/comments?post=211947"}],"version-history":[{"count":0,"href":"https:\/\/www.europesays.com\/pl\/wp-json\/wp\/v2\/posts\/211947\/revisions"}],"wp:featuredmedia":[{"embeddable":true,"href":"https:\/\/www.europesays.com\/pl\/wp-json\/wp\/v2\/media\/211948"}],"wp:attachment":[{"href":"https:\/\/www.europesays.com\/pl\/wp-json\/wp\/v2\/media?parent=211947"}],"wp:term":[{"taxonomy":"category","embeddable":true,"href":"https:\/\/www.europesays.com\/pl\/wp-json\/wp\/v2\/categories?post=211947"},{"taxonomy":"post_tag","embeddable":true,"href":"https:\/\/www.europesays.com\/pl\/wp-json\/wp\/v2\/tags?post=211947"}],"curies":[{"name":"wp","href":"https:\/\/api.w.org\/{rel}","templated":true}]}}