{"id":211988,"date":"2026-01-18T12:58:08","date_gmt":"2026-01-18T12:58:08","guid":{"rendered":"https:\/\/www.europesays.com\/pl\/211988\/"},"modified":"2026-01-18T12:58:08","modified_gmt":"2026-01-18T12:58:08","slug":"lewandowski-walczy-z-ferranem-hiszpanskie-media-wydaly-werdykt","status":"publish","type":"post","link":"https:\/\/www.europesays.com\/pl\/211988\/","title":{"rendered":"Lewandowski walczy z Ferranem. Hiszpa\u0144skie media wyda\u0142y werdykt"},"content":{"rendered":"\n<p class=\"contentpart contentpart--default contentpart--text\" data-position=\"0\">Na p\u00f3\u0142metku zmaga\u0144 w hiszpa\u0144skiej ekstraklasie\u00a0<a href=\"https:\/\/sportowefakty.wp.pl\/pilka-nozna\/fc-barcelona\" rel=\"nofollow noopener\" target=\"_blank\">FC Barcelona<\/a>\u00a0jest liderem. Aktualnie ma punkt przewagi nad wielkim rywalem, czyli Realem Madryt, ale &#8222;Kr\u00f3lewscy&#8221; maj\u0105 ju\u017c za sob\u0105 mecz 20. kolejki La Ligi. Natomiast &#8222;Duma Katalonii&#8221; zmierzy si\u0119 w niedzielny wiecz\u00f3r z\u00a0<a href=\"https:\/\/sportowefakty.wp.pl\/pilka-nozna\/real-sociedad\" rel=\"nofollow noopener\" target=\"_blank\">Realem Sociedad<\/a>.<\/p>\n<p class=\"contentpart contentpart--default contentpart--text\" data-position=\"1\">W kadrze meczowej na to spotkanie znale\u017ali si\u0119 dwaj Polacy.\u00a0<a href=\"https:\/\/sportowefakty.wp.pl\/pilka-nozna\/robert-lewandowski\" rel=\"nofollow noopener\" target=\"_blank\">Robert Lewandowski<\/a>\u00a0dostawa\u0142 w ostatnim czasie mniej minut od trenera Hansiego Flicka. Hiszpa\u0144skie media r\u00f3\u017cnie oceniaj\u0105 jego szanse na wyst\u0119p w wyj\u015bciowej &#8222;11&#8221;.<\/p>\n<p>  <img decoding=\"async\" src=\"https:\/\/v.wpimg.pl\/X3dwLnN2d1IFFTpdYUl6R0ZNbgcnEHQREVV2TGEGbUtRT2MdOlZ2RBQUKABgQjQcDRotCStBd1IAAWMeIlM7VgwYIAorQAdEFFk_GCkQJQ\" alt=\"\" width=\"45\" height=\"58\" loading=\"lazy\"\/>  <\/p>\n<p class=\"contentpart contentpart--default contentpart--text\" data-position=\"2\">ZOBACZ WIDEO: Tak nasza ekipa \u015bwi\u0119towa\u0142a zwyci\u0119stwo w United Cup!<\/p>\n<p class=\"contentpart contentpart--default contentpart--text\" data-position=\"4\">Zdaniem dw\u00f3ch hiszpa\u0144skich dziennik\u00f3w (&#8222;Mundo Deportivo&#8221; i &#8222;Marca&#8221;) kapitan reprezentacji Polski usi\u0105dzie na \u0142awce rezerwowych. Te gazety uwa\u017caj\u0105, \u017ce na pozycji napastnika ustawiony zostanie\u00a0<a href=\"https:\/\/sportowefakty.wp.pl\/pilka-nozna\/ferran-torres\" rel=\"nofollow noopener\" target=\"_blank\">Ferran Torres<\/a>.<\/p>\n<p class=\"contentpart contentpart--default contentpart--text\" data-position=\"5\">Inaczej zestawiaj\u0105 sk\u0142ad Barcelony dzienniki &#8222;L&#8217;Esportiu&#8221; i &#8222;AS&#8221;. Ich zdaniem &#8222;Lewy&#8221; pojawi si\u0119 na boisku ju\u017c od pierwszego gwizdka. Media spodziewaj\u0105 si\u0119, \u017ce partnerowa\u0107 Polakowi z przodu mog\u0105\u00a0<a href=\"https:\/\/sportowefakty.wp.pl\/pilka-nozna\/lamine-yamal\" rel=\"nofollow noopener\" target=\"_blank\">Lamine Yamal<\/a>\u00a0i\u00a0<a href=\"https:\/\/sportowefakty.wp.pl\/pilka-nozna\/marcus-rashford\" rel=\"nofollow noopener\" target=\"_blank\">Marcus Rashford<\/a>, cho\u0107 nie wykluczaj\u0105, \u017ce Anglik nie wyjdzie w podstawowym sk\u0142adzie.<\/p>\n<p class=\"contentpart contentpart--default contentpart--text\" data-position=\"6\">A jak przedstawia si\u0119 sytuacja\u00a0<a href=\"https:\/\/sportowefakty.wp.pl\/pilka-nozna\/wojciech-szczesny\" rel=\"nofollow noopener\" target=\"_blank\">Wojciecha Szcz\u0119snego<\/a>? W tej sprawie wszystko jest jasne, bowiem trener Flick ju\u017c jaki\u015b czas temu ustali\u0142 hierarchi\u0119. Pierwszym wyborem niemieckiego szkoleniowca jest\u00a0<a href=\"https:\/\/sportowefakty.wp.pl\/tenis\/joan-garcia\" rel=\"nofollow noopener\" target=\"_blank\">Joan Garcia<\/a>\u00a0i dlatego hiszpa\u0144skie media spodziewaj\u0105 si\u0119 jego wyst\u0119pu.<\/p>\n<p>  <img decoding=\"async\" src=\"https:\/\/v.wpimg.pl\/X3dwLnN2d1IFFTpdYUl6R0ZNbgcnEHQREVV2TGEGbUtRT2MdOlZ2RBQUKABgQjQcDRotCStBd1IAAWMeIlM7VgwYIAorQAdEFFk_GCkQJQ\" alt=\"\" width=\"45\" height=\"58\" loading=\"lazy\"\/>  <\/p>\n<p class=\"contentpart contentpart--default contentpart--text\" data-position=\"7\">Mecz Real Sociedad &#8211; FC Barcelona rozpocznie si\u0119 o godz. 21:00. Transmisja z tego wydarzenia b\u0119dzie dost\u0119pna w Canal+ Sport. <a href=\"https:\/\/sportowefakty.wp.pl\/pilka-nozna\/relacja-na-zywo\/170008\/real-sociedad-fc-barcelona-live?pvclid=01KF83QHB2T8Y472F638ZSA61M\" rel=\"nofollow noopener\" target=\"_blank\">Relacja tekstowa na \u017cywo na portalu WP SportoweFakty<\/a>.<\/p>\n","protected":false},"excerpt":{"rendered":"Na p\u00f3\u0142metku zmaga\u0144 w hiszpa\u0144skiej ekstraklasie\u00a0FC Barcelona\u00a0jest liderem. Aktualnie ma punkt przewagi nad wielkim rywalem, czyli Realem Madryt,&hellip;\n","protected":false},"author":2,"featured_media":211989,"comment_status":"","ping_status":"","sticky":false,"template":"","format":"standard","meta":{"footnotes":""},"categories":[24],"tags":[1157,272,267,538,269,540,278,42,901,38,40,39,41,6537,273,6536,127,126,1876],"class_list":{"0":"post-211988","1":"post","2":"type-post","3":"status-publish","4":"format-standard","5":"has-post-thumbnail","7":"category-sport","8":"tag-barcelona","9":"tag-fc-barcelona","10":"tag-hiszpania","11":"tag-la-liga","12":"tag-pilka-nozna","13":"tag-pilka-nozna-w-hiszpanii","14":"tag-pilka-w-europie","15":"tag-pl","16":"tag-polacy-za-granica","17":"tag-poland","18":"tag-polish","19":"tag-polska","20":"tag-polski","21":"tag-real-sociedad","22":"tag-robert-lewandowski","23":"tag-san-sebastian","24":"tag-sport","25":"tag-sports","26":"tag-wojciech-szczesny"},"share_on_mastodon":{"url":"https:\/\/pubeurope.com\/@pl\/115916223572191433","error":""},"_links":{"self":[{"href":"https:\/\/www.europesays.com\/pl\/wp-json\/wp\/v2\/posts\/211988","targetHints":{"allow":["GET"]}}],"collection":[{"href":"https:\/\/www.europesays.com\/pl\/wp-json\/wp\/v2\/posts"}],"about":[{"href":"https:\/\/www.europesays.com\/pl\/wp-json\/wp\/v2\/types\/post"}],"author":[{"embeddable":true,"href":"https:\/\/www.europesays.com\/pl\/wp-json\/wp\/v2\/users\/2"}],"replies":[{"embeddable":true,"href":"https:\/\/www.europesays.com\/pl\/wp-json\/wp\/v2\/comments?post=211988"}],"version-history":[{"count":0,"href":"https:\/\/www.europesays.com\/pl\/wp-json\/wp\/v2\/posts\/211988\/revisions"}],"wp:featuredmedia":[{"embeddable":true,"href":"https:\/\/www.europesays.com\/pl\/wp-json\/wp\/v2\/media\/211989"}],"wp:attachment":[{"href":"https:\/\/www.europesays.com\/pl\/wp-json\/wp\/v2\/media?parent=211988"}],"wp:term":[{"taxonomy":"category","embeddable":true,"href":"https:\/\/www.europesays.com\/pl\/wp-json\/wp\/v2\/categories?post=211988"},{"taxonomy":"post_tag","embeddable":true,"href":"https:\/\/www.europesays.com\/pl\/wp-json\/wp\/v2\/tags?post=211988"}],"curies":[{"name":"wp","href":"https:\/\/api.w.org\/{rel}","templated":true}]}}