{"id":212180,"date":"2026-01-18T15:04:07","date_gmt":"2026-01-18T15:04:07","guid":{"rendered":"https:\/\/www.europesays.com\/pl\/212180\/"},"modified":"2026-01-18T15:04:07","modified_gmt":"2026-01-18T15:04:07","slug":"nie-zyje-andrzej-kuczynski-niegdys-pytal-o-niego-sam-ferguson","status":"publish","type":"post","link":"https:\/\/www.europesays.com\/pl\/212180\/","title":{"rendered":"Nie \u017cyje Andrzej Kuczy\u0144ski. Niegdy\u015b pyta\u0142 o niego sam Ferguson"},"content":{"rendered":"\n<p class=\"contentpart contentpart--default contentpart--text\" data-position=\"0\">W niedziel\u0119, 18 stycznia, w Poznaniu zmar\u0142 <a href=\"https:\/\/sportowefakty.wp.pl\/inne\/andrzej-kuczynski\" rel=\"nofollow noopener\" target=\"_blank\">Andrzej Kuczy\u0144ski<\/a>\u00a0&#8211; poinformowa\u0142 gloswielkopolski.pl. Wybitny dziennikarz sportowy, wieloletni wsp\u00f3\u0142pracownik Polskiej Agencji Prasowej (PAP) oraz oddany dzia\u0142acz Polskiego Zwi\u0105zku Hokeja na Trawie, mia\u0142 84 lata.<\/p>\n<p class=\"contentpart contentpart--default contentpart--text\" data-position=\"1\">By\u0142 postaci\u0105 nierozerwalnie zwi\u0105zan\u0105 z wielkopolskim sportem. W trakcie swojej wieloletniej kariery pe\u0142ni\u0142 funkcj\u0119 kierownika redakcji sportowej w &#8222;G\u0142osie Wielkopolskim&#8221;, pracowa\u0142 dla katowickiego &#8222;Sportu&#8221;, a jego relacje pojawia\u0142y si\u0119 na \u0142amach &#8222;Przegl\u0105du Sportowego&#8221;, &#8222;Tempa&#8221; czy &#8222;Expressu Pozna\u0144skiego&#8221;.<\/p>\n<p>  <img decoding=\"async\" src=\"https:\/\/v.wpimg.pl\/X3dwLnN2d1IFFTpdYUl6R0ZNbgcnEHQREVV2TGEGbUtRT2MdOlZ2RBQUKABgQjQcDRotCStBd1IAAWMeIlM7VgwYIAorQAdEFFk_GCkQJQ\" alt=\"\" width=\"45\" height=\"58\" loading=\"lazy\"\/>  <\/p>\n<p class=\"contentpart contentpart--default contentpart--text\" data-position=\"2\">Poza prac\u0105 dziennikarsk\u0105, aktywnie budowa\u0142 struktury polskiego hokeja na trawie, pe\u0142ni\u0105c funkcj\u0119 wiceprezesa i rzecznika prasowego zwi\u0105zku. Kuczy\u0144ski pozostawi\u0142 po sobie nie tylko tysi\u0105ce tekst\u00f3w, ale i legendarn\u0105 histori\u0119 z czas\u00f3w stanu wojennego, kt\u00f3ra splot\u0142a jego losy z jednym z najs\u0142ynniejszych trener\u00f3w \u015bwiata.<\/p>\n<p class=\"contentpart contentpart--default contentpart--text\" data-position=\"3\">W 1982 r. <a href=\"https:\/\/sportowefakty.wp.pl\/pilka-nozna\/lech-poznan\" rel=\"nofollow noopener\" target=\"_blank\">Lech Pozna\u0144<\/a> mierzy\u0142 si\u0119 w Pucharze Zdobywc\u00f3w Puchar\u00f3w ze szkockim <a href=\"https:\/\/sportowefakty.wp.pl\/pilka-nozna\/aberdeen-fc\" rel=\"nofollow noopener\" target=\"_blank\">Aberdeen FC<\/a>\u00a0(0:2 i 0:1). W dobie stanu wojennego wyjazd dziennikarza za granic\u0119 by\u0142 niemal niemo\u017cliwy. Jak opisywa\u0142a &#8222;Gazeta Wyborcza&#8221;, Kuczy\u0144ski, po ogromnych trudno\u015bciach z uzyskaniem wizy, dotar\u0142 jedynie do Londynu &#8211; koszty dalszej podr\u00f3\u017cy do Szkocji okaza\u0142y si\u0119 barier\u0105 nie do przebicia.<\/p>\n<p class=\"contentpart contentpart--default contentpart--text\" data-position=\"4\">Brak kontaktu z dziennikarzem wywo\u0142a\u0142 w kraju niema\u0142e zamieszanie. Gdy Kuczy\u0144ski wr\u00f3ci\u0142 do Polski i zadzwoni\u0142 do redakcji, by podyktowa\u0107 tekst, us\u0142ysza\u0142 od zdziwionej maszynistki: &#8222;Przecie\u017c pan ju\u017c tu nie pracuje! My\u015bleli\u015bmy, \u017ce pan zosta\u0142 na Zachodzie&#8221;.<\/p>\n<p>  <img decoding=\"async\" src=\"https:\/\/v.wpimg.pl\/X3dwLnN2d1IFFTpdYUl6R0ZNbgcnEHQREVV2TGEGbUtRT2MdOlZ2RBQUKABgQjQcDRotCStBd1IAAWMeIlM7VgwYIAorQAdEFFk_GCkQJQ\" alt=\"\" width=\"45\" height=\"58\" loading=\"lazy\"\/>  <\/p>\n<p class=\"contentpart contentpart--default contentpart--text\" data-position=\"5\">Jak si\u0119 okaza\u0142o, znikni\u0119cie dziennikarza odnotowano nawet w samym Aberdeen, gdzie polscy koledzy po fachu nieustannie dzwonili do klubu, dopytuj\u0105c o losy redaktora z Poznania.<\/p>\n<p class=\"contentpart contentpart--default contentpart--text\" data-position=\"6\">Fina\u0142 tej historii nast\u0105pi\u0142 podczas meczu rewan\u017cowego w Polsce. \u00d3wczesny mened\u017cer Aberdeen, <a href=\"https:\/\/sportowefakty.wp.pl\/pilka-nozna\/alex-ferguson\" rel=\"nofollow noopener\" target=\"_blank\">Alex Ferguson<\/a>, na konferencji prasowej osobi\u015bcie zapyta\u0142: &#8222;A gdzie jest ten dziennikarz, o kt\u00f3rego wszyscy u nas pytali?&#8221;.\u00a0<\/p>\n<p class=\"contentpart contentpart--default contentpart--text\" data-position=\"7\">Gdy Kuczy\u0144ski wsta\u0142 i si\u0119 przedstawi\u0142, przysz\u0142y legendarny trener Manchesteru United z u\u015bmiechem pokiwa\u0142 g\u0142ow\u0105, przyznaj\u0105c, \u017ce zamieszanie wok\u00f3\u0142 jego osoby by\u0142o naprawd\u0119 spore.<\/p>\n","protected":false},"excerpt":{"rendered":"W niedziel\u0119, 18 stycznia, w Poznaniu zmar\u0142 Andrzej Kuczy\u0144ski\u00a0&#8211; poinformowa\u0142 gloswielkopolski.pl. Wybitny dziennikarz sportowy, wieloletni wsp\u00f3\u0142pracownik Polskiej Agencji&hellip;\n","protected":false},"author":2,"featured_media":212181,"comment_status":"","ping_status":"","sticky":false,"template":"","format":"standard","meta":{"footnotes":""},"categories":[24],"tags":[40200,40201,6123,215,269,42,38,40,39,41,1817,127,126],"class_list":{"0":"post-212180","1":"post","2":"type-post","3":"status-publish","4":"format-standard","5":"has-post-thumbnail","7":"category-sport","8":"tag-alex-ferguson","9":"tag-andrzej-kuczynski","10":"tag-inne","11":"tag-lech-poznan","12":"tag-pilka-nozna","13":"tag-pl","14":"tag-poland","15":"tag-polish","16":"tag-polska","17":"tag-polski","18":"tag-poznan","19":"tag-sport","20":"tag-sports"},"share_on_mastodon":{"url":"https:\/\/pubeurope.com\/@pl\/115916719016366522","error":""},"_links":{"self":[{"href":"https:\/\/www.europesays.com\/pl\/wp-json\/wp\/v2\/posts\/212180","targetHints":{"allow":["GET"]}}],"collection":[{"href":"https:\/\/www.europesays.com\/pl\/wp-json\/wp\/v2\/posts"}],"about":[{"href":"https:\/\/www.europesays.com\/pl\/wp-json\/wp\/v2\/types\/post"}],"author":[{"embeddable":true,"href":"https:\/\/www.europesays.com\/pl\/wp-json\/wp\/v2\/users\/2"}],"replies":[{"embeddable":true,"href":"https:\/\/www.europesays.com\/pl\/wp-json\/wp\/v2\/comments?post=212180"}],"version-history":[{"count":0,"href":"https:\/\/www.europesays.com\/pl\/wp-json\/wp\/v2\/posts\/212180\/revisions"}],"wp:featuredmedia":[{"embeddable":true,"href":"https:\/\/www.europesays.com\/pl\/wp-json\/wp\/v2\/media\/212181"}],"wp:attachment":[{"href":"https:\/\/www.europesays.com\/pl\/wp-json\/wp\/v2\/media?parent=212180"}],"wp:term":[{"taxonomy":"category","embeddable":true,"href":"https:\/\/www.europesays.com\/pl\/wp-json\/wp\/v2\/categories?post=212180"},{"taxonomy":"post_tag","embeddable":true,"href":"https:\/\/www.europesays.com\/pl\/wp-json\/wp\/v2\/tags?post=212180"}],"curies":[{"name":"wp","href":"https:\/\/api.w.org\/{rel}","templated":true}]}}