{"id":212204,"date":"2026-01-18T15:29:08","date_gmt":"2026-01-18T15:29:08","guid":{"rendered":"https:\/\/www.europesays.com\/pl\/212204\/"},"modified":"2026-01-18T15:29:08","modified_gmt":"2026-01-18T15:29:08","slug":"viktor-orban-pokazal-list-od-donalda-trumpa-zaszczytne-zaproszenie","status":"publish","type":"post","link":"https:\/\/www.europesays.com\/pl\/212204\/","title":{"rendered":"Viktor Orban pokaza\u0142 list od Donalda Trumpa. &#8222;Zaszczytne zaproszenie&#8221;"},"content":{"rendered":"<p class=\"ods-c-paragraph \">&#8222;Nadszed\u0142 czas zmienienia marze\u0144 w rzeczywisto\u015b\u0107. W sercu plan\u00f3w pokoju w Strefie Gazy jest Rada Pokoju \u2014 najbardziej imponuj\u0105ca i wa\u017cka Rada kiedykolwiek zebrana&#8221; \u2014 napisa\u0142 w li\u015bcie ameryka\u0144ski prezydent.<\/p>\n<p class=\"ods-c-paragraph \">&#8222;Nasze wysi\u0142ki zgromadz\u0105 wyj\u0105tkow\u0105 grup\u0119 narod\u00f3w gotowych przyj\u0105\u0107 na siebie szlachetn\u0105 odpowiedzialno\u015b\u0107 budowy TRWA\u0141EGO POKOJU. To zaszczyt zarezerwowany dla gotowych prowadzi\u0107 przyk\u0142adem i wspaniale inwestowa\u0107 w bezpieczn\u0105 i prosperuj\u0105c\u0105 przysz\u0142o\u015b\u0107 nadchodz\u0105cych pokole\u0144. Zwo\u0142amy naszych wspania\u0142ych i oddanych partner\u00f3w, z kt\u00f3rych wi\u0119kszo\u015b\u0107 to WIELCE SZANOWANI \u015aWIATOWI LIDERZY, w nieodleg\u0142ej przysz\u0142o\u015bci&#8221; \u2014 doda\u0142 Trump w dokumencie adresowanym do w\u0119gierskiego premiera.<\/p>\n<p class=\"ods-c-paragraph \">&#8222;Jako przewodnicz\u0105cy Rady, oficjalnie zapraszam W\u0119gry do do\u0142\u0105czenia jako cz\u0142onek-za\u0142o\u017cyciel&#8221; \u2014 napisa\u0142 prezydent USA.<\/p>\n<p> Dalszy ci\u0105g artyku\u0142u pod materia\u0142em wideo    <\/p>\n<p> Co Viktor Orban powiedzia\u0142 o li\u015bcie od Donalda Trumpa? <\/p>\n<p> Jakie zaproszenie otrzyma\u0142 Viktor Orban? <\/p>\n<p> Kto stoi na czele Rady Pokoju dla Gazy? <\/p>\n<p> Co zawiera plan pokojowy przygotowany przez Trumpa? <\/p>\n<p>  Viktor Orban dosta\u0142 list od Donalda Trumpa. &#8222;Przyj\u0119li\u015bmy to zaszczytne zaproszenie&#8221; <\/p>\n<p class=\"ods-c-paragraph \">W komentarzu do opublikowanego w portalach spo\u0142eczno\u015bciowych listu Orban zauwa\u017cy\u0142, \u017ce &#8222;wraz z Trumpem nadchodzi pok\u00f3j&#8221;. &#8222;W\u0119gierskie wysi\u0142ki na rzecz pokoju s\u0105 doceniane. Prezydent Trump zaprosi\u0142 W\u0119gry do udzia\u0142u w pracach Rady Pokoju jako cz\u0142onka-za\u0142o\u017cyciela. Oczywi\u015bcie przyj\u0119li\u015bmy to zaszczytne zaproszenie&#8221; \u2014 poinformowa\u0142 premier W\u0119gier.<\/p>\n<p class=\"ods-c-paragraph \">Bia\u0142y Dom ujawni\u0142 w pi\u0105tek, \u017ce w sk\u0142ad Rady Pokoju, maj\u0105cej zarz\u0105dza\u0107 Stref\u0105 Gazy, wchodz\u0105 m.in. sekretarz stanu USA Marco Rubio, specjalny wys\u0142annik Steve Witkoff, zi\u0119\u0107 prezydenta Jared Kushner i by\u0142y brytyjski premier Tony Blair. Na czele Rady stoi prezydent Trump.<\/p>\n<p class=\"ods-c-paragraph \">Agencja Bloomberga napisa\u0142a w sobot\u0119, \u017ce administracja Trumpa chce, by kraje wp\u0142aci\u0142y co najmniej po 1 mld dolar\u00f3w za sta\u0142e cz\u0142onkostwo w Radzie. Wed\u0142ug projektu statutu Rady, do kt\u00f3rego dotar\u0142 Bloomberg, prezydent Trump ma by\u0107 jej przewodnicz\u0105cym i ma decydowa\u0107 o tym, kto zostanie zaproszony do cz\u0142onkostwa w tym gremium.<\/p>\n<p class=\"ods-c-paragraph \">Powo\u0142anie Rady zosta\u0142o zapisane w przygotowanym przez Trumpa planie pokojowym, na kt\u00f3ry zgodzi\u0142 si\u0119 zar\u00f3wno Izrael, jak i palesty\u0144ski Hamas. W Strefie Gazy od 10 pa\u017adziernika 2025 r. trwa zawieszenie broni, a utworzenie Rady ma by\u0107 elementem wdra\u017cania drugiej fazy rozejmu.<\/p>\n<p class=\"ods-c-paragraph \">Podobne listy otrzymali w sobot\u0119 i niedziel\u0119 prezydent Turcji Recep Tayyip Erdogan, prezydent Egiptu Abd el-Fatah as-Sisi oraz kr\u00f3l Jordanii Abdullah II.<\/p>\n","protected":false},"excerpt":{"rendered":"&#8222;Nadszed\u0142 czas zmienienia marze\u0144 w rzeczywisto\u015b\u0107. W sercu plan\u00f3w pokoju w Strefie Gazy jest Rada Pokoju \u2014 najbardziej&hellip;\n","protected":false},"author":2,"featured_media":212205,"comment_status":"","ping_status":"","sticky":false,"template":"","format":"standard","meta":{"footnotes":""},"categories":[14],"tags":[32,33,44,27,34,35,28,31,48,25,46,40,41,47,88,80,29,30,71,2670,26,82,83,84],"class_list":{"0":"post-212204","1":"post","2":"type-post","3":"status-publish","4":"format-standard","5":"has-post-thumbnail","7":"category-swiat","8":"tag-breaking-news","9":"tag-breakingnews","10":"tag-donald_trump","11":"tag-headlines","12":"tag-latest-news","13":"tag-latestnews","14":"tag-naglowki","15":"tag-najwazniejsze-artykuly","16":"tag-nat_styl","17":"tag-news","18":"tag-omp","19":"tag-polish","20":"tag-polski","21":"tag-screening_general","22":"tag-strefa_gazy","23":"tag-swiat","24":"tag-top-stories","25":"tag-topstories","26":"tag-usa","27":"tag-wegry","28":"tag-wiadomosci","29":"tag-world","30":"tag-world-news","31":"tag-worldnews"},"share_on_mastodon":{"url":"https:\/\/pubeurope.com\/@pl\/115916817331298535","error":""},"_links":{"self":[{"href":"https:\/\/www.europesays.com\/pl\/wp-json\/wp\/v2\/posts\/212204","targetHints":{"allow":["GET"]}}],"collection":[{"href":"https:\/\/www.europesays.com\/pl\/wp-json\/wp\/v2\/posts"}],"about":[{"href":"https:\/\/www.europesays.com\/pl\/wp-json\/wp\/v2\/types\/post"}],"author":[{"embeddable":true,"href":"https:\/\/www.europesays.com\/pl\/wp-json\/wp\/v2\/users\/2"}],"replies":[{"embeddable":true,"href":"https:\/\/www.europesays.com\/pl\/wp-json\/wp\/v2\/comments?post=212204"}],"version-history":[{"count":0,"href":"https:\/\/www.europesays.com\/pl\/wp-json\/wp\/v2\/posts\/212204\/revisions"}],"wp:featuredmedia":[{"embeddable":true,"href":"https:\/\/www.europesays.com\/pl\/wp-json\/wp\/v2\/media\/212205"}],"wp:attachment":[{"href":"https:\/\/www.europesays.com\/pl\/wp-json\/wp\/v2\/media?parent=212204"}],"wp:term":[{"taxonomy":"category","embeddable":true,"href":"https:\/\/www.europesays.com\/pl\/wp-json\/wp\/v2\/categories?post=212204"},{"taxonomy":"post_tag","embeddable":true,"href":"https:\/\/www.europesays.com\/pl\/wp-json\/wp\/v2\/tags?post=212204"}],"curies":[{"name":"wp","href":"https:\/\/api.w.org\/{rel}","templated":true}]}}