{"id":212245,"date":"2026-01-18T15:58:19","date_gmt":"2026-01-18T15:58:19","guid":{"rendered":"https:\/\/www.europesays.com\/pl\/212245\/"},"modified":"2026-01-18T15:58:19","modified_gmt":"2026-01-18T15:58:19","slug":"kolejne-ofiary-cichego-zabojcy-pod-wloclawkiem-nie-zyja-matka-i-corka","status":"publish","type":"post","link":"https:\/\/www.europesays.com\/pl\/212245\/","title":{"rendered":"Kolejne ofiary &#8222;cichego zab\u00f3jcy&#8221; pod W\u0142oc\u0142awkiem. Nie \u017cyj\u0105 matka i c\u00f3rka"},"content":{"rendered":"<ul class=\"UnorderedList_container__nmfSl\">\n<li class=\"UnorderedList_listElement__Py7xi\" data-id=\"ai-summary-link\">Du\u017co czytania, a ma\u0142o czasu? Sprawd\u017a\u00a0skr\u00f3t\u00a0artyku\u0142u<\/li>\n<\/ul>\n<p class=\"Paragraph_desktopParagraph__U31Gm\">Oficer prasowy w\u0142oc\u0142awskiej stra\u017cy po\u017carnej m\u0142. bryg. Mariusz Bladoszewski powiedzia\u0142 PAP, \u017ce s\u0105siedzi zaalarmowali s\u0142u\u017cby o braku kontaktu z s\u0105siadami we wsi Przydatki Go\u0142aszewskie k. Kowala w powiecie w\u0142oc\u0142awskim.<\/p>\n<p class=\"Paragraph_desktopParagraph__U31Gm\">\u2014 Na miejsce zosta\u0142y wys\u0142ane dwa zast\u0119py stra\u017cy po\u017carnej. Po si\u0142owym wej\u015bciu do \u015brodka znaleziono dwie osoby. Ratownicy stwierdzili zgon 50-letniej i 85-letniej kobiety. Prawdopodobn\u0105 przyczyn\u0105 ich zgonu by\u0142o zatrucie tlenkiem w\u0119gla \u2014 powiedzia\u0142 PAP m\u0142. bryg. Bladoszewski.<\/p>\n<ul class=\"OchatFollowUps_wrapper__1ry7X\">\n<li class=\"OchatFollowUps_item__Dhyly OchatFollowUps_itemDesktop__R6aBv\">Jakie by\u0142y przyczyny \u015bmierci matki i c\u00f3rki w Przydatkach Go\u0142aszewskich?<\/li>\n<li class=\"OchatFollowUps_item__Dhyly OchatFollowUps_itemDesktop__R6aBv\">Jakie inne przypadki zatrucia czadem mia\u0142y miejsce w regionie?<\/li>\n<li class=\"OchatFollowUps_item__Dhyly OchatFollowUps_itemDesktop__R6aBv\">Kiedy zacznie obowi\u0105zywa\u0107 stosowanie czujnik\u00f3w tlenku w\u0119gla?<\/li>\n<li class=\"OchatFollowUps_item__Dhyly OchatFollowUps_itemDesktop__R6aBv\">Jakie s\u0105 g\u0142\u00f3wne przyczyny zatru\u0107 tlenkiem w\u0119gla w Polsce?<\/li>\n<\/ul>\n<p class=\"Paragraph_desktopParagraph__U31Gm\">Podkre\u015bli\u0142, \u017ce pomiary nie wykaza\u0142y ju\u017c obecno\u015bci tlenku w\u0119gla w domu, ale w domu by\u0142y urz\u0105dzenia, kt\u00f3re mog\u0142y go wydzieli\u0107 i w\u0142a\u015bnie zatrucie czadem jest jedn\u0105 z najpowa\u017cniejszych hipotez. Na to wskazywa\u0142y okoliczno\u015bci zgonu kobiet w Przydatkach Go\u0142aszewskich.<\/p>\n<p class=\"Paragraph_desktopParagraph__U31Gm\">Okoliczno\u015bci \u015bmierci matki i c\u00f3rki wyja\u015bni \u015bledztwo prokuratury. Na miejscu pracuj\u0105 s\u0142u\u017cby. Dom zosta\u0142 otwarty w sobot\u0119 po godzinie 17.<\/p>\n<p>Tragedia w Che\u0142mnie. W wyniku zatrucia zmarli matka i troje dzieci <\/p>\n<p class=\"Paragraph_desktopParagraph__U31Gm\">To kolejna tragedia spowodowana najprawdopodobniej przez tlenek w\u0119gla w ostatnich dniach w regionie.<\/p>\n<p class=\"Paragraph_desktopParagraph__U31Gm\">Jak poinformowa\u0142a w czwartek wieczorem PAP, matka i troje dzieci zmarli wskutek zatrucia tlenkiem w\u0119gla w kamienicy w \u015ar\u00f3dmie\u015bciu Che\u0142mna. Policj\u0119 zaalarmowa\u0142a siostra ofiary. Stra\u017cacy po przybyciu na miejsce zdarzenia wykryli urz\u0105dzeniami pomiarowymi bardzo du\u017ce st\u0119\u017cenie tlenku w\u0119gla.<\/p>\n<p class=\"Paragraph_desktopParagraph__U31Gm\">\u2014 Wczoraj wieczorem uda\u0142o si\u0119 przeprowadzi\u0107 ogl\u0119dziny miejsca zdarzenia z udzia\u0142em bieg\u0142ego. Uda\u0142o si\u0119 przes\u0142ucha\u0107 s\u0105siad\u00f3w, a tak\u017ce siostr\u0119 i brata zmar\u0142ej. Zabezpieczono tak\u017ce zw\u0142oki ca\u0142ej czw\u00f3rki ofiar, a tak\u017ce psa, bo on tak\u017ce by\u0142 w tym domu \u2014 powiedzia\u0142a PAP w pi\u0105tek rzecznik prasowa Prokuratury Okr\u0119gowej w Toruniu Izabela Oliver.<\/p>\n<p class=\"Paragraph_desktopParagraph__U31Gm\">Podkre\u015bli\u0142a, \u017ce w pi\u0105tek wszcz\u0119te zostaje \u015bledztwo w kierunku nieumy\u015blnego spowodowania \u015bmierci. \u2014 Obecnie wykluczamy udzia\u0142 os\u00f3b trzecich w tym zdarzeniu. Na ten moment oceniamy, \u017ce by\u0142 to nieszcz\u0119\u015bliwy wypadek. Ustalenie, co by\u0142o przyczyn\u0105 tej tragedii, jeszcze potrwa. Jedn\u0105 z prawdopodobnych hipotez jest z\u0142y stan piecyka gazowego, ale musimy poczeka\u0107 na opini\u0119 bieg\u0142ego \u2014 wskaza\u0142a rzecznik prasowa toru\u0144skiej prokuratury.<\/p>\n<p class=\"Paragraph_desktopParagraph__U31Gm\">Sekcje zw\u0142ok ofiar \u2014 jak przekaza\u0142a prokurator Oliver \u2014 b\u0119d\u0105 przeprowadzone w poniedzia\u0142ek.<\/p>\n<p class=\"Paragraph_desktopParagraph__U31Gm\">Do zdarzenia dosz\u0142o na parterze dwukondygnacyjnego budynku. Zmar\u0142a 31-letnia matka, a tak\u017ce syn w wieku 2 lat i c\u00f3rki w wieku 7 i 12 lat. Odkrycia dokonali stra\u017cacy. Interweniowali po zg\u0142oszeniu rodziny, kt\u00f3ra by\u0142a zaniepokojona brakiem kontaktu z krewn\u0105.<\/p>\n<p>Zatrucie czadem w Polsce. PSP podaje niepokoj\u0105ce dane <\/p>\n<p class=\"Paragraph_desktopParagraph__U31Gm\">Rzecznik prasowy Komendanta G\u0142\u00f3wnego PSP poinformowa\u0142 PAP w pi\u0105tek, \u017ce w 2025 r. w wyniku zatrucia czadem zmar\u0142y w Polsce 52 osoby. Rok wcze\u015bniej tlenek w\u0119gla by\u0142 przyczyn\u0105 \u015bmierci 53 os\u00f3b.<\/p>\n<p class=\"Paragraph_desktopParagraph__U31Gm\">Czad powstaje podczas procesu niepe\u0142nego spalania, kt\u00f3re wyst\u0119puje przy niedostatku tlenu w otaczaj\u0105cej atmosferze. G\u0142\u00f3wnym powodem zatru\u0107 w budynkach mieszkalnych jest niesprawno\u015b\u0107 przewod\u00f3w kominowych. Ich wadliwe dzia\u0142anie mo\u017ce wynika\u0107 z ich nieszczelno\u015bci, braku konserwacji i czyszczenia, wad konstrukcyjnych oraz niedostosowania systemu wentylacji do szczelno\u015bci nowych okien i drzwi.<\/p>\n<p class=\"Paragraph_desktopParagraph__U31Gm\">Stosowanie autonomicznych czujek tlenku w\u0119gla stanie si\u0119 obowi\u0105zkowe od 1 stycznia 2030 r. \u2014 w przypadku pomieszcze\u0144, w kt\u00f3rych odbywa si\u0119 proces spalania paliwa sta\u0142ego, ciek\u0142ego lub gazowego, wchodz\u0105cych w sk\u0142ad lokali mieszkalnych, u\u017cytkowanych jako takie pomieszczenia w dniu 23 grudnia 2024 r. oraz 30 czerwca 2026 r. \u2014 w przypadku pomieszcze\u0144 mieszkalnych oraz jednostek mieszkalnych, w kt\u00f3rych s\u0105 \u015bwiadczone us\u0142ugi hotelarskie, a tak\u017ce wchodz\u0105cych w sk\u0142ad lokali u\u017cytkowych pomieszcze\u0144, w kt\u00f3rych odbywa si\u0119 proces spalania paliwa sta\u0142ego, ciek\u0142ego lub gazowego, u\u017cytkowanych jako takie pomieszczenia lub jednostki w dniu 23 grudnia 2024 r.<\/p>\n","protected":false},"excerpt":{"rendered":"Du\u017co czytania, a ma\u0142o czasu? Sprawd\u017a\u00a0skr\u00f3t\u00a0artyku\u0142u Oficer prasowy w\u0142oc\u0142awskiej stra\u017cy po\u017carnej m\u0142. bryg. Mariusz Bladoszewski powiedzia\u0142 PAP, \u017ce&hellip;\n","protected":false},"author":2,"featured_media":212246,"comment_status":"","ping_status":"","sticky":false,"template":"","format":"standard","meta":{"footnotes":"","_share_on_mastodon":"0"},"categories":[12],"tags":[32,33,19480,36,37,27,34,35,28,31,53,25,52,68,51,55,42,38,40,39,41,47,511,29,30,65,50,26,19738],"class_list":["post-212245","post","type-post","status-publish","format-standard","has-post-thumbnail","category-polska","tag-breaking-news","tag-breakingnews","tag-czad","tag-featured-news","tag-featurednews","tag-headlines","tag-latest-news","tag-latestnews","tag-naglowki","tag-najwazniejsze-artykuly","tag-new_header","tag-news","tag-onet3","tag-onet3d","tag-onet3d_2i","tag-phx","tag-pl","tag-poland","tag-polish","tag-polska","tag-polski","tag-screening_general","tag-smierc","tag-top-stories","tag-topstories","tag-update_me","tag-v2021","tag-wiadomosci","tag-wojewodztwo_kujawsko_pomorskie"],"share_on_mastodon":{"url":"https:\/\/pubeurope.com\/@pl\/115916931318914649","error":""},"_links":{"self":[{"href":"https:\/\/www.europesays.com\/pl\/wp-json\/wp\/v2\/posts\/212245","targetHints":{"allow":["GET"]}}],"collection":[{"href":"https:\/\/www.europesays.com\/pl\/wp-json\/wp\/v2\/posts"}],"about":[{"href":"https:\/\/www.europesays.com\/pl\/wp-json\/wp\/v2\/types\/post"}],"author":[{"embeddable":true,"href":"https:\/\/www.europesays.com\/pl\/wp-json\/wp\/v2\/users\/2"}],"replies":[{"embeddable":true,"href":"https:\/\/www.europesays.com\/pl\/wp-json\/wp\/v2\/comments?post=212245"}],"version-history":[{"count":0,"href":"https:\/\/www.europesays.com\/pl\/wp-json\/wp\/v2\/posts\/212245\/revisions"}],"wp:featuredmedia":[{"embeddable":true,"href":"https:\/\/www.europesays.com\/pl\/wp-json\/wp\/v2\/media\/212246"}],"wp:attachment":[{"href":"https:\/\/www.europesays.com\/pl\/wp-json\/wp\/v2\/media?parent=212245"}],"wp:term":[{"taxonomy":"category","embeddable":true,"href":"https:\/\/www.europesays.com\/pl\/wp-json\/wp\/v2\/categories?post=212245"},{"taxonomy":"post_tag","embeddable":true,"href":"https:\/\/www.europesays.com\/pl\/wp-json\/wp\/v2\/tags?post=212245"}],"curies":[{"name":"wp","href":"https:\/\/api.w.org\/{rel}","templated":true}]}}