{"id":212390,"date":"2026-01-18T17:22:06","date_gmt":"2026-01-18T17:22:06","guid":{"rendered":"https:\/\/www.europesays.com\/pl\/212390\/"},"modified":"2026-01-18T17:22:06","modified_gmt":"2026-01-18T17:22:06","slug":"konflikt-na-linii-przydacz-cenckiewicz-jest-odpowiedz-ministrow","status":"publish","type":"post","link":"https:\/\/www.europesays.com\/pl\/212390\/","title":{"rendered":"Konflikt na linii Przydacz &#8211; Cenckiewicz? Jest odpowied\u017a ministr\u00f3w"},"content":{"rendered":"\n<p>&#13;<br \/>\nW nowym wydaniu \u201eNewsweeka\u201d na\u00a0ok\u0142adce znalaz\u0142 si\u0119 artyku\u0142 zatytu\u0142owany \u201eIskrzy u\u00a0Nawrockiego\u201d. W\u00a0tek\u015bcie mo\u017cemy przeczyta\u0107 m.in., \u017ce\u00a0\u201ePrzydacz i\u00a0Bogucki nienawidz\u0105 si\u0119 z\u00a0Cenckiewiczem\u201d \u2013\u00a0ma\u00a0twierdzi\u0107 cz\u0142owiek z\u00a0Pa\u0142acu Prezydenckiego. Inny za\u015b\u00a0dodaje, \u017ce\u00a0\u201ew\u00a0pa\u0142acu i\u00a0w\u00a0PiS wiele os\u00f3b \u017ale \u017cyczy Cenckiewiczowi\u201d. &#13;\n<\/p>\n<p>Konflikt na\u00a0linii Cenckiewicz \u2013\u00a0Przydacz?<\/p>\n<p>&#13;<br \/>\n\u201eKonflikt numer jeden jest w\u0142a\u015bnie na\u00a0linii Cenckiewicz \u2013\u00a0Przydacz\u201d \u2013\u00a0czytamy. &#13;\n<\/p>\n<p>&#13;<br \/>\nJak wyja\u015bnia \u201eNewsweek\u201d pierwszy \u2013\u00a0Cenckiewicz \u2013\u00a0jest szefem Biura Bezpiecze\u0144stwa Narodowego, \u201eprywatnie jednym z\u00a0najbli\u017cszych przyjaci\u00f3\u0142 prezydenta\u201d. \u201eNawrocki bardzo go\u00a0ceni, uwa\u017ca za\u00a0cz\u0142owieka prawego, kt\u00f3ry bardzo przyczyni\u0142 si\u0119 do\u00a0jego wygranej w\u00a0wyborach prezydenckich\u201d \u2013\u00a0napisano. &#13;\n<\/p>\n<p>&#13;<br \/>\nDrugi \u2013\u00a0Przydacz \u2013\u00a0jest szefem prezydenckiego Biura Polityki Mi\u0119dzynarodowej. \u201eJest do\u015b\u0107 do\u015bwiadczonym dyplomat\u0105 \u2013\u00a0wsp\u00f3\u0142pracowa\u0142 wcze\u015bniej z\u00a0prezydentem Dud\u0105, z\u00a0kt\u00f3rym na\u00a0koniec si\u0119 jednak po\u017car\u0142\u201d \u2013\u00a0podaje gazeta. &#13;\n<\/p>\n<p>&#13;<br \/>\n\u201eMinistrowie s\u0105 skazani na\u00a0przepychank\u0119, bo\u00a0ich kompetencje na\u00a0siebie nachodz\u0105. Cenckiewicz \u2013\u00a0bezpiecze\u0144stwo, obronno\u015b\u0107. Przydacz \u2013\u00a0polityka mi\u0119dzynarodowa\u201d \u2013\u00a0ocenia tygodni. &#13;\n<\/p>\n<p>&#13;<br \/>\nJeden z\u00a0rozm\u00f3wc\u00f3w gazety powiedzia\u0142, \u017ce\u00a0\u201eiskrzy kompetencyjnie, r\u00f3\u017cni\u0105 si\u0119 pod\u00a0wzgl\u0119dem merytorycznym\u201d. &#13;\n<\/p>\n<p>&#13;<br \/>\n\u201eJest ostra rywalizacja o\u00a0to, kto ma\u00a0si\u0119 kontaktowa\u0107 z\u00a0Amerykanami, z\u00a0administracj\u0105 Trumpa\u201d \u2013\u00a0podkre\u015bla drugie \u017ar\u00f3d\u0142o gazety. &#13;\n<\/p>\n<p>&#13;<br \/>\nNiedawno portal Onet.pl napisa\u0142, \u017ce\u00a0Marcin Przydacz <a href=\"https:\/\/dorzeczy.pl\/kraj\/824186\/przydacz-chcial-dymisji-cenckiewicza-kipi-od-emocji.html\" rel=\"nofollow noopener\" target=\"_blank\">przekona\u0142 prezydenta do\u00a0dymisji<\/a> S\u0142awomira Cenckiewicza. \u201eZe znanych nam relacji wynika, \u017ce\u00a0sprawa nie\u00a0stan\u0119\u0142a na\u00a0ostrzu no\u017ca. Jednak Przydacz \u2013\u00a0s\u0142yszymy w\u00a0pa\u0142acu \u2013\u00a0bardzo liczy na\u00a0zmiany w\u00a0BBN\u201d \u2013\u00a0napisa\u0142 \u201eNewsweek\u201d. &#13;\n<\/p>\n<p>Szef BBN i\u00a0szef BPM komentuj\u0105 doniesienia &#8222;Newsweeka&#8221;<\/p>\n<p>&#13;<br \/>\nDo artyku\u0142u odni\u00f3s\u0142 si\u0119 szef BBN S\u0142awomir Cenckiewicz. &#13;\n<\/p>\n<p>&#13;<br \/>\n\u201ePrzeczyta\u0142em. Korzystne (foto):)\u201d \u2013\u00a0napisa\u0142 na\u00a0platformie X szef BBN. &#13;\n<\/p>\n<p>&#13;<br \/>\nMarcin Przydacz, szef prezydenckiego Biura Polityki Mi\u0119dzynarodowej napisa\u0142 z\u00a0kolei: \u201eI\u00a0ja r\u00f3wnie\u017c\u201d. \u201eFoto niez\u0142e, tre\u015b\u0107 nieco s\u0142absza. Taka plotkarska-ba\u015bniowa\u201d \u2013\u00a0oceni\u0142. &#13;\n<\/p>\n<p>&#13;<br \/>\ntwitter&#13;\n<\/p>\n<p>&#13;<br \/>\nDoda\u0142, ze\u00a0\u201ewraz z\u00a0prof. Cenckiewiczem i\u00a0ca\u0142ym kierownictwem KPRP pozdrawiamy\u201d. \u201eDzia\u0142amy dalej. Karawana jedzie\u201d \u2013\u00a0doda\u0142. &#13;\n<\/p>\n<p>&#13;<br \/>\nZwracaj\u0105c si\u0119 do\u00a0autora tekstu napisa\u0142, \u017ce\u00a0\u201etrzeba koniecznie popracowa\u0107 na\u00a0\u017ar\u00f3d\u0142ami\u201d. &#13;\n<\/p>\n<p>&#13;<br \/>\nCzytaj te\u017c:<br \/><a href=\"https:\/\/dorzeczy.pl\/kraj\/833177\/nowe-informacje-ws-cenckiewicza-rzecznik-nawrockiego-tlumaczy.html\" rel=\"follow nofollow noopener\" data-schema=\"DORZECZY\" data-image=\"https:\/\/img.dorzeczy.pl\/_thumb\/80\/7d\/c0fd5461a8fcec29925e74a6b6aa.jpeg\" target=\"_blank\">Nowe informacje ws. Cenckiewicza. Rzecznik prezydenta t\u0142umaczy<\/a>Czytaj te\u017c:<br \/><a href=\"https:\/\/dorzeczy.pl\/kraj\/831899\/nawrocki-spotka-sie-z-sikorskim-ujawniono-date.html\" rel=\"follow nofollow noopener\" data-schema=\"DORZECZY\" data-image=\"https:\/\/img.dorzeczy.pl\/_thumb\/cb\/83\/257e53315c64c9321202184e82a6.jpeg\" target=\"_blank\">Szykuje si\u0119 prze\u0142om w\u00a0wa\u017cnej sprawie? Nawrocki spotka si\u0119 z\u00a0Sikorskim<\/a> &#13;<\/p>\n","protected":false},"excerpt":{"rendered":"&#13; W nowym wydaniu \u201eNewsweeka\u201d na\u00a0ok\u0142adce znalaz\u0142 si\u0119 artyku\u0142 zatytu\u0142owany \u201eIskrzy u\u00a0Nawrockiego\u201d. W\u00a0tek\u015bcie mo\u017cemy przeczyta\u0107 m.in., \u017ce\u00a0\u201ePrzydacz i\u00a0Bogucki&hellip;\n","protected":false},"author":2,"featured_media":212391,"comment_status":"","ping_status":"","sticky":false,"template":"","format":"standard","meta":{"footnotes":""},"categories":[12],"tags":[787,32,33,98,36,37,27,690,49,34,35,13466,28,31,25,103,102,42,38,40,39,41,4089,29,30,26],"class_list":{"0":"post-212390","1":"post","2":"type-post","3":"status-publish","4":"format-standard","5":"has-post-thumbnail","7":"category-polska","8":"tag-bbn","9":"tag-breaking-news","10":"tag-breakingnews","11":"tag-dorzeczy","12":"tag-featured-news","13":"tag-featurednews","14":"tag-headlines","15":"tag-karol-nawrocki","16":"tag-kraj","17":"tag-latest-news","18":"tag-latestnews","19":"tag-marcin-przydacz","20":"tag-naglowki","21":"tag-najwazniejsze-artykuly","22":"tag-news","23":"tag-obserwator-mediow","24":"tag-opinie","25":"tag-pl","26":"tag-poland","27":"tag-polish","28":"tag-polska","29":"tag-polski","30":"tag-slawomir-cenckiewicz","31":"tag-top-stories","32":"tag-topstories","33":"tag-wiadomosci"},"share_on_mastodon":{"url":"https:\/\/pubeurope.com\/@pl\/115917261582612729","error":""},"_links":{"self":[{"href":"https:\/\/www.europesays.com\/pl\/wp-json\/wp\/v2\/posts\/212390","targetHints":{"allow":["GET"]}}],"collection":[{"href":"https:\/\/www.europesays.com\/pl\/wp-json\/wp\/v2\/posts"}],"about":[{"href":"https:\/\/www.europesays.com\/pl\/wp-json\/wp\/v2\/types\/post"}],"author":[{"embeddable":true,"href":"https:\/\/www.europesays.com\/pl\/wp-json\/wp\/v2\/users\/2"}],"replies":[{"embeddable":true,"href":"https:\/\/www.europesays.com\/pl\/wp-json\/wp\/v2\/comments?post=212390"}],"version-history":[{"count":0,"href":"https:\/\/www.europesays.com\/pl\/wp-json\/wp\/v2\/posts\/212390\/revisions"}],"wp:featuredmedia":[{"embeddable":true,"href":"https:\/\/www.europesays.com\/pl\/wp-json\/wp\/v2\/media\/212391"}],"wp:attachment":[{"href":"https:\/\/www.europesays.com\/pl\/wp-json\/wp\/v2\/media?parent=212390"}],"wp:term":[{"taxonomy":"category","embeddable":true,"href":"https:\/\/www.europesays.com\/pl\/wp-json\/wp\/v2\/categories?post=212390"},{"taxonomy":"post_tag","embeddable":true,"href":"https:\/\/www.europesays.com\/pl\/wp-json\/wp\/v2\/tags?post=212390"}],"curies":[{"name":"wp","href":"https:\/\/api.w.org\/{rel}","templated":true}]}}