{"id":212575,"date":"2026-01-18T19:38:19","date_gmt":"2026-01-18T19:38:19","guid":{"rendered":"https:\/\/www.europesays.com\/pl\/212575\/"},"modified":"2026-01-18T19:38:19","modified_gmt":"2026-01-18T19:38:19","slug":"dzis-wieczorem-polacy-zasiada-przed-telewizorami-to-jeden-z-najlepszych-filmow-wojennych-rmf-fm","status":"publish","type":"post","link":"https:\/\/www.europesays.com\/pl\/212575\/","title":{"rendered":"Dzi\u015b wieczorem Polacy zasi\u0105d\u0105 przed telewizorami. To jeden z najlepszych film\u00f3w wojennych! :: RMF FM"},"content":{"rendered":"<p>\u015arednia 7,6 na \u201eIMDb\u201d i gwiazdorskie nazwiska w obsadzie. Dzi\u015b wieczorem telewizja wyemituje s\u0142ynny film Davida Ayera, kt\u00f3ry uznawany jest za jedn\u0105 z najlepszy produkcji wojennych. Sprawd\u017a, co obejrze\u0107 w telewizji w niedziel\u0119 18 stycznia. <\/p>\n<p>&#13;<br \/>\n\tWojna, braterskie wi\u0119zi i ogromna odwaga. Dzi\u015b, w niedziel\u0119 wieczorem, telewizja poka\u017ce g\u0142o\u015bny film\u00a0Davida Ayera, kt\u00f3ry doceniony zosta\u0142 przez tysi\u0105ce widz\u00f3w. Aby obejrze\u0107 \u201eFuri\u0119\u201d, prze\u0142\u0105czcie o godzinie 21:20 na TVP2. Powt\u00f3rka emisji zaplanowana jest na \u015brod\u0119, 21 stycznia\u00a0\u2013 godzina 1:50 na tym samym kanale.<\/p>\n<p><a href=\"https:\/\/www.rmf.fm\/magazyn\/news,87332,to-najlepsza-piosenka-2025-roku-doskonale-ja-znacie.html\" rel=\"nofollow noopener\" target=\"_blank\"><img decoding=\"async\" src=\"https:\/\/www.europesays.com\/pl\/wp-content\/uploads\/2026\/01\/734786ad12853fd9a2b2c94b2ecc5cc9.jpg\" width=\"290\"\/><\/a><a href=\"https:\/\/www.rmf.fm\/magazyn\/news,87332,to-najlepsza-piosenka-2025-roku-doskonale-ja-znacie.html\" rel=\"nofollow noopener\" target=\"_blank\">To najlepsza piosenka 2025 roku! Doskonale j\u0105 znacie<\/a><\/p>\n<p>\u201eYou know together we&#8217;re glowin&#8217; Gonna be, gonna be golden\u201d \u2013 teraz ten tekst brzmi jak prawdziwa manifestacja! Kilka dni temu dwa Z\u0142ote Globy zdoby\u0142 film animowany \u201eK-popowe \u0142owczynie demon\u00f3w\u201d. Pochodz\u0105ca z niego piosenka&#8230;<\/p>\n<p>\n&#13;<br \/>\n\tO czym jest film\u00a0\u201eFuria\u201d?<\/p>\n<p>&#13;<br \/>\n\tProdukcja przenosi widz\u00f3w do 1945 roku, kiedy wojska alianckie, po rozgromieniu Niemc\u00f3w w Ardenach, maszeruj\u0105 do Berlina. Jednym z czo\u0142g\u00f3w drugiej Dywizji Pancernej dowodzi sier\u017cant Don Collier, kt\u00f3ry otrzymuje zadanie specjalne. Wkr\u00f3tce do jego za\u0142ogi do\u0142\u0105cza \u201e\u015bwie\u017cak\u201d Norman. Ch\u0142opak przebywa w armii dopiero kilka tygodni i w ekspresowym tempie musi przystosowa\u0107 si\u0119 do brutalnej wojennej rzeczywisto\u015bci. Collier i jego ch\u0142opcy b\u0119d\u0105 musieli wykona\u0107 tajn\u0105 misj\u0119 i stawi\u0107 czo\u0142a znacznie pot\u0119\u017cniejszym oddzia\u0142om wroga.<\/p>\n<p>&#13;<br \/>\n\t\u201eFuria\u201d obsada:<\/p>\n<ul>&#13;<\/p>\n<li>&#13;<br \/>\n\t\tBrad Pitt, <\/li>\n<p>&#13;<\/p>\n<li>&#13;<br \/>\n\t\tLogan Lerman, <\/li>\n<p>&#13;<\/p>\n<li>&#13;<br \/>\n\t\tShia LaBeouf, <\/li>\n<p>&#13;<\/p>\n<li>&#13;<br \/>\n\t\tMichael Pena, <\/li>\n<p>&#13;<\/p>\n<li>&#13;<br \/>\n\t\tJon Bernthal.<\/li>\n<p>&#13;\n<\/ul>\n<p><a href=\"https:\/\/www.rmf.fm\/rozrywka\/show-biznes\/news,87478,fani-z-calego-swiata-odliczaja-godziny-muzyczna-sensacja-wraca-z-nowa-plyta.html\" rel=\"nofollow noopener\" target=\"_blank\"><img decoding=\"async\" src=\"https:\/\/www.europesays.com\/pl\/wp-content\/uploads\/2026\/01\/cca882b4a03e2c9d353c0c37a6282b90.jpg\" width=\"290\"\/><\/a><a href=\"https:\/\/www.rmf.fm\/rozrywka\/show-biznes\/news,87478,fani-z-calego-swiata-odliczaja-godziny-muzyczna-sensacja-wraca-z-nowa-plyta.html\" rel=\"nofollow noopener\" target=\"_blank\">Fani z ca\u0142ego \u015bwiata odliczaj\u0105 godziny! Muzyczna sensacja wraca z now\u0105 p\u0142yt\u0105<\/a><\/p>\n<p>Po ponad dw\u00f3ch latach przerwy, k-popowy boysband EXO wraca do gry! Fani grupy ju\u017c w najbli\u017cszy poniedzia\u0142ek b\u0119d\u0105 mogli pos\u0142ucha\u0107 nowej muzyki od swoich ulubie\u0144c\u00f3w. Do premiery albumu \u201eREVERXE\u201d zosta\u0142y godziny!<\/p>\n<p><\/p>\n","protected":false},"excerpt":{"rendered":"\u015arednia 7,6 na \u201eIMDb\u201d i gwiazdorskie nazwiska w obsadzie. Dzi\u015b wieczorem telewizja wyemituje s\u0142ynny film Davida Ayera, kt\u00f3ry&hellip;\n","protected":false},"author":2,"featured_media":212576,"comment_status":"","ping_status":"","sticky":false,"template":"","format":"standard","meta":{"footnotes":"","_share_on_mastodon":"0"},"categories":[22],"tags":[25067,122,40225,28675,42,38,40,39,41,25068,36397,25065,123],"class_list":["post-212575","post","type-post","status-publish","format-standard","has-post-thumbnail","category-rozrywka","tag-co-dzis-w-tv","tag-entertainment","tag-film-wojenny","tag-furia","tag-pl","tag-poland","tag-polish","tag-polska","tag-polski","tag-program-telewizyjny","tag-program-telewizyjny-na-dzis","tag-program-tv","tag-rozrywka"],"share_on_mastodon":{"url":"https:\/\/pubeurope.com\/@pl\/115917796334400855","error":""},"_links":{"self":[{"href":"https:\/\/www.europesays.com\/pl\/wp-json\/wp\/v2\/posts\/212575","targetHints":{"allow":["GET"]}}],"collection":[{"href":"https:\/\/www.europesays.com\/pl\/wp-json\/wp\/v2\/posts"}],"about":[{"href":"https:\/\/www.europesays.com\/pl\/wp-json\/wp\/v2\/types\/post"}],"author":[{"embeddable":true,"href":"https:\/\/www.europesays.com\/pl\/wp-json\/wp\/v2\/users\/2"}],"replies":[{"embeddable":true,"href":"https:\/\/www.europesays.com\/pl\/wp-json\/wp\/v2\/comments?post=212575"}],"version-history":[{"count":0,"href":"https:\/\/www.europesays.com\/pl\/wp-json\/wp\/v2\/posts\/212575\/revisions"}],"wp:featuredmedia":[{"embeddable":true,"href":"https:\/\/www.europesays.com\/pl\/wp-json\/wp\/v2\/media\/212576"}],"wp:attachment":[{"href":"https:\/\/www.europesays.com\/pl\/wp-json\/wp\/v2\/media?parent=212575"}],"wp:term":[{"taxonomy":"category","embeddable":true,"href":"https:\/\/www.europesays.com\/pl\/wp-json\/wp\/v2\/categories?post=212575"},{"taxonomy":"post_tag","embeddable":true,"href":"https:\/\/www.europesays.com\/pl\/wp-json\/wp\/v2\/tags?post=212575"}],"curies":[{"name":"wp","href":"https:\/\/api.w.org\/{rel}","templated":true}]}}