{"id":212953,"date":"2026-01-19T04:15:07","date_gmt":"2026-01-19T04:15:07","guid":{"rendered":"https:\/\/www.europesays.com\/pl\/212953\/"},"modified":"2026-01-19T04:15:07","modified_gmt":"2026-01-19T04:15:07","slug":"yue-yuan-zagra-z-iga-swiatek-trener-powiedzial-ze-ma-skonczyc-z-tenisem-sport-tvp-pl","status":"publish","type":"post","link":"https:\/\/www.europesays.com\/pl\/212953\/","title":{"rendered":"Yue Yuan zagra z Ig\u0105 \u015awi\u0105tek. Trener powiedzia\u0142, \u017ce ma sko\u0144czy\u0107 z tenisem &#8211; sport.tvp.pl"},"content":{"rendered":"<ol>\n<li><a href=\"https:\/\/news.google.com\/rss\/articles\/CBMiowFBVV95cUxPb290MWhtREFlN2lmdGxMUGhwSDdjX3ZKQlkyalRYaW55aTBBaXMxRUl4Z2dMRGlqbG83Qzd3bXdNQ2xQSDV4bW1JdFFvaHZkSGEzUFgwOTZHc09FS0UyVG56M1FMdFlXejFiaEo0aE5mX01XaG9NaTk4RXpTOFlMS1M1UHdzaHo5b3J3Nk1BRTV2dzVzbFN4VlA2X2dVNlFyQm9r0gGoAUFVX3lxTE9iNzFhazZKZXptU3dXdTRqUDFycjNpb1ZXZ0M0RFVSMkwzcks0S21zOHF0OWh2WXBYNHNXTXZVWDMyeE1la09WVE5vVm5nUmcxajJWNjdxVXZYVk9IeVhoN3puM0ZBX3ZmLTV5WUNDc2tuM0twaGkyRmhmSlBBdVZqN2pVSUJORXhwbURVZVNIa1pKd2VHc055bjY2ZVpsZ09USHFPUzRxWA?oc=5\" target=\"_blank\" rel=\"nofollow noopener\">Yue Yuan zagra z Ig\u0105 \u015awi\u0105tek. Trener powiedzia\u0142, \u017ce ma sko\u0144czy\u0107 z tenisem<\/a>&nbsp;&nbsp;sport.tvp.pl<\/li>\n<li><a href=\"https:\/\/news.google.com\/rss\/articles\/CBMizgFBVV95cUxNYldHLXc4WlFwY2gxMzNrZlRoU3JrN3E1SEJNaFVpVndmeURnV1ZReUJKRDlzZ2ltaVFKVWx5RnU5THExdHpHWWh5a3NZQ2Q5Sy03OHc2UFBmLWlEM2Voc0QzSUFvUXczWFpXSUljZ1cwN0paSEVhVnlwSVplTnhyYWp5TEVUNHVQTzM0ZG84LXB4d1kxSlBBMmdwYmdvVGFKbUVTc01yOFg0ajRSSWlaREUtNG04MlhzNnJjeENMa1VIU1poYWpneDJ0eEUtZw?oc=5\" target=\"_blank\" rel=\"nofollow noopener\">Z Australii nadesz\u0142y pilne wie\u015bci dla Igi \u015awi\u0105tek. Nie mog\u0142o by\u0107 lepiej<\/a>&nbsp;&nbsp;Przegl\u0105d Sportowy Onet<\/li>\n<li><a href=\"https:\/\/news.google.com\/rss\/articles\/CBMitgFBVV95cUxPOUpvYV80cGFlaExtY01TR3gxVzZoNlRsZVpULWthVDk4MGs3RmRVZERaUmdPTldtT0J2bmVoQXBvSXA0OXVWN1lhbFU1VTh0V2d1S256UmNOWWt6LVFXeHBmODVMSm9jS2pXNHp1OGFCbHdVNUdKSkEyYjloajNiWGN3Z0NZTUpmeHFlUzZYbzRyOHEwT1FmLXQyWHNMQ0NvQUZhOXhRVmdrN0otTXpVSU1sWVpVUQ?oc=5\" target=\"_blank\" rel=\"nofollow noopener\">Tak \u015awi\u0105tek przywita\u0142a si\u0119 z Melbourne. 6:3 w pierwszym secie, a potem zwrot<\/a>&nbsp;&nbsp;Sport w INTERIA.PL<\/li>\n<li><a href=\"https:\/\/news.google.com\/rss\/articles\/CBMisAFBVV95cUxOQzJieVZObE9QeWozVG5wZlotc29CTUxUME1FNVhieXhhMVpGZ2d0WHZOWDg2NFR6cGZfdHA3Q2tqZGVTT3BtTzE5QnVBeUxDb1VrSEE3c1FKenJucHV0M3hrNGNqY3lfdTV1b3VWSHdCSk0tcWNabWYxNTE5a3h0M1lzOThhWUdrdlI1SVpYQnVQWk5yRkRBQjltUlpKZkoxVzU3ZFdxR01yV182X21UVw?oc=5\" target=\"_blank\" rel=\"nofollow noopener\">\u015awi\u0105tek wygra\u0142a z Chink\u0105, ale co si\u0119 sta\u0142o po meczu. 'Dziwne i niezdrowe&#8217; Tenis<\/a>&nbsp;&nbsp;Sport.pl<\/li>\n<li><a href=\"https:\/\/news.google.com\/rss\/articles\/CBMijAJBVV95cUxNOFdVdEpBaXhBYy15NWtmTVVHa3g2M3pTaDM5OGRIYmJid24wYVJzdm52SV90RjY2ci0tV3JUb3JFbkVtX2RNNmQya0Z6RWo4dGVlVHZDdlc2eVYzYmtzdklleHJfNXBUTFBDSlZQVHFlb3JPTzFCZDNJQTkwaW90Ml9ZRUtpQUcwUlNMZEJMT1hZRTVMVkMyUEhqdHZBT3FUcDM4SnN5Tm9xYkZDRmtBenJuemM2dnBCb2tuRXFta0R2MzdSS2pDUmRKNTZiS19zMUhnWTNMLUFjWF9xcVJTWjRzaV9YWG1fYVFZanpzd01aSXpUeHVsWjFIdmlmaG5ZRExNYVhOQWd0dllZ?oc=5\" target=\"_blank\" rel=\"nofollow noopener\">Plan transmisji 2. dnia Australian Open 2026 w Eurosporcie, HBO Max i Playerze &#8211; poniedzia\u0142ek, 19 stycznia<\/a>&nbsp;&nbsp;Eurosport Polska<\/li>\n<\/ol>\n","protected":false},"excerpt":{"rendered":"Yue Yuan zagra z Ig\u0105 \u015awi\u0105tek. Trener powiedzia\u0142, \u017ce ma sko\u0144czy\u0107 z tenisem&nbsp;&nbsp;sport.tvp.pl Z Australii nadesz\u0142y pilne wie\u015bci&hellip;\n","protected":false},"author":2,"featured_media":212954,"comment_status":"","ping_status":"","sticky":false,"template":"","format":"standard","meta":{"footnotes":""},"categories":[24],"tags":[31706,158,42,38,40,39,41,127,334,126,156,157,5934],"class_list":{"0":"post-212953","1":"post","2":"type-post","3":"status-publish","4":"format-standard","5":"has-post-thumbnail","7":"category-sport","8":"tag-australian-open","9":"tag-iga-swiatek","10":"tag-pl","11":"tag-poland","12":"tag-polish","13":"tag-polska","14":"tag-polski","15":"tag-sport","16":"tag-sport-tvp-pl","17":"tag-sports","18":"tag-tenis","19":"tag-wta","20":"tag-yue-yuan"},"share_on_mastodon":{"url":"https:\/\/pubeurope.com\/@pl\/115919829216345506","error":""},"_links":{"self":[{"href":"https:\/\/www.europesays.com\/pl\/wp-json\/wp\/v2\/posts\/212953","targetHints":{"allow":["GET"]}}],"collection":[{"href":"https:\/\/www.europesays.com\/pl\/wp-json\/wp\/v2\/posts"}],"about":[{"href":"https:\/\/www.europesays.com\/pl\/wp-json\/wp\/v2\/types\/post"}],"author":[{"embeddable":true,"href":"https:\/\/www.europesays.com\/pl\/wp-json\/wp\/v2\/users\/2"}],"replies":[{"embeddable":true,"href":"https:\/\/www.europesays.com\/pl\/wp-json\/wp\/v2\/comments?post=212953"}],"version-history":[{"count":0,"href":"https:\/\/www.europesays.com\/pl\/wp-json\/wp\/v2\/posts\/212953\/revisions"}],"wp:featuredmedia":[{"embeddable":true,"href":"https:\/\/www.europesays.com\/pl\/wp-json\/wp\/v2\/media\/212954"}],"wp:attachment":[{"href":"https:\/\/www.europesays.com\/pl\/wp-json\/wp\/v2\/media?parent=212953"}],"wp:term":[{"taxonomy":"category","embeddable":true,"href":"https:\/\/www.europesays.com\/pl\/wp-json\/wp\/v2\/categories?post=212953"},{"taxonomy":"post_tag","embeddable":true,"href":"https:\/\/www.europesays.com\/pl\/wp-json\/wp\/v2\/tags?post=212953"}],"curies":[{"name":"wp","href":"https:\/\/api.w.org\/{rel}","templated":true}]}}