{"id":212961,"date":"2026-01-19T05:11:07","date_gmt":"2026-01-19T05:11:07","guid":{"rendered":"https:\/\/www.europesays.com\/pl\/212961\/"},"modified":"2026-01-19T05:11:07","modified_gmt":"2026-01-19T05:11:07","slug":"jasna-deklaracja-prezesa-rakowa-bedziemy-jeszcze-aktywni-na-rynku","status":"publish","type":"post","link":"https:\/\/www.europesays.com\/pl\/212961\/","title":{"rendered":"Jasna deklaracja prezesa Rakowa. &#8222;B\u0119dziemy jeszcze aktywni na rynku&#8221;"},"content":{"rendered":"<p>Wojciech Cygan \u2013 dzia\u0142acz Rakowa Cz\u0119stochowa, obecnie zasiadaj\u0105cy w\u00a0fotelu prezesa klubu \u2013 by\u0142 go\u015bciem zimowej Ligi Minus. Przedstawiciel Medalik\u00f3w zdradzi\u0142 troch\u0119 szczeg\u00f3\u0142\u00f3w odno\u015bnie posuni\u0119\u0107 klubu na\u00a0rynku transferowym.<\/p>\n<p>W\u00a0rozmowie z\u00a0dzia\u0142aczem ekipy spod Jasnej G\u00f3ry pojawi\u0142 si\u0119 mi\u0119dzy innymi temat mo\u017cliwego powrotu Leonardo Rochy do\u00a0Zag\u0142\u0119bia Lubin.<\/p>\n<p>Rak\u00f3w rozmawia z\u00a0Zag\u0142\u0119biem na\u00a0temat Rochy. Kolejne wypo\u017cyczenie nie\u00a0wchodzi w\u00a0gr\u0119<\/p>\n<p>\u2013 W\u00a0dniu dzisiejszym rozmawiali\u015bmy z\u00a0Zag\u0142\u0119biem. My\u015bl\u0119, \u017ce\u00a0jutro tak\u017ce te\u00a0rozmowy b\u0119d\u0105 si\u0119 toczy\u0142y. Mam nadziej\u0119, \u017ce\u00a0jutro-pojutrze dojdziemy do\u00a0finalnej decyzji. A\u00a0czy\u00a0to\u00a0b\u0119dzie decyzja w\u00a0jedn\u0105, czy\u00a0drug\u0105 stron\u0119, to\u00a0dzisiaj nie\u00a0b\u0119d\u0119 przes\u0105dza\u0142. Natomiast Zag\u0142\u0119bie na\u00a0pewno podejmuje dzia\u0142ania, \u017ceby\u00a0Leonardo do\u00a0nich do\u0142\u0105czy\u0142 \u2013 podkre\u015bli\u0142 Cygan. \u2013 Mnie w\u00a0pi\u0142ce ma\u0142o rzeczy ju\u017c dziwi, ale\u00a0raczej zak\u0142ada\u0142em, \u017ce\u00a0dojdzie do\u00a0wykupu Leo przez\u00a0Zag\u0142\u0119bie we\u00a0wskazanym terminie. [\u2026] Je\u017celi ta\u00a0kolejna propozycja b\u0119dzie propozycj\u0105 wypo\u017cyczenia \u2013 czyli po\u00a0prostu przed\u0142u\u017cenia tego stanu, kt\u00f3ry\u00a0by\u0142 wcze\u015bniej \u2013 to\u00a0my\u015bl\u0119, \u017ce\u00a0Zag\u0142\u0119bie b\u0119dzie musia\u0142 poszuka\u0107 innej propozycji. Oczywi\u015bcie wiemy te\u017c, jakie jest nastawienie samego pi\u0142karza i\u00a0\u017ce\u00a0chce on\u00a0kontynuowa\u0107 przygod\u0119 w\u00a0Lubinie.\u00a0<\/p>\n<p style=\"display: flex; align-items: center; justify-content: start; flex-direction: row; gap: 3px; min-height: 24px; height: 24px; padding: 8px 0px 0px; margin: 0px; font-size: 12px; font-style: normal; font-weight: 500; line-height: 16px;\">Statystyki zawodnika (sezon) dostarczony przez\u00a0<a href=\"https:\/\/superscore.live\/pl-PL?utm_source=website&amp;utm_medium=widget&amp;utm_campaign=widget_pl\" rel=\"rel= nofollow noopener\" external=\"\" noopener=\"\" noreferrer=\"\" style=\"margin: 0px; padding: 0px;\" target=\"_blank\">Superscore<\/a><\/p>\n<p>\u00a0<\/p>\n<p>Prezes Rakowa potwierdzi\u0142 te\u017c, \u017ce\u00a0Keyan Varela \u2013 mocno \u0142\u0105czony z\u00a0Jagielloni\u0105 Bia\u0142ystok \u2013 znajdowa\u0142 si\u0119 pod\u00a0lup\u0105 tak\u017ce cz\u0119stochowskiej ekipy.<\/p>\n<p>\u2013 Mog\u0119 potwierdzi\u0107, \u017ce\u00a0ten pi\u0142karz by\u0142 analizowany przez\u00a0nas. To\u00a0nazwisko przewin\u0119\u0142o si\u0119 przez\u00a0nasze grupy, na\u00a0kt\u00f3rych\u00a0rozmawiamy o\u00a0transferach. Ale\u00a0finalnie nie\u00a0zdecydowali\u015bmy si\u0119 na\u00a0podej\u015bcie po\u00a0tego zawodnika \u2013 przyzna\u0142 Cygan. I\u00a0doda\u0142, \u017ce\u00a0spodziewa si\u0119 dalszych transfer\u00f3w Rakowa w\u00a0zimowym oknie: \u2013 Aktywni b\u0119dziemy i\u00a0to\u00a0je\u017celi pewnie chodzi o\u00a0ruchy przychodz\u0105ce i\u00a0wychodz\u0105ce. Co\u015b si\u0119 jeszcze w\u00a0dru\u017cynie podzieje. Ale\u00a0chcia\u0142bym, \u017ceby\u00a0te\u00a0decyzje zapad\u0142y w\u00a0kilku najbli\u017cszych dniach.\u00a0<\/p>\n<p>A\u00a0co\u00a0z\u00a0Arielem Mos\u00f3rem, kt\u00f3rego\u00a0chcia\u0142aby mie\u0107 u\u00a0siebie Arka Gdynia?<\/p>\n<p>\u2013 Ariel Mos\u00f3r na\u00a0razie jest blisko sk\u0142adu Rakowa, z\u00a0uwagi tak\u017ce na\u00a0pewne urazy na\u00a0pozycji stoper\u00f3w. W\u00a0tej\u00a0chwili raczej jest przewidywany do\u00a0tego, \u017ceby\u00a0w\u00a0pierwszym meczu wyst\u0105pi\u0107 w\u00a0barwach Rakowa \u2013 stwierdzi\u0142 Wojciech Cygan.<\/p>\n<p>Nie\u00a0mog\u0142o te\u017c zabrakn\u0105\u0107 pytania o\u00a0Artura P\u0142atka.<\/p>\n<p>\u2013 Nie\u00a0ma\u00a0\u017cadnych decyzji dotycz\u0105cych odej\u015bcia Artura P\u0142atka. Ko\u0144czy mu\u00a0si\u0119 umowa, ale\u00a0raczej czeka nas kwestia rozm\u00f3w o\u00a0jego przysz\u0142o\u015bci. Nie\u00a0ma\u00a0\u017cadnych decyzji, stanowczo chc\u0119 to\u00a0zdementowa\u0107. By\u0107 mo\u017ce \u2013 patrz\u0105c na\u00a0\u015bredni\u0105 d\u0142ugo\u015b\u0107 pracy dyrektora sportowego w\u00a0Rakowie \u2013 uznano, \u017ce\u00a0ka\u017cdy dyrektor to\u00a0jest kwestia kilku miesi\u0119cy, ale\u00a0na\u00a0dzisiaj Artur pracuje z\u00a0nami i\u00a0siadamy za\u00a0chwil\u0119 do\u00a0powa\u017cnych rozm\u00f3w o\u00a0transferach tak\u017ce w\u00a0szerszej perspektywie ni\u017c tylko\u00a0najbli\u017csze okno.<\/p>\n<p>CZYTAJ WI\u0118CEJ NA\u00a0WESZ\u0141O:<\/p>\n<p>fot.\u00a0NewsPix.pl<\/p>\n","protected":false},"excerpt":{"rendered":"Wojciech Cygan \u2013 dzia\u0142acz Rakowa Cz\u0119stochowa, obecnie zasiadaj\u0105cy w\u00a0fotelu prezesa klubu \u2013 by\u0142 go\u015bciem zimowej Ligi Minus. Przedstawiciel&hellip;\n","protected":false},"author":2,"featured_media":212962,"comment_status":"","ping_status":"","sticky":false,"template":"","format":"standard","meta":{"footnotes":""},"categories":[24],"tags":[42,38,40,39,41,2369,127,126,24850],"class_list":{"0":"post-212961","1":"post","2":"type-post","3":"status-publish","4":"format-standard","5":"has-post-thumbnail","7":"category-sport","8":"tag-pl","9":"tag-poland","10":"tag-polish","11":"tag-polska","12":"tag-polski","13":"tag-rakow-czestochowa","14":"tag-sport","15":"tag-sports","16":"tag-wojciech-cygan"},"share_on_mastodon":{"url":"https:\/\/pubeurope.com\/@pl\/115920049457045023","error":""},"_links":{"self":[{"href":"https:\/\/www.europesays.com\/pl\/wp-json\/wp\/v2\/posts\/212961","targetHints":{"allow":["GET"]}}],"collection":[{"href":"https:\/\/www.europesays.com\/pl\/wp-json\/wp\/v2\/posts"}],"about":[{"href":"https:\/\/www.europesays.com\/pl\/wp-json\/wp\/v2\/types\/post"}],"author":[{"embeddable":true,"href":"https:\/\/www.europesays.com\/pl\/wp-json\/wp\/v2\/users\/2"}],"replies":[{"embeddable":true,"href":"https:\/\/www.europesays.com\/pl\/wp-json\/wp\/v2\/comments?post=212961"}],"version-history":[{"count":0,"href":"https:\/\/www.europesays.com\/pl\/wp-json\/wp\/v2\/posts\/212961\/revisions"}],"wp:featuredmedia":[{"embeddable":true,"href":"https:\/\/www.europesays.com\/pl\/wp-json\/wp\/v2\/media\/212962"}],"wp:attachment":[{"href":"https:\/\/www.europesays.com\/pl\/wp-json\/wp\/v2\/media?parent=212961"}],"wp:term":[{"taxonomy":"category","embeddable":true,"href":"https:\/\/www.europesays.com\/pl\/wp-json\/wp\/v2\/categories?post=212961"},{"taxonomy":"post_tag","embeddable":true,"href":"https:\/\/www.europesays.com\/pl\/wp-json\/wp\/v2\/tags?post=212961"}],"curies":[{"name":"wp","href":"https:\/\/api.w.org\/{rel}","templated":true}]}}