{"id":212981,"date":"2026-01-19T05:44:14","date_gmt":"2026-01-19T05:44:14","guid":{"rendered":"https:\/\/www.europesays.com\/pl\/212981\/"},"modified":"2026-01-19T05:44:14","modified_gmt":"2026-01-19T05:44:14","slug":"powiesil-psa-dostal-wyrok-pieciu-miesiecy-wiezienia-to-byl-wypadek","status":"publish","type":"post","link":"https:\/\/www.europesays.com\/pl\/212981\/","title":{"rendered":"Powiesi\u0142 psa, dosta\u0142 wyrok pi\u0119ciu miesi\u0119cy wi\u0119zienia. &#8222;To by\u0142 wypadek&#8221;"},"content":{"rendered":"<p class=\"Paragraph_desktopParagraph__U31Gm\">Do tragicznego zdarzenia dosz\u0142o na pocz\u0105tku stycznia 2024 r. na terenie zak\u0142adu produkcyjnego w Krapkowicach. Jak relacjonowa\u0142 m\u0142odszy aspirant Dominik Wilczek z miejscowej policji, funkcjonariusze otrzymali zg\u0142oszenie o brutalnym zabiciu <a href=\"https:\/\/kobieta.onet.pl\/wiadomosci\/najdrozsze-rasy-psow-kosztuja-od-kilku-do-kilkunastu-tys-zl\/hj760ln\" id=\"ae4a6ea4-73fb-4e2e-880b-ffea82e1f170\" rel=\"nofollow noopener\" target=\"_blank\">psa<\/a>. Na miejscu okaza\u0142o si\u0119, \u017ce jeden z dw\u00f3ch ps\u00f3w pilnuj\u0105cych zak\u0142adu zosta\u0142 powieszony na stalowej lince przyczepionej do w\u00f3zka wid\u0142owego.<\/p>\n<ul class=\"OchatFollowUps_wrapper__1ry7X\">\n<li class=\"OchatFollowUps_item__Dhyly OchatFollowUps_itemDesktop__R6aBv\">Jakie by\u0142 wyrok dla w\u0142a\u015bciciela psa?<\/li>\n<li class=\"OchatFollowUps_item__Dhyly OchatFollowUps_itemDesktop__R6aBv\">Co mieszka\u0144cy Krapkowic my\u015bl\u0105 o karze?<\/li>\n<li class=\"OchatFollowUps_item__Dhyly OchatFollowUps_itemDesktop__R6aBv\">Co si\u0119 wydarzy\u0142o na terenie zak\u0142adu produkcyjnego?<\/li>\n<li class=\"OchatFollowUps_item__Dhyly OchatFollowUps_itemDesktop__R6aBv\">Jakie t\u0142umaczenia przedstawi\u0142 w\u0142a\u015bciciel psa?<\/li>\n<\/ul>\n<p class=\"Paragraph_desktopParagraph__U31Gm\">Wed\u0142ug zezna\u0144 jednej z pracownic, kt\u00f3ra by\u0142a \u015bwiadkiem zdarzenia, pies Timo przez dziesi\u0119\u0107 minut walczy\u0142 o \u017cycie, wij\u0105c si\u0119 z b\u00f3lu. Kobieta pr\u00f3bowa\u0142a interweniowa\u0107, jednak w\u0142a\u015bciciel nie chcia\u0142 uwolni\u0107 zwierz\u0119cia. Dopiero po up\u0142ywie kilku minut pies zosta\u0142 opuszczony, ale ju\u017c nie \u017cy\u0142.<\/p>\n<p class=\"Paragraph_desktopParagraph__U31Gm\">&#8222;Podnios\u0142em psa w\u00f3zkiem, \u017ceby mi by\u0142o \u0142atwiej za\u0142o\u017cy\u0107 link\u0119 wok\u00f3\u0142 g\u0142owy i drugiej \u0142apy, ale nie zauwa\u017cy\u0142em, \u017ce w tym czasie zapl\u0105ta\u0142 si\u0119 w link\u0119, kt\u00f3ra mu si\u0119 okr\u0119ci\u0142a wok\u00f3\u0142 g\u0142owy i zacisn\u0119\u0142a, bo skaka\u0142 i si\u0119 obraca\u0142. Tak zmar\u0142 \u2014 przez samouduszenie. To by\u0142 nieszcz\u0119\u015bliwy wypadek&#8221; \u2014 t\u0142umaczy\u0142 Jan D.<\/p>\n<p>S\u0105d nie da\u0142 wiary t\u0142umaczeniom <\/p>\n<p class=\"Paragraph_desktopParagraph__U31Gm\">S\u0105d nie da\u0142 wiary wyja\u015bnieniom w\u0142a\u015bciciela. Jak podkre\u015bli\u0142 s\u0119dzia Grzegorz Fedyczkowski, Jan D. nie mia\u0142 bezpo\u015bredniego zamiaru zabicia psa, ale godzi\u0142 si\u0119 na jego cierpienie. Wed\u0142ug s\u0105du, m\u0119\u017cczyzna chcia\u0142 poddusi\u0107 psa, by ten straci\u0142 przytomno\u015b\u0107 i przesta\u0142 si\u0119 broni\u0107, traktuj\u0105c to jako metod\u0119 wychowawcz\u0105.<\/p>\n<p class=\"Paragraph_desktopParagraph__U31Gm\">S\u0119dzia zaznaczy\u0142, \u017ce oskar\u017cony nie opu\u015bci\u0142 wide\u0142 w\u00f3zka wid\u0142owego mimo pr\u00f3\u015bb \u015bwiadka, co doprowadzi\u0142o do \u015bmierci zwierz\u0119cia. Ostatecznie Jan D. zosta\u0142 skazany na pi\u0119\u0107 miesi\u0119cy pozbawienia wolno\u015bci, wp\u0142at\u0119 5 tys. z\u0142 na rzecz Towarzystwa Opieki nad Zwierz\u0119tami w Opolu oraz pokrycie koszt\u00f3w s\u0105dowych.<\/p>\n<p>S\u0105siedzi domagaj\u0105 si\u0119 surowszej kary <\/p>\n<p class=\"Paragraph_desktopParagraph__U31Gm\">Reakcje mieszka\u0144c\u00f3w Krapkowic na wyrok s\u0105 jednoznaczne. Wielu z nich uwa\u017ca, \u017ce kara jest niewsp\u00f3\u0142mierna do cierpienia, jakiego dozna\u0142o zwierz\u0119. Jedna z mieszkanek podkre\u015bla\u0142a, \u017ce nie ma \u017cadnego usprawiedliwienia dla przemocy wobec s\u0142abszych, a osoby dopuszczaj\u0105ce si\u0119 takich czyn\u00f3w nie powinny mie\u0107 kontaktu ze zwierz\u0119tami. Inni s\u0105siedzi wskazywali, \u017ce pi\u0119\u0107 miesi\u0119cy wi\u0119zienia to zbyt \u0142agodna kara za tak brutalne potraktowanie psa. &#8222;Wyrok jest za niski, bo pies niewyobra\u017calnie cierpia\u0142 i zosta\u0142 zabity w m\u0119czarniach. Pi\u0119\u0107 miesi\u0119cy to \u015bmiesznie \u0142agodna kara za takie bestialstwo&#8221; \u2014 powiedzia\u0142a jedna z os\u00f3b w rozmowie z &#8222;Gazet\u0105 Wyborcz\u0105&#8221;.<\/p>\n<p class=\"Paragraph_desktopParagraph__U31Gm\">Jan D. nie zgadza si\u0119 z wyrokiem i zapowiedzia\u0142 odwo\u0142anie do s\u0105du drugiej instancji. W rozmowie z &#8222;Wyborcz\u0105&#8221; stwierdzi\u0142, \u017ce ludzie nies\u0142usznie oskar\u017caj\u0105 go o zn\u0119canie si\u0119 nad zwierz\u0119tami, a ca\u0142a sytuacja by\u0142a nieszcz\u0119\u015bliwym wypadkiem. Doda\u0142, \u017ce nie mo\u017cna por\u00f3wnywa\u0107 \u015bmierci psa do \u015bmierci cz\u0142owieka i gdyby chcia\u0142 zabi\u0107 zwierz\u0119, m\u00f3g\u0142by to zrobi\u0107 na wiele innych sposob\u00f3w. Mieszka\u0144cy miasta oczekuj\u0105, \u017ce s\u0105d drugiej instancji podejmie decyzj\u0119, kt\u00f3ra b\u0119dzie adekwatna do skali cierpienia zwierz\u0119cia.<\/p>\n<p class=\"Paragraph_desktopParagraph__U31Gm\">Polecamy r\u00f3wnie\u017c:<\/p>\n<p class=\"Paragraph_desktopParagraph__U31Gm\"><a href=\"https:\/\/kobieta.onet.pl\/wiadomosci\/wskazano-10-najtrudniejszych-ras-psow-nie-nadaja-sie-dla-poczatkujacych\/hm8426e\" id=\"4fa17e4c-827d-4870-b872-b5f9ad9762be\" rel=\"nofollow noopener\" target=\"_blank\">Te rasy ps\u00f3w uwa\u017cane s\u0105 za trudne. Nie nadaj\u0105 si\u0119 dla pocz\u0105tkuj\u0105cych<\/a><\/p>\n","protected":false},"excerpt":{"rendered":"Do tragicznego zdarzenia dosz\u0142o na pocz\u0105tku stycznia 2024 r. na terenie zak\u0142adu produkcyjnego w Krapkowicach. Jak relacjonowa\u0142 m\u0142odszy&hellip;\n","protected":false},"author":2,"featured_media":212982,"comment_status":"","ping_status":"","sticky":false,"template":"","format":"standard","meta":{"footnotes":""},"categories":[12],"tags":[32,33,36,37,27,34,35,28,31,53,25,52,68,51,55,6183,42,38,40,39,41,47,39366,591,29,30,65,50,26,6509],"class_list":{"0":"post-212981","1":"post","2":"type-post","3":"status-publish","4":"format-standard","5":"has-post-thumbnail","7":"category-polska","8":"tag-breaking-news","9":"tag-breakingnews","10":"tag-featured-news","11":"tag-featurednews","12":"tag-headlines","13":"tag-latest-news","14":"tag-latestnews","15":"tag-naglowki","16":"tag-najwazniejsze-artykuly","17":"tag-new_header","18":"tag-news","19":"tag-onet3","20":"tag-onet3d","21":"tag-onet3d_2i","22":"tag-phx","23":"tag-pies","24":"tag-pl","25":"tag-poland","26":"tag-polish","27":"tag-polska","28":"tag-polski","29":"tag-screening_general","30":"tag-sg_cleanup_tst0","31":"tag-srodowisko","32":"tag-top-stories","33":"tag-topstories","34":"tag-update_me","35":"tag-v2021","36":"tag-wiadomosci","37":"tag-zwierzeta_zwierze"},"share_on_mastodon":{"url":"https:\/\/pubeurope.com\/@pl\/115920179307624956","error":""},"_links":{"self":[{"href":"https:\/\/www.europesays.com\/pl\/wp-json\/wp\/v2\/posts\/212981","targetHints":{"allow":["GET"]}}],"collection":[{"href":"https:\/\/www.europesays.com\/pl\/wp-json\/wp\/v2\/posts"}],"about":[{"href":"https:\/\/www.europesays.com\/pl\/wp-json\/wp\/v2\/types\/post"}],"author":[{"embeddable":true,"href":"https:\/\/www.europesays.com\/pl\/wp-json\/wp\/v2\/users\/2"}],"replies":[{"embeddable":true,"href":"https:\/\/www.europesays.com\/pl\/wp-json\/wp\/v2\/comments?post=212981"}],"version-history":[{"count":0,"href":"https:\/\/www.europesays.com\/pl\/wp-json\/wp\/v2\/posts\/212981\/revisions"}],"wp:featuredmedia":[{"embeddable":true,"href":"https:\/\/www.europesays.com\/pl\/wp-json\/wp\/v2\/media\/212982"}],"wp:attachment":[{"href":"https:\/\/www.europesays.com\/pl\/wp-json\/wp\/v2\/media?parent=212981"}],"wp:term":[{"taxonomy":"category","embeddable":true,"href":"https:\/\/www.europesays.com\/pl\/wp-json\/wp\/v2\/categories?post=212981"},{"taxonomy":"post_tag","embeddable":true,"href":"https:\/\/www.europesays.com\/pl\/wp-json\/wp\/v2\/tags?post=212981"}],"curies":[{"name":"wp","href":"https:\/\/api.w.org\/{rel}","templated":true}]}}