{"id":213117,"date":"2026-01-19T10:05:09","date_gmt":"2026-01-19T10:05:09","guid":{"rendered":"https:\/\/www.europesays.com\/pl\/213117\/"},"modified":"2026-01-19T10:05:09","modified_gmt":"2026-01-19T10:05:09","slug":"masa-kontuzji-w-legii-papszun-bez-taryfy-ulgowej-dla-pilkarzy","status":"publish","type":"post","link":"https:\/\/www.europesays.com\/pl\/213117\/","title":{"rendered":"Masa kontuzji w Legii. Papszun bez taryfy ulgowej dla pi\u0142karzy"},"content":{"rendered":"<p>Legia Warszawa pod\u00a0okiem Marka Papszuna przygotowuje si\u0119 do\u00a0rundy wiosennej w\u00a0Ekstraklasie. \u0141atwo nie\u00a0jest, o\u00a0czym mo\u017ce \u015bwiadczy\u0107 spora liczba uraz\u00f3w, jakich nabawili si\u0119 pi\u0142karze Wojskowych w\u00a0ostatnich dniach.\u00a0<\/p>\n<p>Najnowsze wie\u015bci ze\u00a0zgrupowania Legii w\u00a0hiszpa\u0144skim Mijas przekaza\u0142 Piotr Kamieniecki z\u00a0portalu TVP Sport. Ju\u017c wcze\u015bniej Legia informowa\u0142a o\u00a0urazach Gabriela Kobylaka oraz\u00a0Rubena Vinagre\u2019a. Portugalczyk po\u00a0sparingu z\u00a0Puskas Academy wypad\u0142 z\u00a0trening\u00f3w na\u00a0kilka dni, a\u00a0bramkarz do\u00a0zdrowia wraca ju\u017c w\u00a0Warszawie.<\/p>\n<p>Jak si\u0119 okazuje, lista mniej lub bardziej kontuzjowanych jest d\u0142u\u017csza.<\/p>\n<blockquote class=\"twitter-tweet\">\n<p dir=\"ltr\" lang=\"pl\">Harmonogram przygotowa\u0144 do\u00a0rundy wiosennej 2025\/26<\/p>\n<p>\u27a1\ufe0f <a href=\"https:\/\/t.co\/OAAApwJvCL\" target=\"_blank\" rel=\"noopener noreferrer nofollow\">https:\/\/t.co\/OAAApwJvCL<\/a> <a href=\"https:\/\/t.co\/1H9uRJYuCC\" target=\"_blank\" rel=\"noopener noreferrer nofollow\">pic.twitter.com\/1H9uRJYuCC<\/a><\/p>\n<p>\u2014\u00a0Legia Warszawa \ud83c\udfc6 (@LegiaWarszawa) <a href=\"https:\/\/twitter.com\/LegiaWarszawa\/status\/2007858965389177142?ref_src=twsrc%5Etfw\" target=\"_blank\" rel=\"noopener noreferrer nofollow\">January 4, 2026<\/a><\/p>\n<\/blockquote>\n<p>Plaga kontuzji w\u00a0Legii. Marek Papszun bez\u00a0taryfy ulgowej dla podopiecznych<\/p>\n<p>Legia w\u00a0hiszpa\u0144skim Mijas do\u00a0startu rundy wiosennej przygotowuje si\u0119 ju\u017c od\u00a0ponad tygodnia. W\u00a0tym czasie zd\u0105\u017cy\u0142a ju\u017c rozegra\u0107 dwa mecze towarzyskie \u2013 jeden zako\u0144czy\u0142 si\u0119 zwyci\u0119stwem, a\u00a0drugi remisem, jednak oba zosta\u0142y okupione kontuzjami. Po\u00a0starciu z\u00a0Puskas Academy uraz\u00f3w nabawili si\u0119 wspomniani Vinagre oraz\u00a0Kobylak, a\u00a0nie\u00a0lepsze efekty przynios\u0142o spotkanie z\u00a0Sigm\u0105 O\u0142omuniec.<\/p>\n<p class=\"text-h500 md:text-d_h500 text-neutral-content-strong\" style=\"text-align: center;\"><a href=\"https:\/\/weszlo.com\/legia-warszawa-wciaz-niepokonana-w-hiszpanii-tym-razem-wygrana\/\" rel=\"nofollow noopener\" target=\"_blank\">Legia niepokonana w\u00a0Hiszpanii. Zwyci\u0119stwo z\u00a0Sigm\u0105<\/a><\/p>\n<p>Steve Kapuadi po\u00a0pierwszej po\u0142owie rywalizacji plac gry opuszcza\u0142 z\u00a0opatrunkiem w\u00a0okolicach stawu skokowego. Z\u00a0b\u00f3lem spotka\u0142 si\u0119 tak\u017ce Pawe\u0142 Wszo\u0142ek. Reprezentant Polski zosta\u0142 skierowany na\u00a0dodatkowe badania, kt\u00f3re maj\u0105 rozwia\u0107 wszelkie w\u0105tpliwo\u015bci, dotycz\u0105ce jego stanu zdrowia.<\/p>\n<p>Nie\u0142atwy pocz\u0105tek w\u00a0pierwszym zespole prze\u017cywa Samuel Kovacik. S\u0142owak po\u00a0dobrych wyst\u0119pach w\u00a0rezerwach i\u00a0przed\u0142u\u017ceniu kontraktu z\u00a0Legi\u0105 zosta\u0142 przesuni\u0119ty wy\u017cej i\u00a0wraz z\u00a0zespo\u0142em uda\u0142 si\u0119 do\u00a0Hiszpanii. Treningi okaza\u0142y si\u0119 dla niego na\u00a0tyle wymagaj\u0105ce, \u017ce\u00a0jego organizm zosta\u0142 przeci\u0105\u017cony.<\/p>\n<p>Jakby tego by\u0142o ma\u0142o to\u00a0ze\u00a0wzgl\u0119du na\u00a0drobne problemy w\u00a0sparingu z\u00a0Sigm\u0105 O\u0142omuniec nie\u00a0mogli pokaza\u0107 si\u0119 Jakub \u017bew\u0142akow oraz\u00a0Bartosz Kapustka. W\u00a0przypadku tego drugiego, mo\u017cemy przeczyta\u0107, \u017ce\u00a0ju\u017c wr\u00f3ci\u0142 do\u00a0zaj\u0119\u0107 z\u00a0dru\u017cyn\u0105. Dla odmiany zabrak\u0142o w\u00a0nich Artura J\u0119drzejczyka oraz\u00a0Kacpra Urba\u0144skiego, czyli strzelca zwyci\u0119skiego gola w\u00a0ostatnim meczu towarzyskim.<\/p>\n<p>Legia na\u00a0hiszpa\u0144skich boiskach b\u0119dzie trenowa\u0142a do\u00a023 stycznia. W\u00a0tym czasie zmierzy si\u0119 jeszcze z\u00a0Polissi\u0105 \u017bytomierz oraz\u00a0Spart\u0105 Praga. Nast\u0119pnie wr\u00f3ci do\u00a0kraju i\u00a0ostatnie szlify przed\u00a0startem zmaga\u0144 o\u00a0punkty b\u0119dzie zbiera\u0107 w\u00a0LTC. Oficjalny debiut Marka Papszuna w\u00a0nowej roli zaplanowany jest na\u00a01 lutego i\u00a0mecz z\u00a0Koron\u0105 Kielce.<\/p>\n<p>CZYTAJ WI\u0118CEJ NA\u00a0WESZ\u0141O:<\/p>\n<p class=\"text-h500 md:text-d_h500 text-neutral-content-strong\">Fot.\u00a0Newspix<\/p>\n<p>                    <script async src=\"https:\/\/platform.twitter.com\/widgets.js\" charset=\"utf-8\"><\/script><\/p>\n","protected":false},"excerpt":{"rendered":"Legia Warszawa pod\u00a0okiem Marka Papszuna przygotowuje si\u0119 do\u00a0rundy wiosennej w\u00a0Ekstraklasie. \u0141atwo nie\u00a0jest, o\u00a0czym mo\u017ce \u015bwiadczy\u0107 spora liczba uraz\u00f3w,&hellip;\n","protected":false},"author":2,"featured_media":213118,"comment_status":"","ping_status":"","sticky":false,"template":"","format":"standard","meta":{"footnotes":""},"categories":[24],"tags":[713,2221,42,38,40,39,41,127,126],"class_list":{"0":"post-213117","1":"post","2":"type-post","3":"status-publish","4":"format-standard","5":"has-post-thumbnail","7":"category-sport","8":"tag-legia-warszawa","9":"tag-marek-papszun","10":"tag-pl","11":"tag-poland","12":"tag-polish","13":"tag-polska","14":"tag-polski","15":"tag-sport","16":"tag-sports"},"share_on_mastodon":{"url":"https:\/\/pubeurope.com\/@pl\/115921205527766712","error":""},"_links":{"self":[{"href":"https:\/\/www.europesays.com\/pl\/wp-json\/wp\/v2\/posts\/213117","targetHints":{"allow":["GET"]}}],"collection":[{"href":"https:\/\/www.europesays.com\/pl\/wp-json\/wp\/v2\/posts"}],"about":[{"href":"https:\/\/www.europesays.com\/pl\/wp-json\/wp\/v2\/types\/post"}],"author":[{"embeddable":true,"href":"https:\/\/www.europesays.com\/pl\/wp-json\/wp\/v2\/users\/2"}],"replies":[{"embeddable":true,"href":"https:\/\/www.europesays.com\/pl\/wp-json\/wp\/v2\/comments?post=213117"}],"version-history":[{"count":0,"href":"https:\/\/www.europesays.com\/pl\/wp-json\/wp\/v2\/posts\/213117\/revisions"}],"wp:featuredmedia":[{"embeddable":true,"href":"https:\/\/www.europesays.com\/pl\/wp-json\/wp\/v2\/media\/213118"}],"wp:attachment":[{"href":"https:\/\/www.europesays.com\/pl\/wp-json\/wp\/v2\/media?parent=213117"}],"wp:term":[{"taxonomy":"category","embeddable":true,"href":"https:\/\/www.europesays.com\/pl\/wp-json\/wp\/v2\/categories?post=213117"},{"taxonomy":"post_tag","embeddable":true,"href":"https:\/\/www.europesays.com\/pl\/wp-json\/wp\/v2\/tags?post=213117"}],"curies":[{"name":"wp","href":"https:\/\/api.w.org\/{rel}","templated":true}]}}