{"id":213156,"date":"2026-01-19T11:30:09","date_gmt":"2026-01-19T11:30:09","guid":{"rendered":"https:\/\/www.europesays.com\/pl\/213156\/"},"modified":"2026-01-19T11:30:09","modified_gmt":"2026-01-19T11:30:09","slug":"zloty-mikrofon-katarzyny-stoparczyk-wylicytowany-za-pokazna-sume-wiadomo-gdzie-trafi","status":"publish","type":"post","link":"https:\/\/www.europesays.com\/pl\/213156\/","title":{"rendered":"Z\u0142oty Mikrofon Katarzyny Stoparczyk wylicytowany za poka\u017an\u0105 sum\u0119. Wiadomo, gdzie trafi"},"content":{"rendered":"<p class=\"Paragraph_desktopParagraph__U31Gm\">Aukcja Z\u0142otego Mikrofonu <a href=\"https:\/\/plejada.pl\/temat\/katarzyna-stoparczyk\/x3k3lwd\" id=\"21514783-2ea1-4c70-b75d-892a3975bc76\" rel=\"nofollow noopener\" target=\"_blank\">Katarzyny Stoparczyk<\/a> okaza\u0142a si\u0119 jednym z najbardziej emocjonuj\u0105cych moment\u00f3w tegorocznej edycji Wielkiej Orkiestry \u015awi\u0105tecznej Pomocy. Przedmiot, b\u0119d\u0105cy symbolem odwagi i zaanga\u017cowania dziennikarki w oddawanie g\u0142osu dzieciom, wzbudzi\u0142 ogromne zainteresowanie.<\/p>\n<ul class=\"OchatFollowUps_wrapper__1ry7X\">\n<li class=\"OchatFollowUps_item__Dhyly OchatFollowUps_itemDesktop__R6aBv\">Kto wylicytowa\u0142 Z\u0142oty Mikrofon Katarzyny Stoparczyk?<\/li>\n<li class=\"OchatFollowUps_item__Dhyly OchatFollowUps_itemDesktop__R6aBv\">Ile wynios\u0142a kwota za Z\u0142oty Mikrofon?<\/li>\n<li class=\"OchatFollowUps_item__Dhyly OchatFollowUps_itemDesktop__R6aBv\">Gdzie trafi Z\u0142oty Mikrofon?<\/li>\n<li class=\"OchatFollowUps_item__Dhyly OchatFollowUps_itemDesktop__R6aBv\">Jakie znaczenie ma przekazanie Z\u0142otego Mikrofonu do szko\u0142y?<\/li>\n<\/ul>\n<p>Wylicytowano Z\u0142oty Mikrofon Katarzyny Stoparczyk. Jej synowie ujawnili, gdzie trafi <\/p>\n<p class=\"Paragraph_desktopParagraph__U31Gm\">Katarzyna Stoparczyk, wsp\u00f3\u0142prowadz\u0105ca program &#8222;Du\u017ce dzieci&#8221;, zgin\u0119\u0142a 5 wrze\u015bnia 2025 r. w tragicznym wypadku samochodowym w Je\u017cowem na Podkarpaciu. Z\u0142oty Mikrofon, b\u0119d\u0105cy po\u015bmiertnym wyr\u00f3\u017cnieniem przyznanym przez Tr\u00f3jk\u0119, sta\u0142 si\u0119 wyj\u0105tkow\u0105 pami\u0105tk\u0105 i przedmiotem licytacji, kt\u00f3ra przyci\u0105gn\u0119\u0142a wielu darczy\u0144c\u00f3w <a href=\"https:\/\/plejada.pl\/temat\/wielka-orkiestra-swiatecznej-pomocy-wosp\/8hhw1k2\" id=\"50371997-0ca2-4841-88d8-31d7e585b76a\" rel=\"nofollow noopener\" target=\"_blank\">WO\u015aP<\/a>.<\/p>\n<p class=\"Paragraph_desktopParagraph__U31Gm\">Najwy\u017csz\u0105 kwot\u0119 podczas aukcji zaoferowa\u0142a pani Ania, przekazuj\u0105c 36 583,33 z\u0142. Dzi\u0119ki temu zwyci\u0119\u017cczyni b\u0119dzie mia\u0142a okazj\u0119 spotka\u0107 si\u0119 osobi\u015bcie z Jerzym Owsiakiem podczas tegorocznego fina\u0142u oraz, wraz z osob\u0105 towarzysz\u0105c\u0105, uczestniczy\u0107 w koncertach w Studiu im. Agnieszki Osieckiej.<\/p>\n<p class=\"Paragraph_desktopParagraph__U31Gm\">Synowie Katarzyny Stoparczyk, Fryderyk i Maksymilian, poinformowali, \u017ce Z\u0142oty Mikrofon trafi do nowo powstaj\u0105cej szko\u0142y podstawowej w Ole\u015bnicy, miejscowo\u015bci zwi\u0105zanej z ich rodzin\u0105. Jak podkre\u015blili w rozmowie w &#8222;Dzie\u0144 dobry TVN&#8221;, czas po wrze\u015bniowej tragedii jest dla nich wyj\u0105tkowo trudny, a wspomnienia o mamie stanowi\u0105 dla nich codzienno\u015b\u0107. Wspominali tak\u017ce, \u017ce ich mama by\u0142a dla nich inspiracj\u0105, dzieli\u0142a si\u0119 do\u015bwiadczeniami i uczy\u0142a ich uwa\u017cno\u015bci.<\/p>\n<p class=\"Paragraph_desktopParagraph__U31Gm\">Obserwuj\u0105c przebieg aukcji, synowie zauwa\u017cyli, jak du\u017cym zainteresowaniem cieszy\u0142 si\u0119 Z\u0142oty Mikrofon ich mamy. Przedsi\u0119wzi\u0119cie traktowali jako wyraz uznania dla dziennikarki, kt\u00f3ra \u2014 jak sami przyznali \u2014 zawsze wspiera\u0142a dzieci i zach\u0119ca\u0142a je do wyra\u017cania w\u0142asnych my\u015bli.<\/p>\n<p class=\"Paragraph_desktopParagraph__U31Gm\">Decyzja o przekazaniu Z\u0142otego Mikrofonu do szko\u0142y podstawowej w Ole\u015bnicy ma wymiar symboliczny. To gest, kt\u00f3ry \u2014 jak zaznaczyli synowie Stoparczyk \u2014 jest form\u0105 oddania g\u0142osu najm\u0142odszym oraz nauk\u0105 wra\u017cliwo\u015bci, empatii i uwagi, warto\u015bci szczeg\u00f3lnie bliskich zmar\u0142ej dziennikarce.<\/p>\n<p class=\"Paragraph_desktopParagraph__U31Gm\">Dzi\u0119kujemy, \u017ce przeczyta\u0142a\u015b\/e\u015b nasz artyku\u0142 do ko\u0144ca. W serwisie Plejada.pl ka\u017cdego dnia piszemy o najwa\u017cniejszych wydarzeniach show-biznesowych. B\u0105d\u017a na bie\u017c\u0105co! <a rel=\"nofollow noopener\" href=\"https:\/\/profile.google.com\/cp\/Cg0vZy8xMWJ6X19wdHBx\" id=\"7665e080-9f72-4fd4-87c1-1705a067d868\" target=\"_blank\">Obserwuj<\/a> Plejad\u0119 w Wiadomo\u015bciach Google. Odwied\u017a nas tak\u017ce na <a rel=\"nofollow noopener\" href=\"https:\/\/www.facebook.com\/plejadapl\" id=\"ede90b6e-d7d6-4238-bef6-0174c4f420ee\" target=\"_blank\">Facebooku<\/a>, <a rel=\"nofollow noopener\" href=\"https:\/\/www.instagram.com\/plejadapl\/\" id=\"6305e67c-6529-49cb-9a9f-bc3310fb986e\" target=\"_blank\">Instagramie<\/a>, <a rel=\"nofollow noopener\" href=\"https:\/\/www.youtube.com\/c\/plejada\" id=\"28f8f23c-4ceb-4016-8534-07a708452ee1\" target=\"_blank\">YouTube<\/a> oraz <a rel=\"nofollow noopener\" href=\"https:\/\/www.tiktok.com\/@plejada_pl\" id=\"0bb02b0b-4286-43b1-ba84-bc338fbf6173\" target=\"_blank\">TikToku<\/a>.<\/p>\n<p class=\"Paragraph_desktopParagraph__U31Gm\">Chcesz podzieli\u0107 si\u0119 ciekawym newsem lub zaproponowa\u0107 temat? Skontaktuj si\u0119 z nami, pisz\u0105c e-maila na adres: <a href=\"https:\/\/www.onet.pl\/styl-zycia\/plejada\/zloty-mikrofon-katarzyny-stoparczyk-wylicytowany-za-pokazna-sume-wiadomo-gdzie-trafi\/mailto:plejada@redakcjaonet.pl\" id=\"7259b054-6ef4-4c29-9c40-039a89c599ad\" rel=\"nofollow noopener\" target=\"_blank\">plejada@redakcjaonet.pl<\/a>.<\/p>\n<p><script async src=\"\/\/www.instagram.com\/embed.js\"><\/script><script async src=\"\/\/www.tiktok.com\/embed.js\"><\/script><\/p>\n","protected":false},"excerpt":{"rendered":"Aukcja Z\u0142otego Mikrofonu Katarzyny Stoparczyk okaza\u0142a si\u0119 jednym z najbardziej emocjonuj\u0105cych moment\u00f3w tegorocznej edycji Wielkiej Orkiestry \u015awi\u0105tecznej Pomocy.&hellip;\n","protected":false},"author":2,"featured_media":213157,"comment_status":"","ping_status":"","sticky":false,"template":"","format":"standard","meta":{"footnotes":""},"categories":[22],"tags":[122,67,322,261,53,52,68,51,55,42,38,40,39,41,123,47,65,50,24008],"class_list":{"0":"post-213156","1":"post","2":"type-post","3":"status-publish","4":"format-standard","5":"has-post-thumbnail","7":"category-rozrywka","8":"tag-entertainment","9":"tag-intextvideo_splayer","10":"tag-katarzyna_stoparczyk","11":"tag-kultura","12":"tag-new_header","13":"tag-onet3","14":"tag-onet3d","15":"tag-onet3d_2i","16":"tag-phx","17":"tag-pl","18":"tag-poland","19":"tag-polish","20":"tag-polska","21":"tag-polski","22":"tag-rozrywka","23":"tag-screening_general","24":"tag-update_me","25":"tag-v2021","26":"tag-wielka_orkiestra_swiatecznej_pomocy_wosp"},"share_on_mastodon":{"url":"https:\/\/pubeurope.com\/@pl\/115921539722867137","error":""},"_links":{"self":[{"href":"https:\/\/www.europesays.com\/pl\/wp-json\/wp\/v2\/posts\/213156","targetHints":{"allow":["GET"]}}],"collection":[{"href":"https:\/\/www.europesays.com\/pl\/wp-json\/wp\/v2\/posts"}],"about":[{"href":"https:\/\/www.europesays.com\/pl\/wp-json\/wp\/v2\/types\/post"}],"author":[{"embeddable":true,"href":"https:\/\/www.europesays.com\/pl\/wp-json\/wp\/v2\/users\/2"}],"replies":[{"embeddable":true,"href":"https:\/\/www.europesays.com\/pl\/wp-json\/wp\/v2\/comments?post=213156"}],"version-history":[{"count":0,"href":"https:\/\/www.europesays.com\/pl\/wp-json\/wp\/v2\/posts\/213156\/revisions"}],"wp:featuredmedia":[{"embeddable":true,"href":"https:\/\/www.europesays.com\/pl\/wp-json\/wp\/v2\/media\/213157"}],"wp:attachment":[{"href":"https:\/\/www.europesays.com\/pl\/wp-json\/wp\/v2\/media?parent=213156"}],"wp:term":[{"taxonomy":"category","embeddable":true,"href":"https:\/\/www.europesays.com\/pl\/wp-json\/wp\/v2\/categories?post=213156"},{"taxonomy":"post_tag","embeddable":true,"href":"https:\/\/www.europesays.com\/pl\/wp-json\/wp\/v2\/tags?post=213156"}],"curies":[{"name":"wp","href":"https:\/\/api.w.org\/{rel}","templated":true}]}}