{"id":213160,"date":"2026-01-19T11:37:11","date_gmt":"2026-01-19T11:37:11","guid":{"rendered":"https:\/\/www.europesays.com\/pl\/213160\/"},"modified":"2026-01-19T11:37:11","modified_gmt":"2026-01-19T11:37:11","slug":"emilia-komarnicka-wystapi-w-tancu-z-gwiazdami-widzowie-grzmia","status":"publish","type":"post","link":"https:\/\/www.europesays.com\/pl\/213160\/","title":{"rendered":"Emilia Komarnicka wyst\u0105pi w &#8222;Ta\u0144cu z gwiazdami&#8221;. Widzowie grzmi\u0105"},"content":{"rendered":"<p class=\"ods-c-paragraph \">Z dnia na dzie\u0144 poznajemy kolejnych uczestnik\u00f3w nadchodz\u0105cej edycji &#8222;Ta\u0144ca z gwiazdami&#8221;. O Kryszta\u0142ow\u0105 Kul\u0119 powalcz\u0105 na pewno Ma\u0142gorzata Potocka, Mateusz Paw\u0142owski, Piotr K\u0119dzierski oraz <a href=\"https:\/\/plejada.pl\/newsy\/kim-jest-gamou-fall-to-on-wystapi-w-nowej-edycji-tanca-z-gwiazdami\/qhtb9ck\" id=\"d20f0447-8969-4308-81b5-c161893baa5d\" rel=\"nofollow noopener\" target=\"_blank\">Gamou Fall<\/a>. Na parkiecie zobaczymy r\u00f3wnie\u017c Emili\u0119 Komarnick\u0105, kt\u00f3rej udzia\u0142 ju\u017c na starcie budzi sporo kontrowersji.<\/p>\n<p> Dalszy ci\u0105g artyku\u0142u pod materia\u0142em wideo    <\/p>\n<p> Kto wyst\u0105pi w nowej edycji 'Ta\u0144ca z gwiazdami&#8217;? <\/p>\n<p> Jakie kontrowersje wzbudza Emilka Komarnicka? <\/p>\n<p> Dlaczego niekt\u00f3rzy widzowie uwa\u017caj\u0105, \u017ce Emilia ma przywileje? <\/p>\n<p> Kiedy odb\u0119dzie si\u0119 pierwszy odcinek 21. edycji 'Ta\u0144ca z gwiazdami&#8217;? <\/p>\n<p>  Emilia Komarnicka wyst\u0105pi w &#8222;Ta\u0144cu z gwiazdami&#8221;. &#8222;B\u0119dzie mia\u0142a przywileje&#8221;<\/p>\n<p class=\"ods-c-paragraph \">W mediach spo\u0142eczno\u015bciowych szybko pojawi\u0142y si\u0119 komentarze sugeruj\u0105ce, \u017ce aktorka mo\u017ce mie\u0107 przewag\u0119 nad pozosta\u0142ymi uczestnikami. Widzowie zwracaj\u0105 uwag\u0119 na jej wcze\u015bniejsze do\u015bwiadczenie taneczne oraz wsp\u00f3\u0142prac\u0119 sceniczn\u0105 ze <a href=\"https:\/\/plejada.pl\/temat\/stefano-terrazzino\/h0bk1h5\" id=\"cb168ec5-24d6-4fda-923e-7da5fcbe22ea\" rel=\"nofollow noopener\" target=\"_blank\">Stefano Terrazzino<\/a>, z kt\u00f3rym \u2014 jak podaj\u0105 media \u2014 ma wyst\u0105pi\u0107 w programie. Zdaniem cz\u0119\u015bci internaut\u00f3w regularne treningi mog\u0105 prze\u0142o\u017cy\u0107 si\u0119 na wysokie noty ju\u017c w pierwszych odcinkach.<\/p>\n<blockquote class=\"ods-o-quota\">\n<p class=\"ods-o-quota__paragraph\">Przecie\u017c ona ju\u017c ta\u0144czy w spektaklach ze Stefano Terrazzino, wi\u0119c b\u0119dzie mia\u0142a przywileje<\/p>\n<\/blockquote>\n<blockquote class=\"ods-o-quota\">\n<p class=\"ods-o-quota__paragraph\">Ta pani na co dzie\u0144 wyst\u0119puje w spektaklach ze Stefano i ma styczno\u015b\u0107 z wieloma choreografiami. Dlatego od pocz\u0105tku noty b\u0119d\u0105 wysokie, ale czy publiczno\u015b\u0107 j\u0105 polubi personalnie?<\/p>\n<\/blockquote>\n<blockquote class=\"ods-o-quota\">\n<p class=\"ods-o-quota__paragraph\">Skoro ta\u0144czy zawodowo razem ze Stefano, to naprawd\u0119 maj\u0105 wyst\u0105pi\u0107 w takim duecie?<\/p>\n<\/blockquote>\n<blockquote class=\"ods-o-quota\">\n<p class=\"ods-o-quota__paragraph\">O profesjonalni tancerze jako gwiazdy<\/p>\n<\/blockquote>\n<p class=\"ods-c-paragraph \">\u2014 czytamy na oficjalnym profilu <a href=\"https:\/\/plejada.pl\/temat\/taniec-z-gwiazdami\/m2pnrgp\" id=\"0926ca65-9c16-4385-99ad-be6e7dfa3206\" rel=\"nofollow noopener\" target=\"_blank\">&#8222;Ta\u0144ca z gwiazdami&#8221;<\/a> na Facebooku.<\/p>\n<p class=\"ods-c-paragraph \">Obok krytycznych g\u0142os\u00f3w w sieci szybko pojawi\u0142a si\u0119 fala pozytywnych reakcji. Cz\u0119\u015b\u0107 widz\u00f3w cieszy si\u0119 z tej decyzji. &#8222;\u015awietna wiadomo\u015b\u0107&#8221;, &#8222;Ju\u017c wiem, na kogo b\u0119d\u0119 g\u0142osowa\u0107&#8221;, &#8222;Czeka\u0142am na t\u0119 informacj\u0119 \u2014 na pewno b\u0119dziemy ogl\u0105da\u0107 i kibicowa\u0107&#8221;, &#8222;Wreszcie mam swojego faworyta&#8221; \u2014 pisz\u0105 internauci.<\/p>\n<p class=\"ods-c-paragraph \">Pierwszy odcinek 31. edycji &#8222;Ta\u0144ca z gwiazdami&#8221; zostanie wyemitowany w niedziel\u0119, 1 marca.<\/p>\n<p><img decoding=\"async\" src=\"https:\/\/www.europesays.com\/pl\/wp-content\/uploads\/2026\/01\/wWOk9lBaHR0cHM6Ly9vY2RuLmV1L3B1bHNjbXMvTURBXy9mMmU5Y2MwZjNkZGFiMWNkYTQ3MThlYzUwMzgzMGJmZS5qcGeRlQLNA.jpeg\" height=\"529\" width=\"940\" alt=\"Emilia Komarnicka\" loading=\"lazy\" class=\"ods-c-image__img ods-c-image__img--vertical\"\/><\/p>\n<p>Emilia KomarnickaMW Media<\/p>\n<p class=\"ods-c-paragraph \">Dzi\u0119kujemy, \u017ce przeczyta\u0142a\u015b\/e\u015b nasz artyku\u0142 do ko\u0144ca. W serwisie Plejada.pl ka\u017cdego dnia piszemy o najwa\u017cniejszych wydarzeniach show-biznesowych. B\u0105d\u017a na bie\u017c\u0105co! <a rel=\"nofollow noopener\" href=\"https:\/\/profile.google.com\/cp\/Cg0vZy8xMWJ6X19wdHBx\" id=\"46ff5cfe-d2e8-45da-a455-8d5333da1cba\" target=\"_blank\">Obserwuj<\/a> Plejad\u0119 w Google. Odwied\u017a nas tak\u017ce na <a rel=\"nofollow noopener\" href=\"https:\/\/www.facebook.com\/plejadapl\" id=\"7ee513e4-f57a-4084-ae40-02cfdf017d58\" target=\"_blank\">Facebooku<\/a>, <a rel=\"nofollow noopener\" href=\"https:\/\/www.instagram.com\/plejadapl\/\" id=\"4137b657-d6b2-4d10-a35d-6545619ddfc4\" target=\"_blank\">Instagramie<\/a>, <a rel=\"nofollow noopener\" href=\"https:\/\/www.youtube.com\/c\/plejada\" id=\"cc619623-90e1-48de-97f5-130e8bb92b65\" target=\"_blank\">YouTubie<\/a> oraz <a rel=\"nofollow noopener\" href=\"https:\/\/www.tiktok.com\/@plejada_pl\" id=\"1ab9dbb6-ff2f-4ad6-80f7-92b3cb293eed\" target=\"_blank\">TikToku<\/a>.<\/p>\n<p class=\"ods-c-paragraph \">Chcesz podzieli\u0107 si\u0119 ciekawym newsem lub zaproponowa\u0107 temat? Skontaktuj si\u0119 z nami, pisz\u0105c maila na adres: <a rel=\"nofollow noopener\" href=\"https:\/\/plejada.pl\/newsy\/emilia-komarnicka-wystapi-w-tancu-z-gwiazdami-widzowie-grzmia\/mailto:plejada@redakcjaonet.pl\" id=\"c5db0c98-9034-4eaf-b67b-82d4313ed1cc\" target=\"_blank\">plejada@redakcjaon<\/a><a href=\"https:\/\/et.pl\/\" id=\"30e55cba-4e3e-4b2f-9c46-66f32f9426f9\" rel=\"nofollow noopener\" target=\"_blank\">et.pl<\/a>.<\/p>\n<p><script async src=\"\/\/www.instagram.com\/embed.js\"><\/script><script async src=\"\/\/www.tiktok.com\/embed.js\"><\/script><\/p>\n","protected":false},"excerpt":{"rendered":"Z dnia na dzie\u0144 poznajemy kolejnych uczestnik\u00f3w nadchodz\u0105cej edycji &#8222;Ta\u0144ca z gwiazdami&#8221;. O Kryszta\u0142ow\u0105 Kul\u0119 powalcz\u0105 na pewno&hellip;\n","protected":false},"author":2,"featured_media":213161,"comment_status":"","ping_status":"","sticky":false,"template":"","format":"standard","meta":{"footnotes":""},"categories":[22],"tags":[10992,122,48,125,46,42,38,40,263,39,41,123,47,9325,1884],"class_list":{"0":"post-213160","1":"post","2":"type-post","3":"status-publish","4":"format-standard","5":"has-post-thumbnail","7":"category-rozrywka","8":"tag-emilia_komarnicka_klynstra","9":"tag-entertainment","10":"tag-nat_styl","11":"tag-newsy","12":"tag-omp","13":"tag-pl","14":"tag-poland","15":"tag-polish","16":"tag-polsat","17":"tag-polska","18":"tag-polski","19":"tag-rozrywka","20":"tag-screening_general","21":"tag-stefano_terrazzino","22":"tag-taniec_z_gwiazdami"},"share_on_mastodon":{"url":"https:\/\/pubeurope.com\/@pl\/115921567290970939","error":""},"_links":{"self":[{"href":"https:\/\/www.europesays.com\/pl\/wp-json\/wp\/v2\/posts\/213160","targetHints":{"allow":["GET"]}}],"collection":[{"href":"https:\/\/www.europesays.com\/pl\/wp-json\/wp\/v2\/posts"}],"about":[{"href":"https:\/\/www.europesays.com\/pl\/wp-json\/wp\/v2\/types\/post"}],"author":[{"embeddable":true,"href":"https:\/\/www.europesays.com\/pl\/wp-json\/wp\/v2\/users\/2"}],"replies":[{"embeddable":true,"href":"https:\/\/www.europesays.com\/pl\/wp-json\/wp\/v2\/comments?post=213160"}],"version-history":[{"count":0,"href":"https:\/\/www.europesays.com\/pl\/wp-json\/wp\/v2\/posts\/213160\/revisions"}],"wp:featuredmedia":[{"embeddable":true,"href":"https:\/\/www.europesays.com\/pl\/wp-json\/wp\/v2\/media\/213161"}],"wp:attachment":[{"href":"https:\/\/www.europesays.com\/pl\/wp-json\/wp\/v2\/media?parent=213160"}],"wp:term":[{"taxonomy":"category","embeddable":true,"href":"https:\/\/www.europesays.com\/pl\/wp-json\/wp\/v2\/categories?post=213160"},{"taxonomy":"post_tag","embeddable":true,"href":"https:\/\/www.europesays.com\/pl\/wp-json\/wp\/v2\/tags?post=213160"}],"curies":[{"name":"wp","href":"https:\/\/api.w.org\/{rel}","templated":true}]}}