{"id":213172,"date":"2026-01-19T11:58:12","date_gmt":"2026-01-19T11:58:12","guid":{"rendered":"https:\/\/www.europesays.com\/pl\/213172\/"},"modified":"2026-01-19T11:58:12","modified_gmt":"2026-01-19T11:58:12","slug":"krzysztof-chilinski-nie-zyje-zalozyciel-legendarnego-zespolu-disco-polo-mial-50-lat-rmf-fm","status":"publish","type":"post","link":"https:\/\/www.europesays.com\/pl\/213172\/","title":{"rendered":"Krzysztof Chili\u0144ski nie \u017cyje. Za\u0142o\u017cyciel legendarnego zespo\u0142u disco polo mia\u0142 50 lat :: RMF FM"},"content":{"rendered":"<p>Bolesna wiadomo\u015b\u0107 ze \u015bwiata muzyki disco polo. W wieku 50 lat zmar\u0142 Krzysztof Chili\u0144ski. Artysta by\u0142 jednym z za\u0142o\u017cycieli legendarnego zespo\u0142u Vabank, kt\u00f3rego przeboje do dzi\u015b nuci ca\u0142a Polska. Informacj\u0119 o \u015bmierci przekaza\u0142a jego rodzina.<\/p>\n<p><img decoding=\"async\" alt=\"\" src=\"https:\/\/www.europesays.com\/pl\/wp-content\/uploads\/2026\/01\/e9b18fbb53965a8faab9f7799d90f4e6.jpg\" class=\"w-100\"\/><\/p>\n<p>Krzysztof Chili\u0144ski nie \u017cyje. Za\u0142o\u017cyciel legendarnego zespo\u0142u disco polo mia\u0142 50 lat, fot. Shutterstock, YouTube<\/p>\n<p>&#13;<br \/>\n\tKrzysztof Chili\u0144ski <a href=\"https:\/\/www.rmf.fm\/magazyn\/tag,nie%20%C5%BCyje.html\" rel=\"nofollow noopener\" target=\"_blank\">nie \u017cyje<\/a><\/p>\n<p>&#13;<br \/>\n\tTo smutna wiadomo\u015b\u0107 ze \u015bwiata muzyki disco polo \u2013 nie \u017cyje Krzysztof Chili\u0144ski, kt\u00f3ry razem z Jerzym Szymczykiem i Edwardem Owczarczukiem za\u0142o\u017cy\u0142 w 1994 roku zesp\u00f3\u0142 <a href=\"https:\/\/www.rmf.fm\/magazyn\/tag,Vabank.html\" rel=\"nofollow noopener\" target=\"_blank\">Vabank<\/a>. Formacja po czterech latach zako\u0144czy\u0142a dzia\u0142alno\u015b\u0107 i powr\u00f3ci\u0142a dopiero w 2009 pod lekko zmienion\u0105 nazw\u0105 Wabank. W tym czasie wylansowali wiele przeboj\u00f3w, do kt\u00f3rych bawi\u0142a si\u0119 ca\u0142a Polska, m.in. \u201eNastolatka\u201d, \u201eDa\u0142a\u015b mi wiar\u0119\u201d czy \u201eNie odchod\u017a\u201d.<\/p>\n<p>&#13;<br \/>\n\t10 grudnia 2024 zmar\u0142 Edward Owczaruk. 1 marca 2025 odszed\u0142 Jerzy Szymczyk. Teraz potwierdzi\u0142a si\u0119 smutna wiadomo\u015b\u0107 o \u015bmierci ostatniego z za\u0142o\u017cycieli grupy, Krzysztofa Chili\u0144skiego.<\/p>\n<p>&#13;<br \/>\n\t\u201eBy\u0142 wybitnym artyst\u0105\u201d<\/p>\n<p>&#13;<br \/>\n\tNa profilu wydawnictwa muzycznego \u201ePoparazzi\u201d w mediach spo\u0142eczno\u015bciowych pojawi\u0142a si\u0119 klepsydra z informacj\u0105 o \u015bmierci Krzysztofa Chili\u0144skiego. Udost\u0119pnieniu towarzyszy\u0142o kr\u00f3tkie o\u015bwiadczenie:<\/p>\n<p>&#13;<br \/>\n\t\u201eZ g\u0142\u0119bokim \u017calem przyj\u0119li\u015bmy wiadomo\u015b\u0107 o \u015bmierci Krzysztofa Chili\u0144skiego, lidera zespo\u0142u Wabank\u201d.<\/p>\n<blockquote><p>&#13;<\/p>\n<p>&#13;<br \/>\n\t\tBy\u0142 wybitnym artyst\u0105 i osobowo\u015bci\u0105 muzyczn\u0105, kt\u00f3ra w istotny spos\u00f3b wpisa\u0142a si\u0119 w histori\u0119 polskiej sceny muzyki tanecznej. Jego dorobek artystyczny pozostanie trwa\u0142ym \u015bwiadectwem talentu i pasji.<\/p>\n<p>&#13;\n<\/p><\/blockquote>\n<p>&#13;<br \/>\n\tKrzysztof Chili\u0144ski zmar\u0142 15 stycznia 2026 roku w wieku 50 lat. Pogrzeb odb\u0119dzie si\u0119 19 stycznia o godzinie 11:30 w Kaplicy cmentarza Farnego pw. Chrystusa Zbawiciela w Bia\u0142ymstoku.<\/p>\n<p style=\"text-align: center;\">&#13;\n\t<\/p>\n","protected":false},"excerpt":{"rendered":"Bolesna wiadomo\u015b\u0107 ze \u015bwiata muzyki disco polo. W wieku 50 lat zmar\u0142 Krzysztof Chili\u0144ski. Artysta by\u0142 jednym z&hellip;\n","protected":false},"author":2,"featured_media":213173,"comment_status":"","ping_status":"","sticky":false,"template":"","format":"standard","meta":{"footnotes":""},"categories":[22],"tags":[26980,122,40327,40328,10773,42,38,40,39,41,123,511,40325,40326],"class_list":{"0":"post-213172","1":"post","2":"type-post","3":"status-publish","4":"format-standard","5":"has-post-thumbnail","7":"category-rozrywka","8":"tag-disco-polo","9":"tag-entertainment","10":"tag-krzysztof-chilinski","11":"tag-krzysztof-chilinski-nie-zyje","12":"tag-nie-zyje","13":"tag-pl","14":"tag-poland","15":"tag-polish","16":"tag-polska","17":"tag-polski","18":"tag-rozrywka","19":"tag-smierc","20":"tag-vabank","21":"tag-wabank"},"share_on_mastodon":{"url":"https:\/\/pubeurope.com\/@pl\/115921649822980972","error":""},"_links":{"self":[{"href":"https:\/\/www.europesays.com\/pl\/wp-json\/wp\/v2\/posts\/213172","targetHints":{"allow":["GET"]}}],"collection":[{"href":"https:\/\/www.europesays.com\/pl\/wp-json\/wp\/v2\/posts"}],"about":[{"href":"https:\/\/www.europesays.com\/pl\/wp-json\/wp\/v2\/types\/post"}],"author":[{"embeddable":true,"href":"https:\/\/www.europesays.com\/pl\/wp-json\/wp\/v2\/users\/2"}],"replies":[{"embeddable":true,"href":"https:\/\/www.europesays.com\/pl\/wp-json\/wp\/v2\/comments?post=213172"}],"version-history":[{"count":0,"href":"https:\/\/www.europesays.com\/pl\/wp-json\/wp\/v2\/posts\/213172\/revisions"}],"wp:featuredmedia":[{"embeddable":true,"href":"https:\/\/www.europesays.com\/pl\/wp-json\/wp\/v2\/media\/213173"}],"wp:attachment":[{"href":"https:\/\/www.europesays.com\/pl\/wp-json\/wp\/v2\/media?parent=213172"}],"wp:term":[{"taxonomy":"category","embeddable":true,"href":"https:\/\/www.europesays.com\/pl\/wp-json\/wp\/v2\/categories?post=213172"},{"taxonomy":"post_tag","embeddable":true,"href":"https:\/\/www.europesays.com\/pl\/wp-json\/wp\/v2\/tags?post=213172"}],"curies":[{"name":"wp","href":"https:\/\/api.w.org\/{rel}","templated":true}]}}