{"id":213230,"date":"2026-01-19T13:48:07","date_gmt":"2026-01-19T13:48:07","guid":{"rendered":"https:\/\/www.europesays.com\/pl\/213230\/"},"modified":"2026-01-19T13:48:07","modified_gmt":"2026-01-19T13:48:07","slug":"donald-trump-tworzy-rade-pokoju-zrodla-onetu-karol-nawrocki-z-zaproszeniem","status":"publish","type":"post","link":"https:\/\/www.europesays.com\/pl\/213230\/","title":{"rendered":"Donald Trump tworzy Rad\u0119 Pokoju. \u0179r\u00f3d\u0142a Onetu: Karol Nawrocki z zaproszeniem"},"content":{"rendered":"<p class=\"ods-c-paragraph \">Zaakceptowane przez Izrael oraz Hamas porozumienie pokojowe w Strefie Gazy zak\u0142ada powo\u0142anie mi\u0119dzynarodowego gremium, kt\u00f3re b\u0119dzie tymczasowo zarz\u0105dza\u0107 zniszczonym na skutek wojny terytorium. G\u0142\u00f3wnym organem, kt\u00f3ry ma zajmowa\u0107 si\u0119 &#8222;budowaniem potencja\u0142u rz\u0105dzenia, relacjami regionalnymi, odbudow\u0105, przyci\u0105ganiem inwestycji i mobilizacj\u0105 kapita\u0142u&#8221; b\u0119dzie <a href=\"https:\/\/wiadomosci.onet.pl\/swiat\/to-oni-maja-zarzadzac-strefa-gazy-znamy-sklad-rady-pokoju\/d5kh05x\" id=\"e1f7edfc-4364-4caa-a975-54998f027606\" rel=\"nofollow noopener\" target=\"_blank\">Rada Pokoju, na kt\u00f3rej czele stanie prezydent USA Donald Trump<\/a>.<\/p>\n<p class=\"ods-c-paragraph \">Wed\u0142ug agencji AFP zaproszenia do udzia\u0142u w Radzie Pokoju mia\u0142y zosta\u0107 wys\u0142ane do blisko 60 kraj\u00f3w, w tym do przyw\u00f3dc\u00f3w Francji, Niemiec, W\u0142och, W\u0119gier, Rumunii, Australii, Kanady, Komisji Europejskiej, Turcji oraz innych kluczowych pa\u0144stw Bliskiego Wschodu.<\/p>\n<p> Dalszy ci\u0105g artyku\u0142u pod materia\u0142em wideo    <\/p>\n<p> Kto zaprosi\u0142 Karola Nawrockiego do Rady Pokoju? <\/p>\n<p> Jaka jest rola Rady Pokoju? <\/p>\n<p> Ile wynosi wpisowe do Rady Pokoju? <\/p>\n<p> Kto jeszcze otrzyma\u0142 zaproszenie do Rady Pokoju? <\/p>\n<p class=\"ods-c-paragraph \">W niedziel\u0119 zaproszeniem pochwali\u0142 si\u0119 w mediach spo\u0142eczno\u015bciowych premier W\u0119gier Viktor Orban i jako pierwszy polityk wyrazi\u0142 ch\u0119\u0107 udzia\u0142u w najnowszej inicjatywie prezydenta USA. W poniedzia\u0142ek Kreml ujawni\u0142, \u017ce <a href=\"https:\/\/wiadomosci.onet.pl\/swiat\/kreml-trump-zaprosil-putina-do-rady-pokoju\/19s39b3\" id=\"ae1eef74-bb47-4702-849c-1f37ea0643f2\" rel=\"nofollow noopener\" target=\"_blank\">prezydent Rosji W\u0142adimir Putin tak\u017ce jest na li\u015bcie zaproszonych i rozwa\u017ca swoje uczestnictwo w tym gremium<\/a>. Z kolei premier Wielkiej Brytanii Keir Starmer o\u015bwiadczy\u0142, \u017ce &#8222;rozmawia z sojusznikami&#8221; na temat warunk\u00f3w przyst\u0105pienia do Rady Pokoju.<\/p>\n<p>Nieoficjalnie: cz\u0142onkostwo w Radzie Pokoju ma drogie wpisowe<\/p>\n<p class=\"ods-c-paragraph \">Wed\u0142ug Bloomberga, ameryka\u0144ska administracja przekaza\u0142a pa\u0144stwom, kt\u00f3re chc\u0105 uzyska\u0107 sta\u0142e miejsce w Radzie Pokoju w Strefie Gazy, \u017ce musz\u0105 wnie\u015b\u0107 <a href=\"https:\/\/wiadomosci.onet.pl\/swiat\/donald-trump-tworzy-rade-pokoju-miliard-dolarow-za-miejsce-przy-stole\/y9b4y7z\" id=\"3111cfc1-c02b-49a6-9ca8-185af50a498c\" rel=\"nofollow noopener\" target=\"_blank\">wk\u0142ad w wysoko\u015bci &#8222;co najmniej miliarda dolar\u00f3w&#8221; (ok. 3,64 mld z\u0142) za trzyletnie cz\u0142onkostwo<\/a>.<\/p>\n<p class=\"ods-c-paragraph \">Bia\u0142y Dom nie zdementowa\u0142 tej informacji. O\u015bwiadczy\u0142 jedynie w mediach spo\u0142eczno\u015bciowych, \u017ce &#8222;nie ma minimalnej op\u0142aty cz\u0142onkowskiej&#8221;. Jednocze\u015bnie stwierdzi\u0142, \u017ce oferta sta\u0142ego cz\u0142onkostwa w Radzie Pokoju zosta\u0142a skierowana do kraj\u00f3w partnerskich, kt\u00f3re &#8222;wykazuj\u0105 g\u0142\u0119bokie zaanga\u017cowanie na rzecz pokoju, bezpiecze\u0144stwa i dobrobytu&#8221;.<\/p>\n<p class=\"ods-c-paragraph \">Jedna z os\u00f3b zaznajomionych z planem stwierdzi\u0142a w rozmowie z &#8222;Financial Times&#8221;, \u017ce administracja USA postrzega Rad\u0119 Pokoju jako &#8222;potencjalny substytut ONZ&#8221; i &#8222;rodzaj r\u00f3wnoleg\u0142ego, nieoficjalnego organu zajmuj\u0105cego si\u0119 konfliktami r\u00f3wnie\u017c poza Gaz\u0105&#8221;. Wed\u0142ug dziennika nowe gremium mog\u0142oby przygl\u0105da\u0107 si\u0119 tak\u017ce sytuacji w Ukrainie oraz Wenezueli.<\/p>\n","protected":false},"excerpt":{"rendered":"Zaakceptowane przez Izrael oraz Hamas porozumienie pokojowe w Strefie Gazy zak\u0142ada powo\u0142anie mi\u0119dzynarodowego gremium, kt\u00f3re b\u0119dzie tymczasowo zarz\u0105dza\u0107&hellip;\n","protected":false},"author":2,"featured_media":97591,"comment_status":"","ping_status":"","sticky":false,"template":"","format":"standard","meta":{"footnotes":""},"categories":[5],"tags":[905,32,33,44,36,37,27,43,49,34,35,28,31,48,25,46,42,38,40,39,41,47,88,29,30,26],"class_list":{"0":"post-213230","1":"post","2":"type-post","3":"status-publish","4":"format-standard","5":"has-post-thumbnail","7":"category-naglowki","8":"tag-bliski_wschod","9":"tag-breaking-news","10":"tag-breakingnews","11":"tag-donald_trump","12":"tag-featured-news","13":"tag-featurednews","14":"tag-headlines","15":"tag-karol_nawrocki","16":"tag-kraj","17":"tag-latest-news","18":"tag-latestnews","19":"tag-naglowki","20":"tag-najwazniejsze-artykuly","21":"tag-nat_styl","22":"tag-news","23":"tag-omp","24":"tag-pl","25":"tag-poland","26":"tag-polish","27":"tag-polska","28":"tag-polski","29":"tag-screening_general","30":"tag-strefa_gazy","31":"tag-top-stories","32":"tag-topstories","33":"tag-wiadomosci"},"share_on_mastodon":{"url":"https:\/\/pubeurope.com\/@pl\/115922082433474932","error":""},"_links":{"self":[{"href":"https:\/\/www.europesays.com\/pl\/wp-json\/wp\/v2\/posts\/213230","targetHints":{"allow":["GET"]}}],"collection":[{"href":"https:\/\/www.europesays.com\/pl\/wp-json\/wp\/v2\/posts"}],"about":[{"href":"https:\/\/www.europesays.com\/pl\/wp-json\/wp\/v2\/types\/post"}],"author":[{"embeddable":true,"href":"https:\/\/www.europesays.com\/pl\/wp-json\/wp\/v2\/users\/2"}],"replies":[{"embeddable":true,"href":"https:\/\/www.europesays.com\/pl\/wp-json\/wp\/v2\/comments?post=213230"}],"version-history":[{"count":0,"href":"https:\/\/www.europesays.com\/pl\/wp-json\/wp\/v2\/posts\/213230\/revisions"}],"wp:featuredmedia":[{"embeddable":true,"href":"https:\/\/www.europesays.com\/pl\/wp-json\/wp\/v2\/media\/97591"}],"wp:attachment":[{"href":"https:\/\/www.europesays.com\/pl\/wp-json\/wp\/v2\/media?parent=213230"}],"wp:term":[{"taxonomy":"category","embeddable":true,"href":"https:\/\/www.europesays.com\/pl\/wp-json\/wp\/v2\/categories?post=213230"},{"taxonomy":"post_tag","embeddable":true,"href":"https:\/\/www.europesays.com\/pl\/wp-json\/wp\/v2\/tags?post=213230"}],"curies":[{"name":"wp","href":"https:\/\/api.w.org\/{rel}","templated":true}]}}