{"id":213244,"date":"2026-01-19T13:56:07","date_gmt":"2026-01-19T13:56:07","guid":{"rendered":"https:\/\/www.europesays.com\/pl\/213244\/"},"modified":"2026-01-19T13:56:07","modified_gmt":"2026-01-19T13:56:07","slug":"jagiellonia-rezygnuje-z-glosnego-transferu-oto-powody-tej-decyzji","status":"publish","type":"post","link":"https:\/\/www.europesays.com\/pl\/213244\/","title":{"rendered":"Jagiellonia rezygnuje z g\u0142o\u015bnego transferu! Oto powody tej decyzji"},"content":{"rendered":"<p>Jagiellonia Bia\u0142ystok by\u0142a o\u00a0krok od\u00a0sfinalizowania transferu pi\u0142karza, kt\u00f3ry\u00a0mia\u0142 zast\u0105pi\u0107 Oskara Pietuszewskiego. Keyan Varela wzbudzi\u0142 spore kontrowersje po\u00a0tym, jak okaza\u0142o si\u0119, \u017ce\u00a0w\u00a0Szwajcarii zosta\u0142 zatrzymany w\u00a0sprawie porwania m\u0142odego francuskiego zawodnika. Czy\u00a0to\u00a0dlatego klub z\u00a0Podlasia wycofa\u0142 si\u0119 z\u00a0umowy?<\/p>\n<p>Keyan Varela dotar\u0142 do\u00a0Turcji, gdzie Jagiellonia Bia\u0142ystok szykuje si\u0119 do\u00a0drugiej cz\u0119\u015bci sezonu. M\u0142odzie\u017cowy reprezentant Portugalii by\u0142 w\u00a0zasadzie pewny, \u017ce\u00a0podpisze kontrakt z\u00a0nowym klubem. Wszystko by\u0142o dogadane, zosta\u0142y ostatnie szczeg\u00f3\u0142y. Wtedy w\u00a0Polsce podnios\u0142o si\u0119 larum \u2013 odkryto, \u017ce\u00a0zawodnik by\u0142 wpl\u0105tany w\u00a0afer\u0119 z\u00a0uprowadzeniem cz\u0142owieka. Osoba z\u00a0jego otoczenia przedstawi\u0142a nam dowody na\u00a0to, \u017ce\u00a0pi\u0142karz zosta\u0142 zwolniony z\u00a0aresztu i\u00a0twierdzi\u0142a, \u017ce\u00a0nie\u00a0grozi mu\u00a0odpowiedzialno\u015b\u0107 karna.<\/p>\n<p>Jagiellonia wycofa\u0142a si\u0119 jednak z\u00a0interesu z\u00a0Servette FC. Co\u00a0m\u00f3wi si\u0119 o\u00a0tym za\u00a0kulisami?<\/p>\n<p style=\"text-align: center;\"><a href=\"https:\/\/weszlo.com\/klopoty-z-prawem-celu-transferowego-jagiellonii-znamy-kulisy\" rel=\"nofollow noopener\" target=\"_blank\">K\u0142opoty z\u00a0prawem celu transferowego Jagiellonii? Znamy kulisy<\/a><\/p>\n<p>Ekstraklasa. Jagiellonia rezygnuje z\u00a0transferu? Keyan Varela wraca do\u00a0domu<\/p>\n<p>Sytuacja Keyana Vareli mocno si\u0119 zagmatwa\u0142a. W\u00a0obozie przekonuj\u0105, \u017ce\u00a0wie\u015bci o\u00a0tym, \u017ce\u00a0pi\u0142karz ma\u00a0problemy z\u00a0prawem:<\/p>\n<ul>\n<li>nie\u00a0by\u0142y kompletn\u0105 nowo\u015bci\u0105,<\/li>\n<li>nie\u00a0sta\u0142y na\u00a0przeszkodzie do\u00a0transferu.<\/li>\n<\/ul>\n<p>Niech\u00a0ka\u017cdy wierzy, w\u00a0co\u00a0chce, ale\u00a0klub chcia\u0142 podpisa\u0107 umow\u0119 z\u00a0pi\u0142karzem i\u00a0da\u0107 mu\u00a0szans\u0119. Ryzyko oceniono jako warte podj\u0119cia, bo\u00a0kwota wydana na\u00a0zawodnika nie\u00a0by\u0142aby ogromna. Portugalczyk jednak w\u00a0Bia\u0142ymstoku nie\u00a0zagra. Faktem jest, \u017ce\u00a0przeci\u0105gn\u0119\u0142y si\u0119 rozmowy mi\u0119dzy stronami i\u00a0ostatecznie negocjacje zerwano. Pow\u00f3d? S\u0142yszymy o\u00a0dw\u00f3ch teoriach:<\/p>\n<ul>\n<li>nie\u00a0dogadano si\u0119 co\u00a0do\u00a0warunk\u00f3w kontraktu i\u00a0transferu,<\/li>\n<li>kontuzja, kt\u00f3r\u0105 ostatnio leczy\u0142 Varela, nios\u0142a ze\u00a0sob\u0105 ryzyko, bo\u00a0mog\u0142a si\u0119 szybko odnowi\u0107.<\/li>\n<\/ul>\n<p>Druga sprawa faktycznie mog\u0142a by\u0107 istotna. Jagiellonia kupuj\u0105c Keyana Varel\u0119 inwestowa\u0142a nie\u00a0tylko\u00a0w\u00a0potencja\u0142, lecz\u00a0i\u00a0w\u00a0to, co\u00a0skrzyd\u0142owy mo\u017ce da\u0107 klubowi na\u00a0dzi\u015b, na\u00a0teraz. Klub potrzebuje zawodnika do\u00a0pierwszego sk\u0142adu, kt\u00f3ry\u00a0m\u00f3g\u0142by wskoczy\u0107 w\u00a0buty Oskara Pietuszewskiego.\u00a0Gdyby\u00a0pierwszym transferem by\u0142 ch\u0142opak, kt\u00f3ry\u00a0za\u00a0moment wypadnie z\u00a0gry na\u00a0kilka tygodni, w\u00a0dodatku z\u00a0problemami poza boiskiem\u2026<\/p>\n<p>C\u00f3\u017c, wiadomo, jaki by\u0142by odbi\u00f3r tego ruchu. Informacj\u0119 o\u00a0kontuzji zawodnika, kt\u00f3ra\u00a0przeszkodzi\u0142a w\u00a0testach medycznych potwierdzi\u0142 agent zawodnika \u2013 Christopher Mandiangu.<\/p>\n<p>Trzeba pami\u0119ta\u0107, \u017ce\u00a0na\u00a0li\u015bcie zg\u0142osze\u0144 do\u00a0europejskich puchar\u00f3w nie\u00a0zosta\u0142o wiele miejsc. Skrzyd\u0142owy, kt\u00f3rego\u00a0podpisze Jagiellonia, musi gwarantowa\u0107 jako\u015b\u0107 i\u00a0dost\u0119pno\u015b\u0107, bo\u00a0to\u00a0on\u00a0mia\u0142by zaj\u0105\u0107 wolny\u00a0slot\u00a0i\u00a0na\u00a0nim Adrian Siemieniec musia\u0142by polega\u0107.<\/p>\n<p>Niemniej jednak sytuacja zespo\u0142u z\u00a0Bia\u0142egostoku mocno si\u0119 komplikuje. W\u00a0zimowym oknie transferowym do\u00a0dru\u017cyny nie\u00a0do\u0142\u0105czy\u0142 \u017caden nowy zawodnik. \u0141ukasz Mas\u0142owski, dyrektor sportowy klubu, w\u00a0rozmowie z\u00a0Meczykami deklarowa\u0142, \u017ce\u00a0do\u00a0ko\u0144ca minionego tygodnia kadra ma\u00a0by\u0107 \u201ew 90% zamkni\u0119ta\u201d, zapowiadaj\u0105c, \u017ce\u00a0w\u00a0zimowym oknie Jagiellonia planuje cztery wzmocnienia.<\/p>\n<p>Czas mija, cz\u0119\u015b\u0107 obozu jest ju\u017c dla potencjalnych wzmocnie\u0144 stracona. Niecierpliw\u0105 si\u0119 kibice, niecierpliwi si\u0119 te\u017c pewnie trener, bo\u00a0jako\u015bci brakuje \u2013 zw\u0142aszcza na\u00a0skrzyd\u0142ach.<\/p>\n<p>WI\u0118CEJ O\u00a0JAGIELLONII BIA\u0141YSTOK NA\u00a0WESZ\u0141O:<\/p>\n<p>SZYMON JANCZYK<\/p>\n<p>fot.\u00a0Newspix<\/p>\n","protected":false},"excerpt":{"rendered":"Jagiellonia Bia\u0142ystok by\u0142a o\u00a0krok od\u00a0sfinalizowania transferu pi\u0142karza, kt\u00f3ry\u00a0mia\u0142 zast\u0105pi\u0107 Oskara Pietuszewskiego. Keyan Varela wzbudzi\u0142 spore kontrowersje po\u00a0tym, jak&hellip;\n","protected":false},"author":2,"featured_media":213245,"comment_status":"","ping_status":"","sticky":false,"template":"","format":"standard","meta":{"footnotes":""},"categories":[24],"tags":[2615,40093,42,38,40,39,41,40340,127,126],"class_list":{"0":"post-213244","1":"post","2":"type-post","3":"status-publish","4":"format-standard","5":"has-post-thumbnail","7":"category-sport","8":"tag-jagiellonia-bialystok","9":"tag-keyan-varela","10":"tag-pl","11":"tag-poland","12":"tag-polish","13":"tag-polska","14":"tag-polski","15":"tag-servette-fc","16":"tag-sport","17":"tag-sports"},"share_on_mastodon":{"url":"https:\/\/pubeurope.com\/@pl\/115922114085547226","error":""},"_links":{"self":[{"href":"https:\/\/www.europesays.com\/pl\/wp-json\/wp\/v2\/posts\/213244","targetHints":{"allow":["GET"]}}],"collection":[{"href":"https:\/\/www.europesays.com\/pl\/wp-json\/wp\/v2\/posts"}],"about":[{"href":"https:\/\/www.europesays.com\/pl\/wp-json\/wp\/v2\/types\/post"}],"author":[{"embeddable":true,"href":"https:\/\/www.europesays.com\/pl\/wp-json\/wp\/v2\/users\/2"}],"replies":[{"embeddable":true,"href":"https:\/\/www.europesays.com\/pl\/wp-json\/wp\/v2\/comments?post=213244"}],"version-history":[{"count":0,"href":"https:\/\/www.europesays.com\/pl\/wp-json\/wp\/v2\/posts\/213244\/revisions"}],"wp:featuredmedia":[{"embeddable":true,"href":"https:\/\/www.europesays.com\/pl\/wp-json\/wp\/v2\/media\/213245"}],"wp:attachment":[{"href":"https:\/\/www.europesays.com\/pl\/wp-json\/wp\/v2\/media?parent=213244"}],"wp:term":[{"taxonomy":"category","embeddable":true,"href":"https:\/\/www.europesays.com\/pl\/wp-json\/wp\/v2\/categories?post=213244"},{"taxonomy":"post_tag","embeddable":true,"href":"https:\/\/www.europesays.com\/pl\/wp-json\/wp\/v2\/tags?post=213244"}],"curies":[{"name":"wp","href":"https:\/\/api.w.org\/{rel}","templated":true}]}}