{"id":213354,"date":"2026-01-19T14:58:09","date_gmt":"2026-01-19T14:58:09","guid":{"rendered":"https:\/\/www.europesays.com\/pl\/213354\/"},"modified":"2026-01-19T14:58:09","modified_gmt":"2026-01-19T14:58:09","slug":"szymon-holownia-komentuje-chaos-w-polsce-2050-pisze-o-oddaniu-pelnej-odpowiedzialnosci-onet","status":"publish","type":"post","link":"https:\/\/www.europesays.com\/pl\/213354\/","title":{"rendered":"Szymon Ho\u0142ownia komentuje chaos w Polsce 2050. Pisze o &quot;oddaniu pe\u0142nej odpowiedzialno\u015bci&quot; &#8211; Onet"},"content":{"rendered":"<ol>\n<li><a href=\"https:\/\/news.google.com\/rss\/articles\/CBMi3AFBVV95cUxQaHRza3JkNHU2UUM0U3dmOEhOQ3dPNmZhSUVSalgxWXhXdGc4eHZkaHBoSWJFWTVFTjRya0NnR3ZFTWw2WUhnYnNsZkxpUldkc3hPRkhxQWJpWjJ4ZHJxeHA5LTdIaEo0WmJmWkd0bmxkNHZlMnRpUmJsbXJlUnpTQjI3a2tpV3Q3eTVOY0RSb2s3bWZyTWhDcEl1dU9Tblphd0c2Ymo1MUZGc1VHWHZtZUFYMEdkTTlEaFdiemVfLUhNa3hDelM1WDE2WW5kSFJrdWdJYmJESmJ6X251?oc=5\" target=\"_blank\" rel=\"nofollow noopener\">Szymon Ho\u0142ownia komentuje chaos w Polsce 2050. Pisze o &#8222;oddaniu pe\u0142nej odpowiedzialno\u015bci&#8221;<\/a>&nbsp;&nbsp;Onet<\/li>\n<li><a href=\"https:\/\/news.google.com\/rss\/articles\/CBMitAFBVV95cUxNRUNOSnJrTjEwcFZXSzNRRlVITXdRcjlNM3NCeGUwTl91cTVpSlBMV182Yk9IQUo0VVFENzZ2N0lrdlhYdUE2VGdJbEJ6ZE1QOWpOM3BGSXNyTmxBNlJyZndlZlJWSnlIbldJbWpOZGpRUmVDczJLeVZabG9PMThra1Y2OVlieWFaV3ZzOEhfNDNQSk9lSkE1dGFOc1NTSE53bnk4c0wtRzJ2a1FENmZ0YkRmU1M?oc=5\" target=\"_blank\" rel=\"nofollow noopener\">Polska 2050 przepa\u015bci\u0105. Paulina Hennig-Kloska odrzuci\u0142a ofert\u0119 rywalki<\/a>&nbsp;&nbsp;Newsweek<\/li>\n<li><a href=\"https:\/\/news.google.com\/rss\/articles\/CBMiswFBVV95cUxNalNYLXB3NjJjMms5UG5lalBGalFseEE5Sk43OU1remtXQWxuT05feFFJSUpqWUVwc3pGRmVtRWZiaGhjYm5QU1VHbEt4VXBHN2xzVmJKYzBFd0JIc2RDVGNOMkdoTHlZVEpsa09UUXRid2FPTllvd1EyRndUR0dwOTBIaEo0QWNQZ1pTM0VPcXhUaVhNZW9yTUJ2R2hhNGJCZzJCWVNocVpZcmFkSy1TZTgtUQ?oc=5\" target=\"_blank\" rel=\"nofollow noopener\">Zwrot za zwrotem i chaos w Polsce 2050. Kandydatka z zaskakuj\u0105c\u0105 propozycj\u0105<\/a>&nbsp;&nbsp;Wydarzenia w INTERIA.PL<\/li>\n<li><a href=\"https:\/\/news.google.com\/rss\/articles\/CBMipwFBVV95cUxNR1pyZWhrRXFFNnJtUk0yYkxWRXlnTVllY3oxMjlObmZzZHRRUjRiZ2xmNlYwblhveGFVRDZmakVsT3pDYzJOQ3UxcWVqZ1JBN3MxV0RFVXp1ZmZRNE81djFvZ1lMcjZPaGZ2ektjOFRXalhqcXVNdVhULVp0RGhzb29KTXRHV2NHS3ZHTjVsTV9kTy1sbmNhcDhuUkNjYWF2cXAzTEVvaw?oc=5\" target=\"_blank\" rel=\"nofollow noopener\">List i propozycja od jednej z kandydatek. Wiemy, jak zareagowa\u0142 Ho\u0142ownia<\/a>&nbsp;&nbsp;TVN24<\/li>\n<li><a href=\"https:\/\/news.google.com\/rss\/articles\/CBMivAFBVV95cUxQM2xfSnRwSHFOREI3TVRvV0FENHdSSnBkcUJFYURsT3dndGs2blI3VG5vaWJTSy1GWl9CMEVjekhkdUp5MDBpR0t5bDFSZ1BqeWZpdVI3Sjd4VS1oaEM0dWkzWldYRU5sY2w5NVZnSHdpSkw5bkpocHpBM3VCalJJVFlWU2NLV1FQc2tDeFdWSGNxNy1kNHQ5ai1tTzd0eDRIMkVLMi05OHQwcnFXNW1SaHF3Y1dFd1gtNkhTUA?oc=5\" target=\"_blank\" rel=\"nofollow noopener\">Kryzys w Polsce 2050. Irytacja na list Pe\u0142czy\u0144skiej-Na\u0142\u0119cz i Ho\u0142ownia w samolocie. 'Mo\u017ce nie zd\u0105\u017cy\u0107&#8217;<\/a>&nbsp;&nbsp;Gazeta<\/li>\n<\/ol>\n","protected":false},"excerpt":{"rendered":"Szymon Ho\u0142ownia komentuje chaos w Polsce 2050. Pisze o &#8222;oddaniu pe\u0142nej odpowiedzialno\u015bci&#8221;&nbsp;&nbsp;Onet Polska 2050 przepa\u015bci\u0105. Paulina Hennig-Kloska odrzuci\u0142a&hellip;\n","protected":false},"author":2,"featured_media":213355,"comment_status":"","ping_status":"","sticky":false,"template":"","format":"standard","meta":{"footnotes":""},"categories":[5],"tags":[32,33,36,37,27,67,1657,34,35,28,31,53,25,52,68,51,5494,55,42,38,40,4409,39,4736,41,47,201,29,30,65,50,26],"class_list":{"0":"post-213354","1":"post","2":"type-post","3":"status-publish","4":"format-standard","5":"has-post-thumbnail","7":"category-naglowki","8":"tag-breaking-news","9":"tag-breakingnews","10":"tag-featured-news","11":"tag-featurednews","12":"tag-headlines","13":"tag-intextvideo_splayer","14":"tag-katarzyna_pelczynska_nalecz","15":"tag-latest-news","16":"tag-latestnews","17":"tag-naglowki","18":"tag-najwazniejsze-artykuly","19":"tag-new_header","20":"tag-news","21":"tag-onet3","22":"tag-onet3d","23":"tag-onet3d_2i","24":"tag-paulina_hennig_kloska","25":"tag-phx","26":"tag-pl","27":"tag-poland","28":"tag-polish","29":"tag-polityka_polityk_polityczka_politycy","30":"tag-polska","31":"tag-polska_2050_ruch_polityczny","32":"tag-polski","33":"tag-screening_general","34":"tag-szymon_holownia_polityk_dziennikarz","35":"tag-top-stories","36":"tag-topstories","37":"tag-update_me","38":"tag-v2021","39":"tag-wiadomosci"},"share_on_mastodon":{"url":"","error":"Validation failed: Text character limit of 500 exceeded"},"_links":{"self":[{"href":"https:\/\/www.europesays.com\/pl\/wp-json\/wp\/v2\/posts\/213354","targetHints":{"allow":["GET"]}}],"collection":[{"href":"https:\/\/www.europesays.com\/pl\/wp-json\/wp\/v2\/posts"}],"about":[{"href":"https:\/\/www.europesays.com\/pl\/wp-json\/wp\/v2\/types\/post"}],"author":[{"embeddable":true,"href":"https:\/\/www.europesays.com\/pl\/wp-json\/wp\/v2\/users\/2"}],"replies":[{"embeddable":true,"href":"https:\/\/www.europesays.com\/pl\/wp-json\/wp\/v2\/comments?post=213354"}],"version-history":[{"count":0,"href":"https:\/\/www.europesays.com\/pl\/wp-json\/wp\/v2\/posts\/213354\/revisions"}],"wp:featuredmedia":[{"embeddable":true,"href":"https:\/\/www.europesays.com\/pl\/wp-json\/wp\/v2\/media\/213355"}],"wp:attachment":[{"href":"https:\/\/www.europesays.com\/pl\/wp-json\/wp\/v2\/media?parent=213354"}],"wp:term":[{"taxonomy":"category","embeddable":true,"href":"https:\/\/www.europesays.com\/pl\/wp-json\/wp\/v2\/categories?post=213354"},{"taxonomy":"post_tag","embeddable":true,"href":"https:\/\/www.europesays.com\/pl\/wp-json\/wp\/v2\/tags?post=213354"}],"curies":[{"name":"wp","href":"https:\/\/api.w.org\/{rel}","templated":true}]}}