{"id":213393,"date":"2026-01-19T15:19:08","date_gmt":"2026-01-19T15:19:08","guid":{"rendered":"https:\/\/www.europesays.com\/pl\/213393\/"},"modified":"2026-01-19T15:19:08","modified_gmt":"2026-01-19T15:19:08","slug":"sedzia-zapytala-sebastiana-majtczaka-czemu-nie-wzial-pan-problemu-na-klate","status":"publish","type":"post","link":"https:\/\/www.europesays.com\/pl\/213393\/","title":{"rendered":"S\u0119dzia zapyta\u0142a Sebastiana Majtczaka: czemu nie wzi\u0105\u0142 pan problemu na klat\u0119?"},"content":{"rendered":"<ul class=\"UnorderedList_container__nmfSl\">\n<li class=\"UnorderedList_listElement__Py7xi\" data-id=\"ai-summary-link\">Du\u017co czytania, a ma\u0142o czasu? Sprawd\u017a\u00a0skr\u00f3t\u00a0artyku\u0142u<\/li>\n<\/ul>\n<p class=\"Paragraph_desktopParagraph__U31Gm\">Pot\u0119\u017cnymi emocjami zako\u0144czy\u0142a si\u0119 poniedzia\u0142kowa rozprawa w procesie Sebastiana Majtczaka, oskar\u017conego przed S\u0105dem Rejonowym w Piotrkowie Trybunalskim o spowodowanie wypadku na autostradzie A1, w kt\u00f3rym we wrze\u015bniu 2023 r. zgin\u0119\u0142o ma\u0142\u017ce\u0144stwo z woj. \u015bl\u0105skiego z 5-letnim synem. Tu\u017c przed jej ko\u0144cem Majtczak mocnym g\u0142osem odczyta\u0142 dwa pisma procesowe. W drugim z nich zarzuci\u0142 polskiej prokuraturze powtarzanie nieprawdy w\u0142adzom Zjednoczonych Emirat\u00f3w Arabskich (ZEA) podczas \u2014 zako\u0144czonej w zesz\u0142ym roku \u2014 procedury ekstradycyjnej.<\/p>\n<p class=\"Paragraph_desktopParagraph__U31Gm\">Oskar\u017cony m.in. stwierdzi\u0142, \u017ce wcale nie uciek\u0142 z miejsca wypadku \u2014 a takim argumentem pos\u0142ugiwa\u0142a si\u0119 prokuratura, staraj\u0105c si\u0119 o powr\u00f3t Majtczaka z kraju szejk\u00f3w. Prokuratura, wed\u0142ug oskar\u017conego, mia\u0142a tak\u017ce manipulowa\u0107 rodzajem stawianych zarzut\u00f3w wobec w\u0142adz ZEA.<\/p>\n<p class=\"Paragraph_desktopParagraph__U31Gm\">\u2014 By\u0142em pierwsz\u0105 osob\u0105, kt\u00f3ra poinformowa\u0142a s\u0142u\u017cby porz\u0105dkowe \u2014 m\u00f3wi\u0142 na s\u0105dowej sali Majtczak. \u2014 Polska sfa\u0142szowa\u0142a dokumenty \u2014 dodawa\u0142.<\/p>\n<p>Majtczak: mia\u0142em w Emiratach zaplanowany wyjazd biznesowy <\/p>\n<p class=\"Paragraph_desktopParagraph__U31Gm\">Wtedy s\u0119dzia zapyta\u0142a oskar\u017conego wprost: &#8222;dlaczego pan wyjecha\u0142 po wypadku?&#8221;.<\/p>\n<p class=\"Paragraph_desktopParagraph__U31Gm\">\u2014 Prowadz\u0119 firm\u0119 na ca\u0142ym \u015bwiecie, mia\u0142em w Emiratach zaplanowany wyjazd biznesowy \u2014 odpowiedzia\u0142 na sali Majtczak.<\/p>\n<p class=\"VideoPlayerText_videoPlayerText__iDwyz\">Dalszy ci\u0105g materia\u0142u pod wideo<\/p>\n<p class=\"Paragraph_desktopParagraph__U31Gm\">S\u0119dzia nie dawa\u0142a za wygran\u0105.<\/p>\n<ul class=\"OchatFollowUps_wrapper__1ry7X\">\n<li class=\"OchatFollowUps_item__Dhyly OchatFollowUps_itemDesktop__R6aBv\">Jakie oskar\u017cenia postawi\u0142 Sebastian Majtczak polskiej prokuraturze?<\/li>\n<li class=\"OchatFollowUps_item__Dhyly OchatFollowUps_itemDesktop__R6aBv\">Czemu s\u0119dzia zapyta\u0142a Majtczaka o wyjazd po wypadku?<\/li>\n<li class=\"OchatFollowUps_item__Dhyly OchatFollowUps_itemDesktop__R6aBv\">Jak Majtczak t\u0142umaczy\u0142 swoje dzia\u0142ania po wypadku?<\/li>\n<li class=\"OchatFollowUps_item__Dhyly OchatFollowUps_itemDesktop__R6aBv\">Co powiedzia\u0142 pe\u0142nomocnik rodziny ofiar na s\u0142owa Majtczaka?<\/li>\n<\/ul>\n<p class=\"Paragraph_desktopParagraph__U31Gm\">\u2014 Czemu nie wzi\u0105\u0142 pan problemu &#8222;na klat\u0119&#8221;? \u2014 dopytywa\u0142a Renata Folkman, kt\u00f3ra ma rozstrzygn\u0105\u0107 o winie Majtczaka. \u2014 Gin\u0105 ludzie, przecie\u017c jest jaka\u015b gradacja.<\/p>\n<p class=\"Paragraph_desktopParagraph__U31Gm\">Majtczak odrzek\u0142, \u017ce nie czu\u0142 si\u0119 winny \u015bmierci tr\u00f3jki ofiar wypadku. Wspomnia\u0142 o swoim pierwszym zatrzymaniu w Dubaju <a href=\"https:\/\/wiadomosci.onet.pl\/kraj\/sebastian-m-zatrzymany-w-zjednoczonych-emiratach-arabskich\/9bxblls\" id=\"50e37987-0b67-4fbc-8428-c920667bffdc\" rel=\"nofollow noopener\" target=\"_blank\">(z pa\u017adziernika 2023 r.)<\/a>, po kt\u00f3rym stara\u0142 si\u0119 o pozwolenie szejk\u00f3w na wyjazd z ZEA do Niemiec, gdzie si\u0119 urodzi\u0142 (opr\u00f3cz polskiego dysponuje tak\u017ce niemieckim obywatelstwem).<\/p>\n<p class=\"Paragraph_desktopParagraph__U31Gm\">\u2014 W Polsce by\u0142a ogromna nagonka medialna. Mojej \u017conie gro\u017cono zab\u00f3jstwem. Moja firma by\u0142a ofiar\u0105 fa\u0142szywych alarm\u00f3w bombowych i po\u017carowych. Pod domem koczowali reporterzy przez 24 godziny siedem dni w tygodniu \u2014 argumentowa\u0142 Majtczak.<\/p>\n<p>Mocny komentarz pe\u0142nomocnika rodziny ofiar na s\u0142owa Majtczaka <\/p>\n<p class=\"Paragraph_desktopParagraph__U31Gm\">\u2014 By\u0107 mo\u017ce rodzina ofiar \u017ca\u0142uje teraz swojej wcze\u015bniejszej zgody na <a href=\"https:\/\/wiadomosci.onet.pl\/lodz\/karnista-ocenia-impas-w-mediacjach-sebastiana-majtczaka-mowi-o-sprawdzaniu-intencji\/xpstv3f\" id=\"191186f6-5fbf-4726-bc8b-4a4a194cb0d5\" rel=\"nofollow noopener\" target=\"_blank\">mediacje <\/a>z oskar\u017conym, cho\u0107 te i tak sko\u0144czy\u0142y si\u0119 niepowodzeniem \u2014 skomentowa\u0142 s\u0142owa Majtczaka na sali s\u0105dowej adw. \u0141ukasz Kowalski, pe\u0142nomocnik bliskich ofiar z A1.<\/p>\n<p class=\"Paragraph_desktopParagraph__U31Gm\">Oskar\u017cony, wed\u0142ug adw. Kowalskiego, na pocz\u0105tku procesu stara\u0142 si\u0119 prezentowa\u0107 jako osoba cho\u0107 troch\u0119 sk\u0142onna do refleksji nad tragedi\u0105 z A1, ale teraz najwyra\u017aniej uzna\u0142, \u017ce &#8222;najlepsz\u0105 obron\u0105 jest atak&#8221;.<\/p>\n<p class=\"Paragraph_desktopParagraph__U31Gm\">Obecny na sali przedstawiciel polskich \u015bledczych (z Prokuratury Okr\u0119gowej w Katowicach) poniedzia\u0142kowym zarzutom Majtczaka \u2014 dotycz\u0105cym prowadzenia ekstradycji \u2014 zaprzecza.<\/p>\n","protected":false},"excerpt":{"rendered":"Du\u017co czytania, a ma\u0142o czasu? Sprawd\u017a\u00a0skr\u00f3t\u00a0artyku\u0142u Pot\u0119\u017cnymi emocjami zako\u0144czy\u0142a si\u0119 poniedzia\u0142kowa rozprawa w procesie Sebastiana Majtczaka, oskar\u017conego przed&hellip;\n","protected":false},"author":2,"featured_media":213394,"comment_status":"","ping_status":"","sticky":false,"template":"","format":"standard","meta":{"footnotes":""},"categories":[5],"tags":[30344,1235,32,33,36,37,27,67,34,35,28,31,53,25,52,68,51,55,42,38,40,39,41,47,16195,29,30,50,26],"class_list":{"0":"post-213393","1":"post","2":"type-post","3":"status-publish","4":"format-standard","5":"has-post-thumbnail","7":"category-naglowki","8":"tag-a1","9":"tag-bmw_marka","10":"tag-breaking-news","11":"tag-breakingnews","12":"tag-featured-news","13":"tag-featurednews","14":"tag-headlines","15":"tag-intextvideo_splayer","16":"tag-latest-news","17":"tag-latestnews","18":"tag-naglowki","19":"tag-najwazniejsze-artykuly","20":"tag-new_header","21":"tag-news","22":"tag-onet3","23":"tag-onet3d","24":"tag-onet3d_2i","25":"tag-phx","26":"tag-pl","27":"tag-poland","28":"tag-polish","29":"tag-polska","30":"tag-polski","31":"tag-screening_general","32":"tag-sebastian_m","33":"tag-top-stories","34":"tag-topstories","35":"tag-v2021","36":"tag-wiadomosci"},"share_on_mastodon":{"url":"https:\/\/pubeurope.com\/@pl\/115922440371950361","error":""},"_links":{"self":[{"href":"https:\/\/www.europesays.com\/pl\/wp-json\/wp\/v2\/posts\/213393","targetHints":{"allow":["GET"]}}],"collection":[{"href":"https:\/\/www.europesays.com\/pl\/wp-json\/wp\/v2\/posts"}],"about":[{"href":"https:\/\/www.europesays.com\/pl\/wp-json\/wp\/v2\/types\/post"}],"author":[{"embeddable":true,"href":"https:\/\/www.europesays.com\/pl\/wp-json\/wp\/v2\/users\/2"}],"replies":[{"embeddable":true,"href":"https:\/\/www.europesays.com\/pl\/wp-json\/wp\/v2\/comments?post=213393"}],"version-history":[{"count":0,"href":"https:\/\/www.europesays.com\/pl\/wp-json\/wp\/v2\/posts\/213393\/revisions"}],"wp:featuredmedia":[{"embeddable":true,"href":"https:\/\/www.europesays.com\/pl\/wp-json\/wp\/v2\/media\/213394"}],"wp:attachment":[{"href":"https:\/\/www.europesays.com\/pl\/wp-json\/wp\/v2\/media?parent=213393"}],"wp:term":[{"taxonomy":"category","embeddable":true,"href":"https:\/\/www.europesays.com\/pl\/wp-json\/wp\/v2\/categories?post=213393"},{"taxonomy":"post_tag","embeddable":true,"href":"https:\/\/www.europesays.com\/pl\/wp-json\/wp\/v2\/tags?post=213393"}],"curies":[{"name":"wp","href":"https:\/\/api.w.org\/{rel}","templated":true}]}}