{"id":213812,"date":"2026-01-19T19:45:08","date_gmt":"2026-01-19T19:45:08","guid":{"rendered":"https:\/\/www.europesays.com\/pl\/213812\/"},"modified":"2026-01-19T19:45:08","modified_gmt":"2026-01-19T19:45:08","slug":"szokujace-slowa-na-sali-sadowej-majtczak-oskarzyl-panstwo-polskie-sfalszowano-dokumenty","status":"publish","type":"post","link":"https:\/\/www.europesays.com\/pl\/213812\/","title":{"rendered":"Szokuj\u0105ce s\u0142owa na sali s\u0105dowej. Majtczak oskar\u017cy\u0142 pa\u0144stwo polskie. &#8222;Sfa\u0142szowano dokumenty&#8221;"},"content":{"rendered":"<ul class=\"list-summary__items summary\">\n<li>Jakie zarzuty Majtczaka dotyczy\u0142y polskiej prokuratury?<\/li>\n<li>Dlaczego Majtczak wyjecha\u0142 do Zjednoczonych Emirat\u00f3w Arabskich po wypadku?<\/li>\n<li>Co m\u00f3wi\u0142 Majtczak o swojej sytuacji po wypadku?<\/li>\n<li>Jak prokuratura odnios\u0142a si\u0119 do zarzut\u00f3w Majtczaka?<\/li>\n<\/ul>\n<p>    <a name=\"eztoc36660376_0_9\" id=\"eztoc36660376_0_9\"\/>Proces Sebastiana Majtczaka w Piotrkowie Trybunalskim. Ostre s\u0142owa na sali<\/p>\n<p>Przed S\u0105dem Rejonowy w Piotrkowie Trybunalskim toczy si\u0119 proces Sebastiana Majtczaka, oskar\u017conego o spowodowanie wypadku na autostradzie A1 we wrze\u015bniu 2023 r., w kt\u00f3rym zgin\u0119\u0142o ma\u0142\u017ce\u0144stwo z woj. \u015bl\u0105skiego wraz z 5 letnim synem. Poniedzia\u0142kowa rozprawa zako\u0144czy\u0142a si\u0119 wyj\u0105tkowo emocjonalnie.<\/p>\n<p>Tu\u017c przed jej zamkni\u0119ciem oskar\u017cony odczyta\u0142 dwa pisma procesowe. W drugim z nich zarzuci\u0142 polskiej prokuraturze fa\u0142szowanie dokument\u00f3w przedstawianych w\u0142adzom Zjednoczonych Emirat\u00f3w Arabskich\u00a0w trakcie procedury ekstradycyjnej.<\/p>\n<p>\t\t\t\t                                    \t<a name=\"eztoc36660376_0_10\" id=\"eztoc36660376_0_10\"\/>&#8222;Polska sfa\u0142szowa\u0142a dokumenty\u201d. Majtczak oskar\u017ca prokuratur\u0119<\/p>\n<p>Majtczak twierdzi\u0142, \u017ce nie uciek\u0142 z miejsca wypadku, a w\u0142a\u015bnie taki argument mia\u0142 by\u0107 u\u017cywany przez \u015bledczych w staraniach o jego powr\u00f3t do Polski. Oskar\u017cony m\u00f3wi\u0142 tak\u017ce o manipulowaniu rodzajem zarzut\u00f3w kierowanych do w\u0142adz ZEA.<\/p>\n<p>&#8211;\u00a0By\u0142em pierwsz\u0105 osob\u0105, kt\u00f3ra poinformowa\u0142a s\u0142u\u017cby porz\u0105dkowe &#8211; m\u00f3wi\u0142 na sali rozpraw. &#8211;\u00a0Polska sfa\u0142szowa\u0142a dokumenty &#8211; doda\u0142.\u00a0Zarzuty te dotycz\u0105 zako\u0144czonej w ubieg\u0142ym roku procedury ekstradycyjnej.<\/p>\n<p><a name=\"eztoc36660376_0_11\" id=\"eztoc36660376_0_11\"\/>Pytania s\u0105du o wyjazd Majtczaka po wypadku<\/p>\n<p>Na s\u0142owa oskar\u017conego reagowa\u0142a s\u0119dzia Renata Folkman, prowadz\u0105ca spraw\u0119. &#8211;\u00a0Dlaczego pan wyjecha\u0142 po wypadku? &#8211; zapyta\u0142a.\u00a0Majtczak odpowiedzia\u0142, \u017ce jego wyjazd do ZEA mia\u0142 charakter zawodowy. &#8211;\u00a0Prowadz\u0119 firm\u0119 na ca\u0142ym \u015bwiecie, mia\u0142em w Emiratach zaplanowany wyjazd biznesowy &#8211; m\u00f3wi\u0142.<\/p>\n<p>S\u0119dzia dopytywa\u0142a dalej: &#8211; czemu nie wzi\u0105\u0142 pan problemu na klat\u0119? Gin\u0105 ludzie, przecie\u017c jest jaka\u015b gradacja.\u00a0Oskar\u017cony odpar\u0142, \u017ce nie czu\u0142 si\u0119 winny \u015bmierci tr\u00f3jki ofiar.<\/p>\n<p><a name=\"eztoc36660376_0_12\" id=\"eztoc36660376_0_12\"\/>&#8222;Nagonka medialna i gro\u017aby\u201d. T\u0142umaczenia Majtczaka<\/p>\n<p>Majtczak wspomina\u0142 tak\u017ce swoje pierwsze zatrzymanie w Dubaju w pa\u017adzierniku 2023 r. oraz starania o mo\u017cliwo\u015b\u0107 wyjazdu z ZEA do Niemiec, gdzie si\u0119 urodzi\u0142 i posiada obywatelstwo. &#8211;\u00a0W Polsce by\u0142a ogromna nagonka medialna. Mojej \u017conie gro\u017cono zab\u00f3jstwem. Moja firma by\u0142a ofiar\u0105 fa\u0142szywych alarm\u00f3w bombowych i po\u017carowych. Pod domem koczowali reporterzy przez 24 godziny siedem dni w tygodniu &#8211; argumentowa\u0142.<\/p>\n<p>Do s\u0142\u00f3w oskar\u017conego odni\u00f3s\u0142 si\u0119 pe\u0142nomocnik bliskich ofiar, adwokat \u0141ukasz Kowalski. &#8211;\u00a0By\u0107 mo\u017ce rodzina ofiar \u017ca\u0142uje teraz swojej wcze\u015bniejszej zgody na mediacje z oskar\u017conym, cho\u0107 te i tak sko\u0144czy\u0142y si\u0119 niepowodzeniem &#8211; skomentowa\u0142.<\/p>\n<p>Obecny na sali przedstawiciel Prokuratury Okr\u0119gowej w Katowicach stanowczo zaprzeczy\u0142 zarzutom Majtczaka dotycz\u0105cym prowadzenia procedury ekstradycyjnej.<\/p>\n<p>\u0179r\u00f3d\u0142o: Radio ZET\/Onet\u00a0<\/p>\n<p>By\u0142e\u015b \u015bwiadkiem czego\u015b niespodziewanego? Masz temat, kt\u00f3rym powinni\u015bmy si\u0119 zaj\u0105\u0107?<\/p>\n<p>Zg\u0142o\u015b spraw\u0119 przez <a href=\"https:\/\/wiadomosci.radiozet.pl\/czerwony-telefon\" target=\"_blank\" title=\"Czerwony telefon Radia Zet\" rel=\"nofollow noopener\">Czerwony telefon Radia ZET<\/a><\/p>\n","protected":false},"excerpt":{"rendered":"Jakie zarzuty Majtczaka dotyczy\u0142y polskiej prokuratury? Dlaczego Majtczak wyjecha\u0142 do Zjednoczonych Emirat\u00f3w Arabskich po wypadku? Co m\u00f3wi\u0142 Majtczak&hellip;\n","protected":false},"author":2,"featured_media":213813,"comment_status":"","ping_status":"","sticky":false,"template":"","format":"standard","meta":{"footnotes":"","_share_on_mastodon":"0"},"categories":[5],"tags":[30345,32,33,1624,36,37,27,34,35,28,31,25,42,38,40,39,41,4032,1627,22689,511,29,30,26,2588,604,19975],"class_list":["post-213812","post","type-post","status-publish","format-standard","has-post-thumbnail","category-naglowki","tag-autostrada-a1","tag-breaking-news","tag-breakingnews","tag-ekstradycja","tag-featured-news","tag-featurednews","tag-headlines","tag-latest-news","tag-latestnews","tag-naglowki","tag-najwazniejsze-artykuly","tag-news","tag-pl","tag-poland","tag-polish","tag-polska","tag-polski","tag-proces","tag-prokuratura","tag-sady","tag-smierc","tag-top-stories","tag-topstories","tag-wiadomosci","tag-wypadek","tag-zarzuty","tag-zea"],"share_on_mastodon":{"url":"https:\/\/pubeurope.com\/@pl\/115923486181314306","error":""},"_links":{"self":[{"href":"https:\/\/www.europesays.com\/pl\/wp-json\/wp\/v2\/posts\/213812","targetHints":{"allow":["GET"]}}],"collection":[{"href":"https:\/\/www.europesays.com\/pl\/wp-json\/wp\/v2\/posts"}],"about":[{"href":"https:\/\/www.europesays.com\/pl\/wp-json\/wp\/v2\/types\/post"}],"author":[{"embeddable":true,"href":"https:\/\/www.europesays.com\/pl\/wp-json\/wp\/v2\/users\/2"}],"replies":[{"embeddable":true,"href":"https:\/\/www.europesays.com\/pl\/wp-json\/wp\/v2\/comments?post=213812"}],"version-history":[{"count":0,"href":"https:\/\/www.europesays.com\/pl\/wp-json\/wp\/v2\/posts\/213812\/revisions"}],"wp:featuredmedia":[{"embeddable":true,"href":"https:\/\/www.europesays.com\/pl\/wp-json\/wp\/v2\/media\/213813"}],"wp:attachment":[{"href":"https:\/\/www.europesays.com\/pl\/wp-json\/wp\/v2\/media?parent=213812"}],"wp:term":[{"taxonomy":"category","embeddable":true,"href":"https:\/\/www.europesays.com\/pl\/wp-json\/wp\/v2\/categories?post=213812"},{"taxonomy":"post_tag","embeddable":true,"href":"https:\/\/www.europesays.com\/pl\/wp-json\/wp\/v2\/tags?post=213812"}],"curies":[{"name":"wp","href":"https:\/\/api.w.org\/{rel}","templated":true}]}}