{"id":213980,"date":"2026-01-19T21:31:11","date_gmt":"2026-01-19T21:31:11","guid":{"rendered":"https:\/\/www.europesays.com\/pl\/213980\/"},"modified":"2026-01-19T21:31:11","modified_gmt":"2026-01-19T21:31:11","slug":"hubert-hurkacz-startuje-w-australian-open-czy-zaspokoi-rozbudzone-apetyty","status":"publish","type":"post","link":"https:\/\/www.europesays.com\/pl\/213980\/","title":{"rendered":"Hubert Hurkacz startuje w Australian Open. Czy zaspokoi rozbudzone apetyty?"},"content":{"rendered":"\n<p class=\"contentpart contentpart--default contentpart--text\" data-position=\"0\"><a href=\"https:\/\/sportowefakty.wp.pl\/tenis\/hubert-hurkacz\" rel=\"nofollow noopener\" target=\"_blank\">Hubert Hurkacz<\/a>\u00a0powraca do <a href=\"https:\/\/sportowefakty.wp.pl\/tenis\/wielki-szlem\" rel=\"nofollow noopener\" target=\"_blank\">wielkiego szlema<\/a>\u00a0po wyleczeniu powa\u017cnej kontuzji. Tenisista z <a href=\"https:\/\/sportowefakty.wp.pl\/polska\" rel=\"nofollow noopener\" target=\"_blank\">Polski<\/a>\u00a0ma za sob\u0105 przetarcie w <a href=\"https:\/\/sportowefakty.wp.pl\/tenis\/united-cup\" rel=\"nofollow noopener\" target=\"_blank\">United Cup<\/a>\u00a0i cho\u0107 by\u0142a to tylko rywalizacja dru\u017cynowa, to rozbudzi\u0142a ona nadzieje kibic\u00f3w na mocny start Huberta Hurkacza w <a href=\"https:\/\/sportowefakty.wp.pl\/tenis\/australian-open\" rel=\"nofollow noopener\" target=\"_blank\">Australian Open<\/a>. Losowanie skojarzy\u0142o, tym razem nierozstawionego, by\u0142ego zwyci\u0119zc\u0119 turniej\u00f3w <a href=\"https:\/\/sportowefakty.wp.pl\/tenis\/atp\" rel=\"nofollow noopener\" target=\"_blank\">ATP<\/a>, z <a href=\"https:\/\/sportowefakty.wp.pl\/tenis\/zizou-bergs\" rel=\"nofollow noopener\" target=\"_blank\">Zizou Bergsem<\/a>.<\/p>\n<p class=\"contentpart contentpart--default contentpart--text\" data-position=\"1\">Spotkanie Huberta Hurkacza z <a href=\"https:\/\/sportowefakty.wp.pl\/belgia\" rel=\"nofollow noopener\" target=\"_blank\">Belgiem<\/a>\u00a0zostanie rozegrane jako trzecie od godziny 1:00 w ANZ Arenie. Poprzedz\u0105 je mecze kobiet <a href=\"https:\/\/sportowefakty.wp.pl\/tenis\/leylah-annie-fernandez\" rel=\"nofollow noopener\" target=\"_blank\">Leylah Fernandez<\/a>\u00a0kontra <a href=\"https:\/\/sportowefakty.wp.pl\/tenis\/janice-tjen\" rel=\"nofollow noopener\" target=\"_blank\">Janice Tjen<\/a>\u00a0oraz m\u0119\u017cczyzn <a href=\"https:\/\/sportowefakty.wp.pl\/tenis\/christopher-oconnell\" rel=\"nofollow noopener\" target=\"_blank\">Christopher O&#8217;Connell<\/a>\u00a0kontra <a href=\"https:\/\/sportowefakty.wp.pl\/tenis\/nishesh-basavareddy\" rel=\"nofollow noopener\" target=\"_blank\">Nishesh Basavareddy<\/a>.<\/p>\n<p>  <img decoding=\"async\" src=\"https:\/\/v.wpimg.pl\/X3dwLnN2d1IFFTpdYUl6R0ZNbgcnEHQREVV2TGEGbUtRT2MdOlZ2RBQUKABgQjQcDRotCStBd1IAAWMeIlM7VgwYIAorQAdEFFk_GCkQJQ\" alt=\"\" width=\"45\" height=\"58\" loading=\"lazy\"\/>  <\/p>\n<p class=\"contentpart contentpart--default contentpart--text\" data-position=\"2\">W planie dnia na wtorkowy poranek s\u0105 tak\u017ce mecze gry podw\u00f3jnej z udzia\u0142em Polak\u00f3w. Prawdopodobnie wcze\u015bniej rozpocznie si\u0119 rywalizacja z udzia\u0142em <a href=\"https:\/\/sportowefakty.wp.pl\/tenis\/magdalena-linette\" rel=\"nofollow noopener\" target=\"_blank\">Magdy Linette<\/a>. Jej partnerk\u0105 b\u0119dzie <a href=\"https:\/\/sportowefakty.wp.pl\/tenis\/shuko-aoyama\" rel=\"nofollow noopener\" target=\"_blank\">Shuko Aoyama<\/a>, a rywalkami <a href=\"https:\/\/sportowefakty.wp.pl\/tenis\/alexandra-eala\" rel=\"nofollow noopener\" target=\"_blank\">Alexandra Eala<\/a>\u00a0i <a href=\"https:\/\/sportowefakty.wp.pl\/tenis\/ingrid-gamarra-martins\" rel=\"nofollow noopener\" target=\"_blank\">Ingrid Martins<\/a>. Magda Linette ma za sob\u0105 prze\u0142amanie d\u0142ugiej niemocy w singlu w turniejach wielkoszlemowych, a teraz ma przed sob\u0105 start w deblu. B\u0119dzie on nie przed godzin\u0105 6:30 na korcie 12.<\/p>\n<p class=\"contentpart contentpart--default contentpart--text\" data-position=\"3\">ZOBACZ WIDEO: #dziejesiewsporcie: Gol z po\u0142owy boiska. Mo\u017cna ogl\u0105da\u0107 i ogl\u0105da\u0107<\/p>\n<p class=\"contentpart contentpart--default contentpart--text\" data-position=\"5\"><a href=\"https:\/\/sportowefakty.wp.pl\/tenis\/jan-zielinski\" rel=\"nofollow noopener\" target=\"_blank\">Jana Zieli\u0144skiego<\/a>\u00a0trzeba wypatrywa\u0107 na korcie numer 6. Polak rozpoczyna wsp\u00f3lne granie z <a href=\"https:\/\/sportowefakty.wp.pl\/tenis\/luke-johnson\" rel=\"nofollow noopener\" target=\"_blank\">Lukem Johnsonem<\/a>, nowym partnerem deblowym. Zieli\u0144ski i\u00a0<a href=\"https:\/\/sportowefakty.wp.pl\/wielka-brytania\" rel=\"nofollow noopener\" target=\"_blank\">Brytyjczyk<\/a>\u00a0zagraj\u0105 w trzecim meczu od godziny 2:30 z <a href=\"https:\/\/sportowefakty.wp.pl\/australia\" rel=\"nofollow noopener\" target=\"_blank\">australijskim<\/a>\u00a0duetem <a href=\"https:\/\/sportowefakty.wp.pl\/tenis\/rinky-hijikata\" rel=\"nofollow noopener\" target=\"_blank\">Rinky Hijikata<\/a>\u00a0oraz <a href=\"https:\/\/sportowefakty.wp.pl\/tenis\/tristan-schoolkate\" rel=\"nofollow noopener\" target=\"_blank\">Tristan Schoolkate<\/a>.<\/p>\n<p class=\"contentpart contentpart--default contentpart--text\" data-position=\"6\">Plan na wtorek (20 stycznia) w <a href=\"https:\/\/sportowefakty.wp.pl\/tenis\/australian-open\" rel=\"nofollow noopener\" target=\"_blank\">Australian Open<\/a>:<\/p>\n<p class=\"contentpart contentpart--default contentpart--text\" data-position=\"7\">Rod Laver Arena:<br \/>od godz. 1:30<br \/><a href=\"https:\/\/sportowefakty.wp.pl\/tenis\/oleksandra-olijnikowa\" rel=\"nofollow noopener\" target=\"_blank\">Oleksandra Olijnikowa<\/a>\u00a0(Ukraina) &#8211; <a href=\"https:\/\/sportowefakty.wp.pl\/tenis\/madison-keys\" rel=\"nofollow noopener\" target=\"_blank\">Madison Keys<\/a>\u00a0(USA, 9)<br \/>nie przed godz. 3:30<br \/><a href=\"https:\/\/sportowefakty.wp.pl\/tenis\/ben-shelton\" rel=\"nofollow noopener\" target=\"_blank\">Ben Shelton<\/a>\u00a0(USA, 8) &#8211; <a href=\"https:\/\/sportowefakty.wp.pl\/tenis\/ugo-humbert\" rel=\"nofollow noopener\" target=\"_blank\">Ugo Humbert<\/a>\u00a0(Francja)<br \/>od godz. 9:00<br \/><a href=\"https:\/\/sportowefakty.wp.pl\/tenis\/hugo-gaston\" rel=\"nofollow noopener\" target=\"_blank\">Hugo Gaston<\/a>\u00a0(Francja) &#8211; <a href=\"https:\/\/sportowefakty.wp.pl\/tenis\/jannik-sinner\" rel=\"nofollow noopener\" target=\"_blank\">Jannik Sinner<\/a>\u00a0(W\u0142ochy, 2)<br \/><a href=\"https:\/\/sportowefakty.wp.pl\/tenis\/naomi-osaka\" rel=\"nofollow noopener\" target=\"_blank\">Naomi Osaka<\/a>\u00a0(Japonia, 16) &#8211; <a href=\"https:\/\/sportowefakty.wp.pl\/tenis\/antonia-ruzic\" rel=\"nofollow noopener\" target=\"_blank\">Antonia Ruzi\u0107<\/a>\u00a0(Chorwacja)<\/p>\n<p>  <img decoding=\"async\" src=\"https:\/\/v.wpimg.pl\/X3dwLnN2d1IFFTpdYUl6R0ZNbgcnEHQREVV2TGEGbUtRT2MdOlZ2RBQUKABgQjQcDRotCStBd1IAAWMeIlM7VgwYIAorQAdEFFk_GCkQJQ\" alt=\"\" width=\"45\" height=\"58\" loading=\"lazy\"\/>  <\/p>\n<p class=\"contentpart contentpart--default contentpart--text\" data-position=\"8\">Margaret Court Arena:<br \/>od godz. 1:30<br \/><a href=\"https:\/\/sportowefakty.wp.pl\/tenis\/lorenzo-musetti\" rel=\"nofollow noopener\" target=\"_blank\">Lorenzo Musetti<\/a>\u00a0(W\u0142ochy, 5) &#8211; <a href=\"https:\/\/sportowefakty.wp.pl\/tenis\/raphael-collignon\" rel=\"nofollow noopener\" target=\"_blank\">Raphael Collignon<\/a>\u00a0(Belgia)<br \/><a href=\"https:\/\/sportowefakty.wp.pl\/tenis\/jelena-rybakina\" rel=\"nofollow noopener\" target=\"_blank\">Jelena Rybakina<\/a>\u00a0(Kazachstan, 5) &#8211; <a href=\"https:\/\/sportowefakty.wp.pl\/tenis\/kaja-juvan\" rel=\"nofollow noopener\" target=\"_blank\">Kaja Juvan<\/a>\u00a0(S\u0142owenia)<br \/>od godz. 9:00<br \/><a href=\"https:\/\/sportowefakty.wp.pl\/tenis\/katie-boulter\" rel=\"nofollow noopener\" target=\"_blank\">Katie Boulter<\/a>\u00a0(Wielka Brytania) &#8211; <a href=\"https:\/\/sportowefakty.wp.pl\/tenis\/belinda-bencic\" rel=\"nofollow noopener\" target=\"_blank\">Belinda Benci\u0107<\/a>\u00a0(Szwajcaria, 10)<br \/><a href=\"https:\/\/sportowefakty.wp.pl\/tenis\/shintaro-mochizuki\" rel=\"nofollow noopener\" target=\"_blank\">Shintaro Mochizuki<\/a>\u00a0(Japonia) &#8211; <a href=\"https:\/\/sportowefakty.wp.pl\/tenis\/stefanos-tsitsipas\" rel=\"nofollow noopener\" target=\"_blank\">Stefanos Tsitsipas<\/a>\u00a0(Grecja, 31)<\/p>\n<p class=\"contentpart contentpart--default contentpart--text\" data-position=\"9\">Josh Cain Arena:<br \/>od godz. 1:00<br \/><a href=\"https:\/\/sportowefakty.wp.pl\/tenis\/tereza-valentova\" rel=\"nofollow noopener\" target=\"_blank\">Tereza Valentova<\/a>\u00a0(Czechy) &#8211; <a href=\"https:\/\/sportowefakty.wp.pl\/tenis\/maya-joint\" rel=\"nofollow noopener\" target=\"_blank\">Maya Joint<\/a>\u00a0(Australia, 30)<br \/><a href=\"https:\/\/sportowefakty.wp.pl\/tenis\/karen-chaczanow\" rel=\"nofollow noopener\" target=\"_blank\">Karen Chaczanow<\/a>\u00a0(15) &#8211; <a href=\"https:\/\/sportowefakty.wp.pl\/tenis\/alex-michelsen\" rel=\"nofollow noopener\" target=\"_blank\">Alex Michelsen<\/a>\u00a0(USA)<br \/>od godz. 7:00<br \/><a href=\"https:\/\/sportowefakty.wp.pl\/tenis\/valentin-royer\" rel=\"nofollow noopener\" target=\"_blank\">Valentin Royer<\/a>\u00a0(Francja) &#8211; <a href=\"https:\/\/sportowefakty.wp.pl\/tenis\/taylor-fritz\" rel=\"nofollow noopener\" target=\"_blank\">Taylor Fritz<\/a>\u00a0(USA, 9)<br \/><a href=\"https:\/\/sportowefakty.wp.pl\/tenis\/maddison-inglis\" rel=\"nofollow noopener\" target=\"_blank\">Maddison Inglis<\/a>\u00a0(Australia, Q) &#8211; <a href=\"https:\/\/sportowefakty.wp.pl\/tenis\/kimberly-birrell\" rel=\"nofollow noopener\" target=\"_blank\">Kimberly Birrell<\/a>\u00a0(Australia)<\/p>\n<p class=\"contentpart contentpart--default contentpart--text\" data-position=\"10\">Kia Arena:<br \/>od godz. 1:00<br \/><a href=\"https:\/\/sportowefakty.wp.pl\/tenis\/shuai-zhang\" rel=\"nofollow noopener\" target=\"_blank\">Shuai Zhang<\/a>\u00a0(Chiny) &#8211; <a href=\"https:\/\/sportowefakty.wp.pl\/tenis\/taylah-preston\" rel=\"nofollow noopener\" target=\"_blank\">Taylah Preston<\/a>\u00a0(Australia, WC)<br \/><a href=\"https:\/\/sportowefakty.wp.pl\/tenis\/karolna-plkov\" rel=\"nofollow noopener\" target=\"_blank\">Karolina Pliskova<\/a>\u00a0(Czechy) &#8211; <a href=\"https:\/\/sportowefakty.wp.pl\/tenis\/sloane-stephens\" rel=\"nofollow noopener\" target=\"_blank\">Sloane Stephens<\/a>\u00a0(USA, Q)<br \/><a href=\"https:\/\/sportowefakty.wp.pl\/tenis\/dane-sweeny\" rel=\"nofollow noopener\" target=\"_blank\">Dane Sweeny<\/a>\u00a0(Australia, Q) &#8211; <a href=\"https:\/\/sportowefakty.wp.pl\/tenis\/gael-monfils\" rel=\"nofollow noopener\" target=\"_blank\">Gael Monfils<\/a>\u00a0(Francja)<br \/><a href=\"https:\/\/sportowefakty.wp.pl\/tenis\/grigor-dimitrow\" rel=\"nofollow noopener\" target=\"_blank\">Grigor Dimitrow<\/a>\u00a0(Bu\u0142garia) &#8211; <a href=\"https:\/\/sportowefakty.wp.pl\/tenis\/tomas-machac\" rel=\"nofollow noopener\" target=\"_blank\">Tomas Machac<\/a>\u00a0(Czechy)<\/p>\n<p class=\"contentpart contentpart--default contentpart--text\" data-position=\"11\">1573 Arena:<br \/>od godz. 1:00<br \/><a href=\"https:\/\/sportowefakty.wp.pl\/tenis\/christian-garin\" rel=\"nofollow noopener\" target=\"_blank\">Cristian Garin<\/a>\u00a0(Chile) &#8211; <a href=\"https:\/\/sportowefakty.wp.pl\/tenis\/luciano-darderi\" rel=\"nofollow noopener\" target=\"_blank\">Luciano Darderi<\/a>\u00a0(W\u0142ochy, 22)<br \/><a href=\"https:\/\/sportowefakty.wp.pl\/tenis\/joao-fonseca\" rel=\"nofollow noopener\" target=\"_blank\">Joao Fonseca<\/a>\u00a0(Brazylia, 28) &#8211; <a href=\"https:\/\/sportowefakty.wp.pl\/tenis\/eliot-spizzirri\" rel=\"nofollow noopener\" target=\"_blank\">Eliot Spizzirri<\/a>\u00a0(USA)<br \/><a href=\"https:\/\/sportowefakty.wp.pl\/tenis\/rebecca-sramkova\" rel=\"nofollow noopener\" target=\"_blank\">Rebecca Sramkova<\/a>\u00a0(S\u0142owacja) &#8211; <a href=\"https:\/\/sportowefakty.wp.pl\/tenis\/jelena-ostapenko\" rel=\"nofollow noopener\" target=\"_blank\">Jelena Ostapenko<\/a>\u00a0(\u0141otwa, 22)<br \/><a href=\"https:\/\/sportowefakty.wp.pl\/tenis\/laura-siegemund\" rel=\"nofollow noopener\" target=\"_blank\">Laura Siegemund<\/a>\u00a0(Niemcy) &#8211; <a href=\"https:\/\/sportowefakty.wp.pl\/tenis\/ludmila-samsonowa\" rel=\"nofollow noopener\" target=\"_blank\">Ludmi\u0142a Samsonowa<\/a>\u00a0(17)<\/p>\n<p>  <img decoding=\"async\" src=\"https:\/\/v.wpimg.pl\/X3dwLnN2d1IFFTpdYUl6R0ZNbgcnEHQREVV2TGEGbUtRT2MdOlZ2RBQUKABgQjQcDRotCStBd1IAAWMeIlM7VgwYIAorQAdEFFk_GCkQJQ\" alt=\"\" width=\"45\" height=\"58\" loading=\"lazy\"\/>  <\/p>\n<p class=\"contentpart contentpart--default contentpart--text\" data-position=\"12\">ANZ Arena:<br \/>od godz. 1:00<br \/><a href=\"https:\/\/sportowefakty.wp.pl\/tenis\/leylah-annie-fernandez\" rel=\"nofollow noopener\" target=\"_blank\">Leylah Fernandez<\/a>\u00a0(Kanada, 22) &#8211; <a href=\"https:\/\/sportowefakty.wp.pl\/tenis\/janice-tjen\" rel=\"nofollow noopener\" target=\"_blank\">Janice Tjen<\/a>\u00a0(Indonezja)<br \/><a href=\"https:\/\/sportowefakty.wp.pl\/tenis\/christopher-oconnell\" rel=\"nofollow noopener\" target=\"_blank\">Christopher O&#8217;Connell<\/a>\u00a0(Australia, WC) &#8211; <a href=\"https:\/\/sportowefakty.wp.pl\/tenis\/nishesh-basavareddy\" rel=\"nofollow noopener\" target=\"_blank\">Nishesh Basavareddy<\/a>\u00a0(USA, Q)<br \/><a href=\"https:\/\/sportowefakty.wp.pl\/tenis\/hubert-hurkacz\" rel=\"nofollow noopener\" target=\"_blank\">Hubert Hurkacz<\/a>\u00a0(Polska) &#8211; <a href=\"https:\/\/sportowefakty.wp.pl\/tenis\/zizou-bergs\" rel=\"nofollow noopener\" target=\"_blank\">Zizou Bergs<\/a>\u00a0(Belgia)<br \/><a href=\"https:\/\/sportowefakty.wp.pl\/tenis\/daria-kasatkina\" rel=\"nofollow noopener\" target=\"_blank\">Daria Kasatkina<\/a>\u00a0(Australia) &#8211; <a href=\"https:\/\/sportowefakty.wp.pl\/tenis\/nikola-bartunkova\" rel=\"nofollow noopener\" target=\"_blank\">Nikola Bartunkova<\/a>\u00a0(Czechy, Q)<\/p>\n<p class=\"contentpart contentpart--default contentpart--text\" data-position=\"13\">Kort 6:<br \/>trzeci mecz od godz. 2:30<br \/><a href=\"https:\/\/sportowefakty.wp.pl\/tenis\/rinky-hijikata\" rel=\"nofollow noopener\" target=\"_blank\">Rinky Hijikata<\/a>\u00a0(Australia) \/ <a href=\"https:\/\/sportowefakty.wp.pl\/tenis\/tristan-schoolkate\" rel=\"nofollow noopener\" target=\"_blank\">Tristan Schoolkate<\/a>\u00a0(Australia) &#8211; <a href=\"https:\/\/sportowefakty.wp.pl\/tenis\/luke-johnson\" rel=\"nofollow noopener\" target=\"_blank\">Luke Johnson<\/a>\u00a0(Wielka Brytania) \/ <a href=\"https:\/\/sportowefakty.wp.pl\/tenis\/jan-zielinski\" rel=\"nofollow noopener\" target=\"_blank\">Jan Zieli\u0144ski<\/a>\u00a0(Polska)<\/p>\n<p class=\"contentpart contentpart--default contentpart--text\" data-position=\"14\">Kort 12:<br \/>nie przed godz. 6:30<br \/><a href=\"https:\/\/sportowefakty.wp.pl\/tenis\/alexandra-eala\" rel=\"nofollow noopener\" target=\"_blank\">Alexandra Eala<\/a>\u00a0(Filipiny) \/ <a href=\"https:\/\/sportowefakty.wp.pl\/tenis\/ingrid-gamarra-martins\" rel=\"nofollow noopener\" target=\"_blank\">Ingrid Martins<\/a>\u00a0(Brazylia) &#8211; <a href=\"https:\/\/sportowefakty.wp.pl\/tenis\/shuko-aoyama\" rel=\"nofollow noopener\" target=\"_blank\">Shuko Aoyama<\/a>\u00a0(Japonia) \/ <a href=\"https:\/\/sportowefakty.wp.pl\/tenis\/magdalena-linette\" rel=\"nofollow noopener\" target=\"_blank\">Magda Linette<\/a>\u00a0(Polska)<\/p>\n","protected":false},"excerpt":{"rendered":"Hubert Hurkacz\u00a0powraca do wielkiego szlema\u00a0po wyleczeniu powa\u017cnej kontuzji. Tenisista z Polski\u00a0ma za sob\u0105 przetarcie w United Cup\u00a0i cho\u0107&hellip;\n","protected":false},"author":2,"featured_media":213981,"comment_status":"","ping_status":"","sticky":false,"template":"","format":"standard","meta":{"footnotes":"","_share_on_mastodon":"0"},"categories":[24],"tags":[40409,2080,995,31706,38796,40410,6164,40407,21925,33619,3873,31705,42,38,40,39,41,755,40408,40406,127,126,156,40113,37628,157,37071],"class_list":["post-213980","post","type-post","status-publish","format-standard","has-post-thumbnail","category-sport","tag-alexandra-eala","tag-atp","tag-australia","tag-australian-open","tag-australian-open-kobiety","tag-australian-open-mezczyzni","tag-hubert-hurkacz","tag-ingrid-martins","tag-jan-zielinski","tag-luke-johnson","tag-magda-linette","tag-melbourne","tag-pl","tag-poland","tag-polish","tag-polska","tag-polski","tag-polski-tenis","tag-rinky-hijikata","tag-shuko-aoyama","tag-sport","tag-sports","tag-tenis","tag-tristan-schoolkate","tag-wielki-szlem","tag-wta","tag-zizou-bergs"],"share_on_mastodon":{"url":"https:\/\/pubeurope.com\/@pl\/115923903014778090","error":""},"_links":{"self":[{"href":"https:\/\/www.europesays.com\/pl\/wp-json\/wp\/v2\/posts\/213980","targetHints":{"allow":["GET"]}}],"collection":[{"href":"https:\/\/www.europesays.com\/pl\/wp-json\/wp\/v2\/posts"}],"about":[{"href":"https:\/\/www.europesays.com\/pl\/wp-json\/wp\/v2\/types\/post"}],"author":[{"embeddable":true,"href":"https:\/\/www.europesays.com\/pl\/wp-json\/wp\/v2\/users\/2"}],"replies":[{"embeddable":true,"href":"https:\/\/www.europesays.com\/pl\/wp-json\/wp\/v2\/comments?post=213980"}],"version-history":[{"count":0,"href":"https:\/\/www.europesays.com\/pl\/wp-json\/wp\/v2\/posts\/213980\/revisions"}],"wp:featuredmedia":[{"embeddable":true,"href":"https:\/\/www.europesays.com\/pl\/wp-json\/wp\/v2\/media\/213981"}],"wp:attachment":[{"href":"https:\/\/www.europesays.com\/pl\/wp-json\/wp\/v2\/media?parent=213980"}],"wp:term":[{"taxonomy":"category","embeddable":true,"href":"https:\/\/www.europesays.com\/pl\/wp-json\/wp\/v2\/categories?post=213980"},{"taxonomy":"post_tag","embeddable":true,"href":"https:\/\/www.europesays.com\/pl\/wp-json\/wp\/v2\/tags?post=213980"}],"curies":[{"name":"wp","href":"https:\/\/api.w.org\/{rel}","templated":true}]}}