{"id":213999,"date":"2026-01-19T21:43:06","date_gmt":"2026-01-19T21:43:06","guid":{"rendered":"https:\/\/www.europesays.com\/pl\/213999\/"},"modified":"2026-01-19T21:43:06","modified_gmt":"2026-01-19T21:43:06","slug":"napad-na-bank-w-andrychowie-trwa-oblawa-na-sprawce","status":"publish","type":"post","link":"https:\/\/www.europesays.com\/pl\/213999\/","title":{"rendered":"Napad na bank w Andrychowie. Trwa ob\u0142awa na sprawc\u0119"},"content":{"rendered":"<p class=\"Paragraph_desktopParagraph__U31Gm\">W Andrychowie dosz\u0142o do gro\u017anego zdarzenia w jednej z plac\u00f3wek bankowych. W poniedzia\u0142ek kr\u00f3tko przed godz. 17:00, do banku wszed\u0142 m\u0119\u017cczyzna, kt\u00f3ry \u2014 trzymaj\u0105c w r\u0119ku przedmiot przypominaj\u0105cy bro\u0144 \u2014 za\u017c\u0105da\u0142 wydania pieni\u0119dzy. Sytuacja wywo\u0142a\u0142a du\u017ce poruszenie, jednak dzi\u0119ki szybkiej reakcji pracownic banku nikomu nic si\u0119 nie sta\u0142o.<\/p>\n<p class=\"Paragraph_desktopParagraph__U31Gm\">Dwie kobiety pracuj\u0105ce w plac\u00f3wce natychmiast uda\u0142y si\u0119 na zaplecze, gdzie schroni\u0142y si\u0119 przed napastnikiem i powiadomi\u0142y policj\u0119. W tym czasie m\u0119\u017cczyzna opu\u015bci\u0142 bank i oddali\u0142 si\u0119 w nieznanym kierunku. Na miejsce skierowano patrole, kt\u00f3re rozpocz\u0119\u0142y poszukiwania sprawcy.<\/p>\n<ul class=\"OchatFollowUps_wrapper__1ry7X\">\n<li class=\"OchatFollowUps_item__Dhyly OchatFollowUps_itemDesktop__R6aBv\">Kiedy dosz\u0142o do napadu na bank?<\/li>\n<li class=\"OchatFollowUps_item__Dhyly OchatFollowUps_itemDesktop__R6aBv\">Jakie by\u0142y skutki zdarzenia?<\/li>\n<li class=\"OchatFollowUps_item__Dhyly OchatFollowUps_itemDesktop__R6aBv\">Jaki by\u0142 rysopis m\u0119\u017cczyzny?<\/li>\n<li class=\"OchatFollowUps_item__Dhyly OchatFollowUps_itemDesktop__R6aBv\">Co zrobi\u0142y pracownice banku w czasie napadu?<\/li>\n<\/ul>\n<p class=\"Paragraph_desktopParagraph__U31Gm\">\u2014 Przed godz. 17:00 w Andrychowie do jednej z plac\u00f3wek bankowych wszed\u0142 m\u0119\u017cczyzna, kt\u00f3ry trzymaj\u0105c w r\u0119ku przedmiot przypominaj\u0105cy bro\u0144, za\u017c\u0105da\u0142 wydania pieni\u0119dzy \u2014 poinformowa\u0142a oficer prasowa. Dwie pracownice banku uciek\u0142y na zaplecze, sk\u0105d niezw\u0142ocznie powiadomi\u0142y policj\u0119. W tym czasie sprawca oddali\u0142 si\u0119 z miejsca zdarzenia \u2014 powiedzia\u0142a w rozmowie z redakcj\u0105 Krakowa dla Was Oficer Prasowy Komendanta Powiatowego Policji w Wadowicach asp. sztab. Agnieszka Petek. \u2014 Mamy do czynienia z usi\u0142owaniem rozboju. Nikomu nic si\u0119 nie sta\u0142o, \u017cadna kwota nie zosta\u0142a skradziona. Obecnie trwaj\u0105 intensywne czynno\u015bci zmierzaj\u0105ce do ustalenia i zatrzymania tego m\u0119\u017cczyzny \u2014 doda\u0142a oficer prasowa.<\/p>\n<p class=\"Paragraph_desktopParagraph__U31Gm\">Funkcjonariuszka podkre\u015bla, \u017ce sytuacja by\u0142a powa\u017cna, jednak zako\u0144czy\u0142a si\u0119 bez fizycznych konsekwencji dla os\u00f3b znajduj\u0105cych si\u0119 w plac\u00f3wce.<\/p>\n<p class=\"Paragraph_desktopParagraph__U31Gm\">Policja poda\u0142a r\u00f3wnie\u017c rysopis m\u0119\u017cczyzny. Sprawca ma oko\u0142o 165 cm wzrostu i szczup\u0142\u0105 budow\u0119 cia\u0142a. W chwili zdarzenia by\u0142 ubrany w ciemnozielon\u0105 kurtk\u0119 puchow\u0105, granatowe spodnie oraz jasnoszare buty z bia\u0142\u0105 podeszw\u0105. Przedmiot, kt\u00f3rym si\u0119 pos\u0142ugiwa\u0142, przypomina\u0142 bro\u0144 paln\u0105, jednak na tym etapie nie wiadomo, czy by\u0142 to autentyczny egzemplarz.<\/p>\n<p class=\"Paragraph_desktopParagraph__U31Gm\">Obecnie trwaj\u0105 intensywne czynno\u015bci zmierzaj\u0105ce do ustalenia to\u017csamo\u015bci i zatrzymania m\u0119\u017cczyzny. Policja apeluje do os\u00f3b, kt\u00f3re mog\u0142y by\u0107 \u015bwiadkami zdarzenia lub widzia\u0142y osob\u0119 odpowiadaj\u0105c\u0105 rysopisowi, o kontakt z funkcjonariuszami.<\/p>\n","protected":false},"excerpt":{"rendered":"W Andrychowie dosz\u0142o do gro\u017anego zdarzenia w jednej z plac\u00f3wek bankowych. W poniedzia\u0142ek kr\u00f3tko przed godz. 17:00, do&hellip;\n","protected":false},"author":2,"featured_media":214000,"comment_status":"","ping_status":"","sticky":false,"template":"","format":"standard","meta":{"footnotes":""},"categories":[12],"tags":[32,33,36,37,27,561,368,34,35,28,31,53,25,52,68,51,55,42,38,40,39,41,47,29,30,50,26],"class_list":{"0":"post-213999","1":"post","2":"type-post","3":"status-publish","4":"format-standard","5":"has-post-thumbnail","7":"category-polska","8":"tag-breaking-news","9":"tag-breakingnews","10":"tag-featured-news","11":"tag-featurednews","12":"tag-headlines","13":"tag-kch","14":"tag-krakowdlawas","15":"tag-latest-news","16":"tag-latestnews","17":"tag-naglowki","18":"tag-najwazniejsze-artykuly","19":"tag-new_header","20":"tag-news","21":"tag-onet3","22":"tag-onet3d","23":"tag-onet3d_2i","24":"tag-phx","25":"tag-pl","26":"tag-poland","27":"tag-polish","28":"tag-polska","29":"tag-polski","30":"tag-screening_general","31":"tag-top-stories","32":"tag-topstories","33":"tag-v2021","34":"tag-wiadomosci"},"share_on_mastodon":{"url":"https:\/\/pubeurope.com\/@pl\/115923950169308892","error":""},"_links":{"self":[{"href":"https:\/\/www.europesays.com\/pl\/wp-json\/wp\/v2\/posts\/213999","targetHints":{"allow":["GET"]}}],"collection":[{"href":"https:\/\/www.europesays.com\/pl\/wp-json\/wp\/v2\/posts"}],"about":[{"href":"https:\/\/www.europesays.com\/pl\/wp-json\/wp\/v2\/types\/post"}],"author":[{"embeddable":true,"href":"https:\/\/www.europesays.com\/pl\/wp-json\/wp\/v2\/users\/2"}],"replies":[{"embeddable":true,"href":"https:\/\/www.europesays.com\/pl\/wp-json\/wp\/v2\/comments?post=213999"}],"version-history":[{"count":0,"href":"https:\/\/www.europesays.com\/pl\/wp-json\/wp\/v2\/posts\/213999\/revisions"}],"wp:featuredmedia":[{"embeddable":true,"href":"https:\/\/www.europesays.com\/pl\/wp-json\/wp\/v2\/media\/214000"}],"wp:attachment":[{"href":"https:\/\/www.europesays.com\/pl\/wp-json\/wp\/v2\/media?parent=213999"}],"wp:term":[{"taxonomy":"category","embeddable":true,"href":"https:\/\/www.europesays.com\/pl\/wp-json\/wp\/v2\/categories?post=213999"},{"taxonomy":"post_tag","embeddable":true,"href":"https:\/\/www.europesays.com\/pl\/wp-json\/wp\/v2\/tags?post=213999"}],"curies":[{"name":"wp","href":"https:\/\/api.w.org\/{rel}","templated":true}]}}