{"id":214054,"date":"2026-01-19T22:13:08","date_gmt":"2026-01-19T22:13:08","guid":{"rendered":"https:\/\/www.europesays.com\/pl\/214054\/"},"modified":"2026-01-19T22:13:08","modified_gmt":"2026-01-19T22:13:08","slug":"fifa-oglosila-pierwszy-ranking-w-2026-r-oto-miejsce-polski","status":"publish","type":"post","link":"https:\/\/www.europesays.com\/pl\/214054\/","title":{"rendered":"FIFA og\u0142osi\u0142a pierwszy ranking w 2026 r. Oto miejsce Polski"},"content":{"rendered":"\n<p class=\"contentpart contentpart--default contentpart--text\" data-position=\"0\">Pierwsza tegoroczna aktualizacja <a href=\"https:\/\/sportowefakty.wp.pl\/pilka-nozna\/ranking-fifa\" rel=\"nofollow noopener\" target=\"_blank\">rankingu FIFA<\/a>\u00a0przynios\u0142a kilka roszad. Jedn\u0105 z nich jest spadek <a href=\"https:\/\/sportowefakty.wp.pl\/pilka-nozna\/polska\" rel=\"nofollow noopener\" target=\"_blank\">reprezentacji Polski<\/a>\u00a0o trzy lokaty, na 34. miejsce. Bia\u0142o-Czerwoni ostatnie spotkanie rozegrali 17 listopada ubieg\u0142ego roku, kiedy na koniec rywalizacji w eliminacjach do mistrzostw \u015bwiata 2026 pokonali na wyje\u017adzie 3:2 Malt\u0119.<\/p>\n<p class=\"contentpart contentpart--default contentpart--text\" data-position=\"1\">Nasz\u0105 dru\u017cyn\u0119 narodow\u0105 wyprzedzi\u0142y trzy dru\u017cyny, kt\u00f3re odnosi\u0142y sukcesy w <a href=\"https:\/\/sportowefakty.wp.pl\/pilka-nozna\/puchar-narodow-afryki-2025\" rel=\"nofollow noopener\" target=\"_blank\">Pucharze Narod\u00f3w Afryki<\/a>.\u00a0Nigeria, kt\u00f3ra wywalczy\u0142a br\u0105zowy medal, zanotowa\u0142a najwi\u0119kszy skok.\u00a0Awansowa\u0142a bowiem o dwana\u015bcie miejsc i obecnie plasuje si\u0119 na 26. pozycji.<\/p>\n<p>  <img decoding=\"async\" src=\"https:\/\/v.wpimg.pl\/X3dwLnN2d1IFFTpdYUl6R0ZNbgcnEHQREVV2TGEGbUtRT2MdOlZ2RBQUKABgQjQcDRotCStBd1IAAWMeIlM7VgwYIAorQAdEFFk_GCkQJQ\" alt=\"\" width=\"45\" height=\"58\" loading=\"lazy\"\/>  <\/p>\n<p class=\"contentpart contentpart--default contentpart--text\" data-position=\"2\">ZOBACZ WIDEO: Ewa Pajor wyr\u00f3\u017cniona. Nie mia\u0142a sobie r\u00f3wnych!<\/p>\n<p class=\"contentpart contentpart--default contentpart--text\" data-position=\"4\">Reprezentacj\u0119 Polski przegoni\u0142y r\u00f3wnie\u017c Algieria i Egipt. Pierwsza z dru\u017cyn podskoczy\u0142a o sze\u015b\u0107 lokat (na 28. miejsce), a druga, kt\u00f3ra przegra\u0142a mecz o br\u0105z z Nigeri\u0105, awansowa\u0142a o cztery pozycje (na 31. miejsce). Dzi\u0119ki temu spadek zanotowa\u0142y r\u00f3wnie\u017c Norwegia i Panama.<\/p>\n<p class=\"contentpart contentpart--default contentpart--text\" data-position=\"5\">Do zmian dosz\u0142o r\u00f3wnie\u017c w czo\u0142\u00f3wce rankingu\u00a0<a href=\"https:\/\/sportowefakty.wp.pl\/pilka-nozna\/fifa\" rel=\"nofollow noopener\" target=\"_blank\">FIFA<\/a>.\u00a0Maroko, mimo pora\u017cki w pe\u0142nym emocji finale, po raz pierwszy od 1998 roku znalaz\u0142o si\u0119 w pierwszej dziesi\u0105tce zestawienia i jest teraz \u00f3smym zespo\u0142em \u015bwiata (awans o trzy lokaty).\u00a0Senegal, zwyci\u0119zca PNA, poprawi\u0142 z kolei swoj\u0105 pozycj\u0119 a\u017c o siedem miejsc, l\u0105duj\u0105c na 12. pozycji.<\/p>\n<p class=\"contentpart contentpart--default contentpart--text\" data-position=\"6\">Podium rankingu pozosta\u0142o bez zmian. Na czele w dalszym ci\u0105gu znajduje si\u0119 Hiszpania, a nast\u0119pne lokaty zajmuj\u0105 Argentyna i Francja.<\/p>\n<p>  <img decoding=\"async\" src=\"https:\/\/v.wpimg.pl\/X3dwLnN2d1IFFTpdYUl6R0ZNbgcnEHQREVV2TGEGbUtRT2MdOlZ2RBQUKABgQjQcDRotCStBd1IAAWMeIlM7VgwYIAorQAdEFFk_GCkQJQ\" alt=\"\" width=\"45\" height=\"58\" loading=\"lazy\"\/>  <\/p>\n<p class=\"contentpart contentpart--default contentpart--text\" data-position=\"7\">Ranking FIFA (stan na 19.01.2026):<\/p>\n<p class=\"contentpart contentpart--default contentpart--text\" data-position=\"8\">1. Hiszpania\u00a0<br \/>2. Argentyna<br \/>3. Francja<br \/>4. Anglia<br \/>5. Brazylia<br \/>6. Portugalia<br \/>7. Holandia<br \/>8. Maroko (+3)<br \/>9. Belgia (-1)<br \/>10. Niemcy (-1)<br \/>&#8230;<br \/>34. POLSKA (-3)<\/p>\n","protected":false},"excerpt":{"rendered":"Pierwsza tegoroczna aktualizacja rankingu FIFA\u00a0przynios\u0142a kilka roszad. Jedn\u0105 z nich jest spadek reprezentacji Polski\u00a0o trzy lokaty, na 34.&hellip;\n","protected":false},"author":2,"featured_media":214055,"comment_status":"","ping_status":"","sticky":false,"template":"","format":"standard","meta":{"footnotes":""},"categories":[24],"tags":[1285,541,269,42,38,40,39,41,39518,1284,537,539,127,126],"class_list":{"0":"post-214054","1":"post","2":"type-post","3":"status-publish","4":"format-standard","5":"has-post-thumbnail","7":"category-sport","8":"tag-fifa","9":"tag-kadra-polski","10":"tag-pilka-nozna","11":"tag-pl","12":"tag-poland","13":"tag-polish","14":"tag-polska","15":"tag-polski","16":"tag-puchar-narodow-afryki-2025","17":"tag-ranking-fifa","18":"tag-reprezentacja-polski","19":"tag-reprezentacje","20":"tag-sport","21":"tag-sports"},"share_on_mastodon":{"url":"https:\/\/pubeurope.com\/@pl\/115924068194931780","error":""},"_links":{"self":[{"href":"https:\/\/www.europesays.com\/pl\/wp-json\/wp\/v2\/posts\/214054","targetHints":{"allow":["GET"]}}],"collection":[{"href":"https:\/\/www.europesays.com\/pl\/wp-json\/wp\/v2\/posts"}],"about":[{"href":"https:\/\/www.europesays.com\/pl\/wp-json\/wp\/v2\/types\/post"}],"author":[{"embeddable":true,"href":"https:\/\/www.europesays.com\/pl\/wp-json\/wp\/v2\/users\/2"}],"replies":[{"embeddable":true,"href":"https:\/\/www.europesays.com\/pl\/wp-json\/wp\/v2\/comments?post=214054"}],"version-history":[{"count":0,"href":"https:\/\/www.europesays.com\/pl\/wp-json\/wp\/v2\/posts\/214054\/revisions"}],"wp:featuredmedia":[{"embeddable":true,"href":"https:\/\/www.europesays.com\/pl\/wp-json\/wp\/v2\/media\/214055"}],"wp:attachment":[{"href":"https:\/\/www.europesays.com\/pl\/wp-json\/wp\/v2\/media?parent=214054"}],"wp:term":[{"taxonomy":"category","embeddable":true,"href":"https:\/\/www.europesays.com\/pl\/wp-json\/wp\/v2\/categories?post=214054"},{"taxonomy":"post_tag","embeddable":true,"href":"https:\/\/www.europesays.com\/pl\/wp-json\/wp\/v2\/tags?post=214054"}],"curies":[{"name":"wp","href":"https:\/\/api.w.org\/{rel}","templated":true}]}}