{"id":214143,"date":"2026-01-19T23:07:12","date_gmt":"2026-01-19T23:07:12","guid":{"rendered":"https:\/\/www.europesays.com\/pl\/214143\/"},"modified":"2026-01-19T23:07:12","modified_gmt":"2026-01-19T23:07:12","slug":"chinskie-msz-krytykuje-polska-armie-chodzi-o-elektryczne-samochody","status":"publish","type":"post","link":"https:\/\/www.europesays.com\/pl\/214143\/","title":{"rendered":"Chi\u0144skie MSZ krytykuje polsk\u0105 armi\u0119. Chodzi o elektryczne samochody"},"content":{"rendered":"\n<p>&#13;<br \/>\nPlany polskiej armii dotycz\u0105ce zakazu wjazdu dla\u00a0chi\u0144skich samochod\u00f3w elektrycznych na\u00a0teren jednostek wojskowych spotka\u0142y si\u0119 z\u00a0ostr\u0105 reakcj\u0105 Pekinu. &#13;\n<\/p>\n<p>&#13;<br \/>\nMinisterstwa Obrony Narodowej przekaza\u0142o niedawno, \u017ce\u00a0pracuje nad ograniczeniem wjazdu pojazd\u00f3w produkcji chi\u0144skiej na\u00a0teren chronionych jednostek. Powa\u017cnie rozwa\u017cany jest zakaz wjazdu i\u00a0parkowania takimi samochodami r\u00f3wnie\u017c w\u00a0bezpo\u015brednim s\u0105siedztwie obiekt\u00f3w wojskowych. &#13;\n<\/p>\n<p>&#13;<br \/>\nRzecznik chi\u0144skiego MSZ Guo Jiakun w\u00a0odpowiedzi na\u00a0pytanie dziennikarza PAP krytycznie odni\u00f3s\u0142 si\u0119 do\u00a0plan\u00f3w MON. &#13;\n<\/p>\n<p>&#13;<br \/>\n\u2013 Odnotowali\u015bmy raport, o\u00a0kt\u00f3rym wspomniano. Chiny zawsze uwa\u017caj\u0105, \u017ce\u00a0nale\u017cy po\u0142o\u017cy\u0107 kres nadu\u017cywaniu poj\u0119cia bezpiecze\u0144stwa narodowego \u2013 powiedzia\u0142 Jiakun w\u00a0trakcie konferencji prasowej. &#13;\n<\/p>\n<p>&#13;<br \/>\nNowoczesne pojazdy s\u0105 wyposa\u017cone w\u00a0szereg elektronicznych urz\u0105dze\u0144. Polska armia obawia si\u0119, \u017ce\u00a0mog\u0105 one zosta\u0107 wykorzystane do\u00a0szpiegowania obiekt\u00f3w wojskowych. Same Chiny od\u00a02021\u00a0r. ograniczaj\u0105 pojazdom marki Tesla mo\u017cliwo\u015b\u0107 przebywania w\u00a0pobli\u017cu obiekt\u00f3w wojskowych. &#13;\n<\/p>\n<p>Koniec tanich zakup\u00f3w z\u00a0Chin?<\/p>\n<p>&#13;<br \/>\nTo nie\u00a0jedyne napi\u0119cia na\u00a0linii Polska-Chiny. Rz\u0105d pracuje nad now\u0105 wersj\u0105 podatku cyfrowego, kt\u00f3ry najbardziej uderzy w\u00a0chi\u0144skich gigant\u00f3w e-commerce, a\u00a0nie ameryka\u0144skie big techy. &#13;\n<\/p>\n<p>&#13;<br \/>\nProjekt przygotowany przez Ministerstwo Cyfryzacji uzyska\u0142 ju\u017c aprobat\u0119 resortu finans\u00f3w i\u00a0gospodarki. Teraz trafi do\u00a0wykazu prac rz\u0105du. &#8222;Retoryka uleg\u0142a zmianie. Cho\u0107 wcze\u015bniej Krzysztof Gawkowski sugerowa\u0142, \u017ce\u00a0chodzi m.in. o\u00a0Met\u0119 i\u00a0Google&#8217;a, t\u0142umacz\u0105c, \u017ce\u00a0\u00bbplatformy cyfrowe os\u0142abiaj\u0105 polski rynek mediowy poprzez przeci\u0105gni\u0119cie do\u00a0siebie reklam\u00ab, obecnie celownik ustawiony jest na\u00a0Wsch\u00f3d&#8221; \u2013\u00a0napisa\u0142a w\u00a0pi\u0105tek &#8222;Rzeczpospolita&#8221;. &#13;\n<\/p>\n<p>&#13;<br \/>\nNowa wersja podatku cyfrowego dotkn\u0119\u0142aby przede wszystkim chi\u0144skie platformy e-commerce. Przepisy mog\u0105 wej\u015b\u0107 w\u00a0\u017cycie w\u00a02027\u00a0r. Wp\u0142ywy z\u00a0podatku w\u00a0pierwszym roku szacowane s\u0105 na\u00a02 mld z\u0142, a\u00a0docelowo przekracza\u0142yby 3\u00a0mld z\u0142 rocznie. \u2013\u00a0Nie\u00a0chcemy si\u0119 spieszy\u0107, niczego robi\u0107 na\u00a0kolanie, to\u00a0ma by\u0107 stabilny mechanizm na\u00a0lata, jak VAT \u2013\u00a0t\u0142umaczy\u0142 w\u00a0rozmowie z\u00a0&#8222;Rz&#8221; wiceminister cyfryzacji Dariusz Standerski. &#13;\n<\/p>\n<p>&#13;<br \/>\nCzytaj te\u017c:<br \/><a href=\"https:\/\/dorzeczy.pl\/ekonomia\/833120\/nagla-decyzja-pekinu-chiny-nie-kupuja-juz-rosyjskiego-pradu.html\" rel=\"follow nofollow noopener\" data-schema=\"DORZECZY\" data-image=\"https:\/\/img.dorzeczy.pl\/_thumb\/da\/e0\/5d92f74c0f0f98e1947b663d5c62.jpeg\" target=\"_blank\">Nag\u0142a decyzja Pekinu zaboli Rosj\u0119. Nie\u00a0tego spodziewa\u0142 si\u0119 Putin<\/a>Czytaj te\u017c:<br \/><a href=\"https:\/\/dorzeczy.pl\/swiat\/831035\/chiny-ostrzegaja-trumpa-przed-pretekstem-ws-grenlandii.html\" rel=\"follow nofollow noopener\" data-schema=\"DORZECZY\" data-image=\"https:\/\/img.dorzeczy.pl\/_thumb\/6f\/f8\/0c53cfd8eeaef611484321083ec0.jpeg\" target=\"_blank\">Sprawa Grenlandii. Chiny ostrzegaj\u0105 Trumpa przed &#8222;pretekstem&#8221;<\/a> &#13;<\/p>\n","protected":false},"excerpt":{"rendered":"&#13; Plany polskiej armii dotycz\u0105ce zakazu wjazdu dla\u00a0chi\u0144skich samochod\u00f3w elektrycznych na\u00a0teren jednostek wojskowych spotka\u0142y si\u0119 z\u00a0ostr\u0105 reakcj\u0105 Pekinu.&hellip;\n","protected":false},"author":2,"featured_media":214144,"comment_status":"","ping_status":"","sticky":false,"template":"","format":"standard","meta":{"footnotes":""},"categories":[12],"tags":[2891,32,33,85,98,40428,36,37,27,49,34,35,1162,28,31,25,102,1194,42,38,40,39,41,80,29,30,26,161],"class_list":{"0":"post-214143","1":"post","2":"type-post","3":"status-publish","4":"format-standard","5":"has-post-thumbnail","7":"category-polska","8":"tag-armia","9":"tag-breaking-news","10":"tag-breakingnews","11":"tag-chiny","12":"tag-dorzeczy","13":"tag-elektryczne-samochody","14":"tag-featured-news","15":"tag-featurednews","16":"tag-headlines","17":"tag-kraj","18":"tag-latest-news","19":"tag-latestnews","20":"tag-msz","21":"tag-naglowki","22":"tag-najwazniejsze-artykuly","23":"tag-news","24":"tag-opinie","25":"tag-pekin","26":"tag-pl","27":"tag-poland","28":"tag-polish","29":"tag-polska","30":"tag-polski","31":"tag-swiat","32":"tag-top-stories","33":"tag-topstories","34":"tag-wiadomosci","35":"tag-wojsko"},"share_on_mastodon":{"url":"https:\/\/pubeurope.com\/@pl\/115924280668091203","error":""},"_links":{"self":[{"href":"https:\/\/www.europesays.com\/pl\/wp-json\/wp\/v2\/posts\/214143","targetHints":{"allow":["GET"]}}],"collection":[{"href":"https:\/\/www.europesays.com\/pl\/wp-json\/wp\/v2\/posts"}],"about":[{"href":"https:\/\/www.europesays.com\/pl\/wp-json\/wp\/v2\/types\/post"}],"author":[{"embeddable":true,"href":"https:\/\/www.europesays.com\/pl\/wp-json\/wp\/v2\/users\/2"}],"replies":[{"embeddable":true,"href":"https:\/\/www.europesays.com\/pl\/wp-json\/wp\/v2\/comments?post=214143"}],"version-history":[{"count":0,"href":"https:\/\/www.europesays.com\/pl\/wp-json\/wp\/v2\/posts\/214143\/revisions"}],"wp:featuredmedia":[{"embeddable":true,"href":"https:\/\/www.europesays.com\/pl\/wp-json\/wp\/v2\/media\/214144"}],"wp:attachment":[{"href":"https:\/\/www.europesays.com\/pl\/wp-json\/wp\/v2\/media?parent=214143"}],"wp:term":[{"taxonomy":"category","embeddable":true,"href":"https:\/\/www.europesays.com\/pl\/wp-json\/wp\/v2\/categories?post=214143"},{"taxonomy":"post_tag","embeddable":true,"href":"https:\/\/www.europesays.com\/pl\/wp-json\/wp\/v2\/tags?post=214143"}],"curies":[{"name":"wp","href":"https:\/\/api.w.org\/{rel}","templated":true}]}}