{"id":214184,"date":"2026-01-19T23:31:12","date_gmt":"2026-01-19T23:31:12","guid":{"rendered":"https:\/\/www.europesays.com\/pl\/214184\/"},"modified":"2026-01-19T23:31:12","modified_gmt":"2026-01-19T23:31:12","slug":"michal-zebrowski-znow-rozbawil-fanow-kombinezon-narciarski-i-japonki-2","status":"publish","type":"post","link":"https:\/\/www.europesays.com\/pl\/214184\/","title":{"rendered":"Micha\u0142 \u017bebrowski zn\u00f3w rozbawi\u0142 fan\u00f3w. Kombinezon narciarski i&#8230; japonki"},"content":{"rendered":"<p class=\"ods-c-paragraph \"><a href=\"https:\/\/plejada.pl\/temat\/michal-zebrowski-aktor\/bkb2mlc\" id=\"964de08b-4636-4791-971b-cb4fea1abb66\" rel=\"nofollow noopener\" target=\"_blank\">Micha\u0142 \u017bebrowski<\/a> to nie tylko ceniony aktor i dyrektor Teatru 6. pi\u0119tro, ale tak\u017ce gwiazdor, kt\u00f3ry rozkocha\u0142 w sobie internaut\u00f3w dzi\u0119ki poczuciu humoru, jaki prezentuje w sieci. Teraz po raz kolejny, wraz z \u017con\u0105 Aleksandr\u0105, skrad\u0142 serca swoich fan\u00f3w, gdy na Instagramie pojawi\u0142y si\u0119 zdj\u0119cia pary podczas wizyty w schronisku w Dolinie Pi\u0119ciu Staw\u00f3w Polskich.<\/p>\n<p> Dalszy ci\u0105g artyku\u0142u pod materia\u0142em wideo    <\/p>\n<p> Gdzie Micha\u0142 \u017bebrowski i Aleksandra \u017bebrowska zrobili zdj\u0119cia? <\/p>\n<p> Jakie nietypowe obuwie mia\u0142 na sobie Micha\u0142 \u017bebrowski? <\/p>\n<p> Co Micha\u0142 \u017bebrowski napisa\u0142 na Instagramie? <\/p>\n<p> Czy Micha\u0142 \u017bebrowski wcze\u015bniej pokazywa\u0142 dystans do siebie w sieci? <\/p>\n<p>  Micha\u0142 \u017bebrowski zaskoczy\u0142 strojem<\/p>\n<p class=\"ods-c-paragraph \">Micha\u0142 \u017bebrowski opublikowa\u0142 relacj\u0119 na Instagramie, na kt\u00f3rej wida\u0107, jak wraz z \u017con\u0105 Aleksandr\u0105, pozuje tu\u017c przy schronisku tatrza\u0144skim w kolorowym kombinezonie narciarskim. To, co przyku\u0142o najwi\u0119ksz\u0105 uwag\u0119, to klapki-japonki, kt\u00f3re mia\u0142 na stopach aktor.<\/p>\n<blockquote class=\"ods-o-quota\"><\/blockquote>\n<p class=\"ods-c-paragraph \">\u2014 napisa\u0142 tylko, zaznaczaj\u0105c na zdj\u0119ciu nietypowe obuwie.<\/p>\n<p><img decoding=\"async\" src=\"https:\/\/www.europesays.com\/pl\/wp-content\/uploads\/2026\/01\/SVVk9lBaHR0cHM6Ly9vY2RuLmV1L3B1bHNjbXMvTURBXy80YWI1MjA5ODQ1MDAxNDMwNzM1ZjgxZmM1ZWY0Mzc4NS5qcGeRlQLNA.jpeg\" height=\"529\" width=\"940\" alt=\"Micha\u0142 i Aleksandra \u017bebrowscy\" loading=\"lazy\" class=\"ods-c-image__img ods-c-image__img--vertical\"\/><\/p>\n<p>Micha\u0142 i Aleksandra \u017bebrowscyhttps:\/\/www.instagram.com\/zebrowski.michal\/<\/p>\n<p> <img decoding=\"async\" src=\"https:\/\/www.europesays.com\/pl\/wp-content\/uploads\/2026\/01\/Jv_k9lBaHR0cHM6Ly9vY2RuLmV1L3B1bHNjbXMvTURBXy80YjQ0OGM2MDBkOGQ1NWFiOTA2NThiMTJmZTU5ZmU5Ny5qcGeRlQLNA.jpeg\" height=\"529\" width=\"940\" alt=\"Micha\u0142 i Aleksandra \u017bebrowscy\" loading=\"lazy\" class=\"ods-c-image__img ods-c-image__img--vertical\"\/><\/p>\n<p>Micha\u0142 i Aleksandra \u017bebrowscyhttps:\/\/www.instagram.com\/zebrowski.michal\/<\/p>\n<p class=\"ods-c-paragraph \">To nie pierwszy raz, gdy \u017bebrowscy pokazuj\u0105 w sieci wielki dystans do siebie. Fani pokochali ich zabawne filmiki i zdj\u0119cia, np. w trakcie wybor\u00f3w, gdy poszli g\u0142osowa\u0107 przebrani za Tadeusza i Zosi\u0119 (uk\u0142on w stron\u0119 &#8222;Pana Tadeusza&#8221;). \u017bebrowska niejednokrotnie nie unika\u0142a r\u00f3wnie\u017c temat\u00f3w uznawanych za tabu, pokazuj\u0105c w sieci zdj\u0119cia po porodzie, albo ukazuj\u0105ce trudy nielukrowanej rzeczywisto\u015bci.<\/p>\n<p><img decoding=\"async\" src=\"https:\/\/www.europesays.com\/pl\/wp-content\/uploads\/2026\/01\/RHsk9lBaHR0cHM6Ly9vY2RuLmV1L3B1bHNjbXMvTURBXy83NzAyMzM4Mjg0MDA5NDBjZDAxZjM0MTFjNjA5NjJmNi5qcGeRlQLNA.jpeg\" height=\"529\" width=\"940\" alt=\"Aleksandra \u017bebrowska i Micha\u0142 \u017bebrowski\" loading=\"lazy\" class=\"ods-c-image__img ods-c-image__img--vertical\"\/><\/p>\n<p>Aleksandra \u017bebrowska i Micha\u0142 \u017bebrowskiMieszko Pi\u0119tka \/ AKPA<\/p>\n<p class=\"ods-c-paragraph \">Dzi\u0119kujemy, \u017ce przeczyta\u0142a\u015b\/e\u015b nasz artyku\u0142 do ko\u0144ca. W serwisie Plejada.pl ka\u017cdego dnia piszemy o najwa\u017cniejszych wydarzeniach show-biznesowych. B\u0105d\u017a na bie\u017c\u0105co! <a rel=\"nofollow noopener\" href=\"https:\/\/profile.google.com\/cp\/Cg0vZy8xMWJ6X19wdHBx\" id=\"7ce7929d-5c67-45a6-9786-ff61d001bee2\" target=\"_blank\">Obserwuj<\/a> Plejad\u0119 w Google. Odwied\u017a nas tak\u017ce na <a rel=\"nofollow noopener\" href=\"https:\/\/www.facebook.com\/plejadapl\" id=\"08388e45-c9fe-4903-b07e-f579930281b9\" target=\"_blank\">Facebooku<\/a>, <a rel=\"nofollow noopener\" href=\"https:\/\/www.instagram.com\/plejadapl\/\" id=\"34fb3958-3d32-4cc3-8b07-726308b705a8\" target=\"_blank\">Instagramie<\/a>, <a rel=\"nofollow noopener\" href=\"https:\/\/www.youtube.com\/c\/plejada\" id=\"20dfcae6-e694-4a3b-b0ca-5f186f6ec4d8\" target=\"_blank\">YouTubie<\/a> oraz <a rel=\"nofollow noopener\" href=\"https:\/\/www.tiktok.com\/@plejada_pl\" id=\"f8fc5448-98f1-42c9-9893-d287facc49f3\" target=\"_blank\">TikToku<\/a>.<\/p>\n<p class=\"ods-c-paragraph \">Chcesz podzieli\u0107 si\u0119 ciekawym newsem lub zaproponowa\u0107 temat? Skontaktuj si\u0119 z nami, pisz\u0105c maila na adres: <a rel=\"nofollow noopener\" href=\"https:\/\/plejada.pl\/newsy\/michal-zebrowski-znow-rozbawil-fanow-kombinezon-narciarski-i-japonki\/mailto:plejada@redakcjaonet.pl\" id=\"8c5a1be7-05ad-4d28-bd88-aadd4b3c95b3\" target=\"_blank\">plejada@redakcjaon<\/a><a href=\"https:\/\/et.pl\" id=\"265a4a04-f4f0-4e5c-9a44-4e00c996cf44\" rel=\"nofollow noopener\" target=\"_blank\">et.pl<\/a>.<\/p>\n<p><script async src=\"\/\/www.instagram.com\/embed.js\"><\/script><script async src=\"\/\/www.tiktok.com\/embed.js\"><\/script><\/p>\n","protected":false},"excerpt":{"rendered":"Micha\u0142 \u017bebrowski to nie tylko ceniony aktor i dyrektor Teatru 6. pi\u0119tro, ale tak\u017ce gwiazdor, kt\u00f3ry rozkocha\u0142 w&hellip;\n","protected":false},"author":2,"featured_media":214185,"comment_status":"","ping_status":"","sticky":false,"template":"","format":"standard","meta":{"footnotes":""},"categories":[22],"tags":[5933,122,18667,48,125,46,42,38,40,39,41,123,47],"class_list":{"0":"post-214184","1":"post","2":"type-post","3":"status-publish","4":"format-standard","5":"has-post-thumbnail","7":"category-rozrywka","8":"tag-aleksandra_zebrowska","9":"tag-entertainment","10":"tag-michal_zebrowski","11":"tag-nat_styl","12":"tag-newsy","13":"tag-omp","14":"tag-pl","15":"tag-poland","16":"tag-polish","17":"tag-polska","18":"tag-polski","19":"tag-rozrywka","20":"tag-screening_general"},"share_on_mastodon":{"url":"https:\/\/pubeurope.com\/@pl\/115924374898237018","error":""},"_links":{"self":[{"href":"https:\/\/www.europesays.com\/pl\/wp-json\/wp\/v2\/posts\/214184","targetHints":{"allow":["GET"]}}],"collection":[{"href":"https:\/\/www.europesays.com\/pl\/wp-json\/wp\/v2\/posts"}],"about":[{"href":"https:\/\/www.europesays.com\/pl\/wp-json\/wp\/v2\/types\/post"}],"author":[{"embeddable":true,"href":"https:\/\/www.europesays.com\/pl\/wp-json\/wp\/v2\/users\/2"}],"replies":[{"embeddable":true,"href":"https:\/\/www.europesays.com\/pl\/wp-json\/wp\/v2\/comments?post=214184"}],"version-history":[{"count":0,"href":"https:\/\/www.europesays.com\/pl\/wp-json\/wp\/v2\/posts\/214184\/revisions"}],"wp:featuredmedia":[{"embeddable":true,"href":"https:\/\/www.europesays.com\/pl\/wp-json\/wp\/v2\/media\/214185"}],"wp:attachment":[{"href":"https:\/\/www.europesays.com\/pl\/wp-json\/wp\/v2\/media?parent=214184"}],"wp:term":[{"taxonomy":"category","embeddable":true,"href":"https:\/\/www.europesays.com\/pl\/wp-json\/wp\/v2\/categories?post=214184"},{"taxonomy":"post_tag","embeddable":true,"href":"https:\/\/www.europesays.com\/pl\/wp-json\/wp\/v2\/tags?post=214184"}],"curies":[{"name":"wp","href":"https:\/\/api.w.org\/{rel}","templated":true}]}}