{"id":214216,"date":"2026-01-19T23:52:16","date_gmt":"2026-01-19T23:52:16","guid":{"rendered":"https:\/\/www.europesays.com\/pl\/214216\/"},"modified":"2026-01-19T23:52:16","modified_gmt":"2026-01-19T23:52:16","slug":"dorota-wellman-zaskoczyla-slowami-o-tvn-tego-nikt-sie-nie-spodziewal","status":"publish","type":"post","link":"https:\/\/www.europesays.com\/pl\/214216\/","title":{"rendered":"Dorota Wellman zaskoczy\u0142a s\u0142owami o TVN. Tego nikt si\u0119 nie spodziewa\u0142"},"content":{"rendered":"<p class=\"ods-c-paragraph \">W poniedzia\u0142kowym wydaniu <a href=\"https:\/\/plejada.pl\/temat\/dzien-dobry-tvn-program-tv\/jr9g323\" id=\"791a2dcc-f90d-4ed4-aecb-3845acf9dc08\" rel=\"nofollow noopener\" target=\"_blank\">&#8222;Dzie\u0144 dobry TVN&#8221;<\/a> nie zabrak\u0142o r\u00f3\u017cnorodnych go\u015bci \u2014 na programowej sofie zasiedli m.in. Kamila Bo\u015b, Micha\u0142 Rusinek oraz Marek W\u0142odarczyk. Gwiazdor &#8222;Kryminalnych&#8221; w rozmowie z Dorot\u0105 Wellman i Marcinem Prokopem opowiedzia\u0142 m.in. o wymarzonym wyje\u017adzie z rodzin\u0105 na Sycyli\u0119.<\/p>\n<p> Dalszy ci\u0105g artyku\u0142u pod materia\u0142em wideo    <\/p>\n<p> Co powiedzia\u0142a Dorota Wellman o TVN? <\/p>\n<p> Kto prowadzi\u0142 'Dzie\u0144 dobry TVN&#8217;? <\/p>\n<p> Jakie tematy poruszano w 'Dzie\u0144 dobry TVN&#8217;? <\/p>\n<p> O czym opowiada\u0142 Marek W\u0142odarczyk? <\/p>\n<p>  Dorota Wellman zaskoczy\u0142a s\u0142owami o TVN. Tego nikt si\u0119 nie spodziewa\u0142<\/p>\n<p class=\"ods-c-paragraph \">Nie da si\u0119 ukry\u0107, \u017ce Marcin Prokop i Dorota Wellman robi\u0105 w telewizji prawdziw\u0105 furor\u0119 \u2014 przede wszystkim dzi\u0119ki charakterystycznemu poczuciu humoru, \u017cartobliwym ripostom oraz du\u017cemu dystansowi do samych siebie. Wielu internautom trudno wyobrazi\u0107 sobie ten duet w jakimkolwiek innym zestawieniu.<\/p>\n<p class=\"ods-c-paragraph \">Pod koniec rozmowy z Markiem W\u0142odarczykiem prowadz\u0105ca zdradzi\u0142a widzom, gdzie obecnie mo\u017cna ogl\u0105da\u0107 aktora, zaznaczaj\u0105c przy tym, \u017ce jego produkcje nie s\u0105 emitowane na antenie TVN. W pewnym momencie Dorota Wellman nawi\u0105za\u0142a do tego faktu w \u017cartobliwy spos\u00f3b.<\/p>\n<blockquote class=\"ods-o-quota\">\n<p class=\"ods-o-quota__paragraph\">Nasza stacja powinna si\u0119 poprawi\u0107<\/p>\n<\/blockquote>\n<p class=\"ods-c-paragraph \">\u2014 doda\u0142a.<\/p>\n<p><img decoding=\"async\" src=\"https:\/\/www.europesays.com\/pl\/wp-content\/uploads\/2026\/01\/Glik9lBaHR0cHM6Ly9vY2RuLmV1L3B1bHNjbXMvTURBXy83ZTZlMWE1YTdkYWI0ZjdjMzkxZTEyYzQ2YzUwODdjMC5qcGeRlQLNA.jpeg\" height=\"529\" width=\"940\" alt=\"Dorota Wellman\" loading=\"lazy\" class=\"ods-c-image__img ods-c-image__img--vertical\"\/><\/p>\n<p>Dorota WellmanMarcin Gadomski \/ AKPA<\/p>\n<p class=\"ods-c-paragraph \">Dzi\u0119kujemy, \u017ce przeczyta\u0142a\u015b\/e\u015b nasz artyku\u0142 do ko\u0144ca. W serwisie Plejada.pl ka\u017cdego dnia piszemy o najwa\u017cniejszych wydarzeniach show-biznesowych. B\u0105d\u017a na bie\u017c\u0105co! <a rel=\"nofollow noopener\" href=\"https:\/\/profile.google.com\/cp\/Cg0vZy8xMWJ6X19wdHBx\" id=\"a8db952e-c90d-4b6a-8680-bfae288b5b75\" target=\"_blank\">Obserwuj<\/a> Plejad\u0119 w Google. Odwied\u017a nas tak\u017ce na <a rel=\"nofollow noopener\" href=\"https:\/\/www.facebook.com\/plejadapl\" id=\"9cd66389-4628-42b7-ac1b-66e28711ef76\" target=\"_blank\">Facebooku<\/a>, <a rel=\"nofollow noopener\" href=\"https:\/\/www.instagram.com\/plejadapl\/\" id=\"d4e27da3-f261-45bf-82f0-66fa9a1e1fbe\" target=\"_blank\">Instagramie<\/a>, <a rel=\"nofollow noopener\" href=\"https:\/\/www.youtube.com\/c\/plejada\" id=\"5452708c-97dd-48da-b6a5-6f107dfedb7c\" target=\"_blank\">YouTubie<\/a> oraz <a rel=\"nofollow noopener\" href=\"https:\/\/www.tiktok.com\/@plejada_pl\" id=\"30ee43a1-baa6-4e55-994f-05097c983a11\" target=\"_blank\">TikToku<\/a>.<\/p>\n<p class=\"ods-c-paragraph \">Chcesz podzieli\u0107 si\u0119 ciekawym newsem lub zaproponowa\u0107 temat? Skontaktuj si\u0119 z nami, pisz\u0105c maila na adres: <a rel=\"nofollow noopener\" href=\"https:\/\/plejada.pl\/newsy\/dorota-wellman-zaskoczyla-slowami-o-tvn-tego-nikt-sie-nie-spodziewal\/mailto:plejada@redakcjaonet.pl\" id=\"1f652032-c7f8-487b-b6cc-4baa98f51ced\" target=\"_blank\">plejada@redakcjaon<\/a><a rel=\"nofollow noopener\" href=\"https:\/\/et.pl\/\" id=\"1147a134-12af-46a9-abf8-cdab261dee72\" target=\"_blank\">et.pl<\/a>.<\/p>\n<p><script async src=\"\/\/www.instagram.com\/embed.js\"><\/script><script async src=\"\/\/www.tiktok.com\/embed.js\"><\/script><\/p>\n","protected":false},"excerpt":{"rendered":"W poniedzia\u0142kowym wydaniu &#8222;Dzie\u0144 dobry TVN&#8221; nie zabrak\u0142o r\u00f3\u017cnorodnych go\u015bci \u2014 na programowej sofie zasiedli m.in. Kamila Bo\u015b,&hellip;\n","protected":false},"author":2,"featured_media":214217,"comment_status":"","ping_status":"","sticky":false,"template":"","format":"standard","meta":{"footnotes":""},"categories":[22],"tags":[2955,2954,122,48,125,46,42,38,40,39,41,123,47,318],"class_list":{"0":"post-214216","1":"post","2":"type-post","3":"status-publish","4":"format-standard","5":"has-post-thumbnail","7":"category-rozrywka","8":"tag-dorota_wellman","9":"tag-dzien_dobry_tvn","10":"tag-entertainment","11":"tag-nat_styl","12":"tag-newsy","13":"tag-omp","14":"tag-pl","15":"tag-poland","16":"tag-polish","17":"tag-polska","18":"tag-polski","19":"tag-rozrywka","20":"tag-screening_general","21":"tag-tvn"},"share_on_mastodon":{"url":"https:\/\/pubeurope.com\/@pl\/115924457544975019","error":""},"_links":{"self":[{"href":"https:\/\/www.europesays.com\/pl\/wp-json\/wp\/v2\/posts\/214216","targetHints":{"allow":["GET"]}}],"collection":[{"href":"https:\/\/www.europesays.com\/pl\/wp-json\/wp\/v2\/posts"}],"about":[{"href":"https:\/\/www.europesays.com\/pl\/wp-json\/wp\/v2\/types\/post"}],"author":[{"embeddable":true,"href":"https:\/\/www.europesays.com\/pl\/wp-json\/wp\/v2\/users\/2"}],"replies":[{"embeddable":true,"href":"https:\/\/www.europesays.com\/pl\/wp-json\/wp\/v2\/comments?post=214216"}],"version-history":[{"count":0,"href":"https:\/\/www.europesays.com\/pl\/wp-json\/wp\/v2\/posts\/214216\/revisions"}],"wp:featuredmedia":[{"embeddable":true,"href":"https:\/\/www.europesays.com\/pl\/wp-json\/wp\/v2\/media\/214217"}],"wp:attachment":[{"href":"https:\/\/www.europesays.com\/pl\/wp-json\/wp\/v2\/media?parent=214216"}],"wp:term":[{"taxonomy":"category","embeddable":true,"href":"https:\/\/www.europesays.com\/pl\/wp-json\/wp\/v2\/categories?post=214216"},{"taxonomy":"post_tag","embeddable":true,"href":"https:\/\/www.europesays.com\/pl\/wp-json\/wp\/v2\/tags?post=214216"}],"curies":[{"name":"wp","href":"https:\/\/api.w.org\/{rel}","templated":true}]}}