{"id":214395,"date":"2026-01-20T02:24:14","date_gmt":"2026-01-20T02:24:14","guid":{"rendered":"https:\/\/www.europesays.com\/pl\/214395\/"},"modified":"2026-01-20T02:24:14","modified_gmt":"2026-01-20T02:24:14","slug":"proces-sebastiana-majtczak-oskarzony-probowal-egzaminowac-policjantke","status":"publish","type":"post","link":"https:\/\/www.europesays.com\/pl\/214395\/","title":{"rendered":"Proces Sebastiana Majtczak Oskar\u017cony pr\u00f3bowa\u0142 &#8222;egzaminowa\u0107&#8221; policjantk\u0119"},"content":{"rendered":"<p class=\"ods-c-paragraph \">W procesie Sebastiana Majtczaka oskar\u017conego o spowodowanie wypadku na autostradzie A1, w kt\u00f3rym zgin\u0119\u0142o ma\u0142\u017ce\u0144stwo z woj. \u015bl\u0105skiego z 5-letnim synem, od poniedzia\u0142kowego poranka zeznaj\u0105 policyjni specjali\u015bci, zabezpieczaj\u0105cy dowody tu\u017c po tragedii z wrze\u015bnia 2023 r. W post\u0119powaniu tocz\u0105cym si\u0119 przed S\u0105dem Rejonowym w Piotrkowie Trybunalskim (w pobli\u017cu tego miasta dosz\u0142o do wypadku) oskar\u017conemu grozi kara do o\u015bmiu lat pozbawienia wolno\u015bci.<\/p>\n<p> Dalszy ci\u0105g artyku\u0142u pod materia\u0142em wideo    <\/p>\n<p> Jakie pytania zadawa\u0142 Sebastian Majtczak policjantce? <\/p>\n<p> O co pyta\u0142a obro\u0144czyni Sebastiana Majtczaka? <\/p>\n<p> Co m\u00f3wi\u0142a policjantka o swoim do\u015bwiadczeniu? <\/p>\n<p> Jaka jest maksymalna kara dla Sebastiana Majtczaka? <\/p>\n<p>  Trwa kontratak Sebastiana Majtczaka<\/p>\n<p class=\"ods-c-paragraph \">O poniedzia\u0142kowe przes\u0142uchania wnioskowa\u0142a adw. Katarzyna Hebda, obro\u0144czyni Sebastiana Majtczaka. Mecenas dopytywa\u0142a si\u0119 m.in., jakie kompetencje do analizowania \u015blad\u00f3w ma policjantka, badaj\u0105ca drog\u0119 hamowania pojazd\u00f3w z A1. Aktualn\u0105 strategi\u0105 obrony <a href=\"https:\/\/wiadomosci.onet.pl\/kraj\/nagly-zwrot-w-sprawie-wypadku-na-a1-sebastian-majtczak-podwaza-dowody\/tf225j2\" id=\"dd28595a-16d5-4714-b56e-e9affe233d0e\" rel=\"nofollow noopener\" target=\"_blank\">(od rozprawy sprzed dw\u00f3ch tygodni)<\/a> jest bowiem pr\u00f3ba udowodnienia, \u017ce samoch\u00f3d Kia \u2014 kt\u00f3rym podr\u00f3\u017cowa\u0142y ofiary \u2014 jecha\u0142 zbyt szybko z za\u0142o\u017con\u0105 tzw. opon\u0105 dojazdow\u0105. W efekcie takiej jazdy przyczyn\u0105 wypadku mia\u0142oby by\u0107 rozerwanie opony. Nie za\u015b brawurowy rajd bmw, prowadzonego przez Sebastiana Majtczaka.<\/p>\n<p class=\"ods-c-paragraph \">Natomiast zgodnie z aktem oskar\u017cenia, przedstawionym przez Prokuratur\u0119 Okr\u0119gow\u0105 w Katowicach, kierowca bmw \u2014 prowadz\u0105c z pr\u0119dko\u015bci\u0105 315 km na godz. \u2014 straci\u0142 panowanie nad tym pojazdem, zjecha\u0142 na \u015brodkowy pas autostrady i uderzy\u0142 w Ki\u0119.<\/p>\n<p>Nerwowy \u015bmiech na s\u0105dowej sali<\/p>\n<p class=\"ods-c-paragraph \">Dostosowuj\u0105c si\u0119 do strategii obro\u0144czyni, sam oskar\u017cony zadawa\u0142 policjantce pytania dotycz\u0105ce zdj\u0119\u0107 zabezpieczonych \u015blad\u00f3w. Ta o\u015bwiadczy\u0142a, \u017ce czuje si\u0119 przepytywana jak &#8222;w podstaw\u00f3wce&#8221; \u2014 bior\u0105c pod uwag\u0119 jej osiemnastoletni sta\u017c. Kolejne dialogi Sebastiana Majtczaka i jego obro\u0144czyni ze specjalistk\u0105, m.in. o sposoby oznaczania drogowych s\u0142upk\u00f3w, wzbudzi\u0142y wr\u0119cz nerwowy \u015bmiech na s\u0105dowej sali, na kt\u00f3rej zasiedli m.in. bliscy ofiar tragedii.<\/p>\n","protected":false},"excerpt":{"rendered":"W procesie Sebastiana Majtczaka oskar\u017conego o spowodowanie wypadku na autostradzie A1, w kt\u00f3rym zgin\u0119\u0142o ma\u0142\u017ce\u0144stwo z woj. \u015bl\u0105skiego&hellip;\n","protected":false},"author":2,"featured_media":214396,"comment_status":"","ping_status":"","sticky":false,"template":"","format":"standard","meta":{"footnotes":""},"categories":[5],"tags":[3068,32,33,36,37,27,34,35,3652,28,31,48,25,46,13742,42,38,40,39,41,47,16108,29,30,26],"class_list":{"0":"post-214395","1":"post","2":"type-post","3":"status-publish","4":"format-standard","5":"has-post-thumbnail","7":"category-naglowki","8":"tag-bmw","9":"tag-breaking-news","10":"tag-breakingnews","11":"tag-featured-news","12":"tag-featurednews","13":"tag-headlines","14":"tag-latest-news","15":"tag-latestnews","16":"tag-lodz","17":"tag-naglowki","18":"tag-najwazniejsze-artykuly","19":"tag-nat_styl","20":"tag-news","21":"tag-omp","22":"tag-piotrkow_trybunalski","23":"tag-pl","24":"tag-poland","25":"tag-polish","26":"tag-polska","27":"tag-polski","28":"tag-screening_general","29":"tag-sebastian_m_","30":"tag-top-stories","31":"tag-topstories","32":"tag-wiadomosci"},"share_on_mastodon":{"url":"https:\/\/pubeurope.com\/@pl\/115925055174872110","error":""},"_links":{"self":[{"href":"https:\/\/www.europesays.com\/pl\/wp-json\/wp\/v2\/posts\/214395","targetHints":{"allow":["GET"]}}],"collection":[{"href":"https:\/\/www.europesays.com\/pl\/wp-json\/wp\/v2\/posts"}],"about":[{"href":"https:\/\/www.europesays.com\/pl\/wp-json\/wp\/v2\/types\/post"}],"author":[{"embeddable":true,"href":"https:\/\/www.europesays.com\/pl\/wp-json\/wp\/v2\/users\/2"}],"replies":[{"embeddable":true,"href":"https:\/\/www.europesays.com\/pl\/wp-json\/wp\/v2\/comments?post=214395"}],"version-history":[{"count":0,"href":"https:\/\/www.europesays.com\/pl\/wp-json\/wp\/v2\/posts\/214395\/revisions"}],"wp:featuredmedia":[{"embeddable":true,"href":"https:\/\/www.europesays.com\/pl\/wp-json\/wp\/v2\/media\/214396"}],"wp:attachment":[{"href":"https:\/\/www.europesays.com\/pl\/wp-json\/wp\/v2\/media?parent=214395"}],"wp:term":[{"taxonomy":"category","embeddable":true,"href":"https:\/\/www.europesays.com\/pl\/wp-json\/wp\/v2\/categories?post=214395"},{"taxonomy":"post_tag","embeddable":true,"href":"https:\/\/www.europesays.com\/pl\/wp-json\/wp\/v2\/tags?post=214395"}],"curies":[{"name":"wp","href":"https:\/\/api.w.org\/{rel}","templated":true}]}}