{"id":214544,"date":"2026-01-20T06:52:10","date_gmt":"2026-01-20T06:52:10","guid":{"rendered":"https:\/\/www.europesays.com\/pl\/214544\/"},"modified":"2026-01-20T06:52:10","modified_gmt":"2026-01-20T06:52:10","slug":"anna-skura-pokazala-szpitalny-posilek-jestem-w-szoku-ze-to-mowie","status":"publish","type":"post","link":"https:\/\/www.europesays.com\/pl\/214544\/","title":{"rendered":"Anna Skura pokaza\u0142a szpitalny posi\u0142ek. &#8222;Jestem w szoku, \u017ce to m\u00f3wi\u0119&#8221;"},"content":{"rendered":"<p class=\"Paragraph_desktopParagraph__U31Gm\"><a href=\"https:\/\/plejada.pl\/temat\/anna-skura\/1e1zptg\" id=\"9c09db2b-7893-4987-94fc-375f44ecfa52\" rel=\"nofollow noopener\" target=\"_blank\">Anna Skura<\/a> na co dzie\u0144 mieszka na Bali, a niedawno wybra\u0142a si\u0119 w podr\u00f3\u017c na Hawaje. W drodze powrotnej zacz\u0119\u0142a jednak zmaga\u0107 si\u0119 z niepokoj\u0105cymi objawami choroby. Kr\u00f3tko po powrocie do domu <a href=\"https:\/\/plejada.pl\/newsy\/anna-skura-trafila-do-szpitala-na-bali-bylo-mi-wszystko-jedno\/tll581b\" id=\"3766b559-4b8d-4a43-b01b-974cc8e42c9c\" rel=\"nofollow noopener\" target=\"_blank\">zdecydowa\u0142a si\u0119 zg\u0142osi\u0107 do szpitala<\/a>. &#8222;Dosta\u0142am gor\u0105czki, by\u0142am taka super s\u0142aba\u2026 no i prawda jest taka, \u017ce te objawy mia\u0142am przez ostatnie 3 tyg.&#8221; \u2014 napisa\u0142a w mediach spo\u0142eczno\u015bciowych.<\/p>\n<p class=\"Paragraph_desktopParagraph__U31Gm\">Influencerka podr\u00f3\u017cnicza ujawni\u0142a, \u017ce musia\u0142a zosta\u0107 natychmiast hospitalizowana, a sam pobyt w plac\u00f3wce nie nale\u017ca\u0142 do naj\u0142atwiejszych. <a href=\"https:\/\/plejada.pl\/newsy\/anna-skura-myslala-ze-zmaga-sie-z-malaria-diagnoza-byla-dla-niej-zaskakujaca\/b4dhy2z\" id=\"c49b2a07-0713-47d3-881c-c7d527c8aa25\" rel=\"nofollow noopener\" target=\"_blank\">Przesz\u0142a szereg szczeg\u00f3\u0142owych bada\u0144 i by\u0142a przygotowana na diagnoz\u0119 malarii<\/a>. Ostatecznie okaza\u0142o si\u0119 jednak, \u017ce zmaga si\u0119 z zapaleniem p\u0142uc.<\/p>\n<ul class=\"OchatFollowUps_wrapper__1ry7X\">\n<li class=\"OchatFollowUps_item__Dhyly OchatFollowUps_itemDesktop__R6aBv\">Jakie objawy mia\u0142a Anna Skura przed hospitalizacj\u0105?<\/li>\n<li class=\"OchatFollowUps_item__Dhyly OchatFollowUps_itemDesktop__R6aBv\">Jaka by\u0142a diagnoza Anny Skury po badaniach w szpitalu?<\/li>\n<li class=\"OchatFollowUps_item__Dhyly OchatFollowUps_itemDesktop__R6aBv\">Co s\u0105dzi Anna Skura o jedzeniu w szpitalu?<\/li>\n<li class=\"OchatFollowUps_item__Dhyly OchatFollowUps_itemDesktop__R6aBv\">Dlaczego Anna Skura nie mog\u0142a opu\u015bci\u0107 szpitala po jednej dobie?<\/li>\n<\/ul>\n<p>Anna Skura pokaza\u0142a szpitalny posi\u0142ek. &#8222;Jestem w szoku, \u017ce to m\u00f3wi\u0119&#8221; <\/p>\n<p class=\"Paragraph_desktopParagraph__U31Gm\">Anna Skura postanowi\u0142a relacjonowa\u0107 na swoim Instagramie pobyt w szpitalu, na bie\u017c\u0105co informuj\u0105c internaut\u00f3w o swoim samopoczuciu oraz badaniach, kt\u00f3rym jest poddawana. Nie narzeka jednak na opiek\u0119 piel\u0119gniarek i lekarzy \u2014 wr\u0119cz przeciwnie.<\/p>\n<p class=\"Paragraph_desktopParagraph__U31Gm\">&#8222;Panie si\u0119 tak (&#8230;) mn\u0105 opiekuj\u0105. Pyta\u0142am, czy mog\u0119 wyj\u015b\u0107 ju\u017c po jednej dobie&#8230; niestety nie, bo mog\u0142oby si\u0119 znowu to powt\u00f3rzy\u0107, \u017ce po jednym dniu w domu wr\u00f3ci\u0142abym tu&#8230; wi\u0119c w sumie pomy\u015bla\u0142am, \u017ce przynajmniej nie mam tu \u017cadnych bod\u017ac\u00f3w. (&#8230;) i [jest] taka super opieka&#8221; \u2014 czytamy.<\/p>\n<p class=\"Paragraph_desktopParagraph__U31Gm\">Influencerka wypowiedzia\u0142a si\u0119 tak\u017ce na temat szpitalnego jedzenia. Dopiero po 24 godz. pobytu w plac\u00f3wce by\u0142a w stanie spo\u017cy\u0107 podane danie. &#8222;Jem kolacj\u0119 z poprzedniego dnia, tak si\u0119 ciesz\u0119, \u017ce mi wr\u00f3ci\u0142 apetyt&#8230; bo ostatnie dni nic nie jad\u0142am, a ostatni tydzie\u0144 tak mizernie. Wiadomo, jak choroba, to apetyt maleje&#8221; \u2014 napisa\u0142a.<\/p>\n<p><img decoding=\"async\" class=\"Image_image__0tuHp Image_autoHeight__f2n87 \" height=\"587\" width=\"327\" src=\"https:\/\/www.europesays.com\/pl\/wp-content\/uploads\/2026\/01\/yKxk9kpTURBXy84YzkyNDQwMTY2MDQ5NWQ1ZjdjNWE1OTU5N2YxZTkwOS5wbmeSlQLNA6wAwsOVAgDNAkvCw94AA6EwAaExAaEzw.jpeg\" alt=\"Anna Skura na Instagramie\" loading=\"lazy\" \/>Instagram<\/p>\n<p>Anna Skura na Instagramie<\/p>\n<blockquote>\n<p class=\"Paragraph_desktopParagraph__U31Gm\">Jestem w szoku, \u017ce to m\u00f3wi\u0119 i chyba m\u00f3wi\u0119 to pierwszy raz w \u017cyciu, \u017ce tak si\u0119 ciesz\u0119, \u017ce jestem w tym szpitalu, bo tak mi lepiej by\u0142o<\/p>\n<\/blockquote>\n<p class=\"Paragraph_desktopParagraph__U31Gm\">\u2014 przekaza\u0142a.<\/p>\n<blockquote>\n<p class=\"Paragraph_desktopParagraph__U31Gm\">S\u0142uchajcie, jedzenie by\u0142o takie pyszne, domowe, jak w barze mlecznym<\/p>\n<\/blockquote>\n<p class=\"Paragraph_desktopParagraph__U31Gm\">\u2014 poinformowa\u0142a w kolejnym wpisie.<\/p>\n<p><img decoding=\"async\" class=\"Image_image__0tuHp Image_autoHeight__f2n87 \" height=\"587\" width=\"325\" src=\"https:\/\/www.europesays.com\/pl\/wp-content\/uploads\/2026\/01\/B5Tk9kpTURBXy81OTQ2ZTgzMjhiZjk1ZTg2N2UwMmJmYmNiOTc3NDMzMC5wbmeSlQLNA6wAwsOVAgDNAkvCw94AA6EwAaExAaEzw.jpeg\" alt=\"Anna Skura na Instagramie\" loading=\"lazy\" \/>Instagram<\/p>\n<p>Anna Skura na Instagramie<\/p>\n<p class=\"Paragraph_desktopParagraph__U31Gm\">Dzi\u0119kujemy, \u017ce przeczyta\u0142a\u015b\/e\u015b nasz artyku\u0142 do ko\u0144ca. W serwisie Plejada.pl ka\u017cdego dnia piszemy o najwa\u017cniejszych wydarzeniach show-biznesowych. B\u0105d\u017a na bie\u017c\u0105co! <a rel=\"nofollow noopener\" href=\"https:\/\/profile.google.com\/cp\/Cg0vZy8xMWJ6X19wdHBx\" id=\"a9590fa9-4689-4f47-82cb-6bddb4b21679\" target=\"_blank\">Obserwuj<\/a> Plejad\u0119 w Google. Odwied\u017a nas tak\u017ce na <a rel=\"nofollow noopener\" href=\"https:\/\/www.facebook.com\/plejadapl\" id=\"66ea26ef-b241-44b2-951e-65146f1091e0\" target=\"_blank\">Facebooku<\/a>, <a rel=\"nofollow noopener\" href=\"https:\/\/www.instagram.com\/plejadapl\/\" id=\"271860bc-7498-4234-8d40-07d4d37134ce\" target=\"_blank\">Instagramie<\/a>, <a rel=\"nofollow noopener\" href=\"https:\/\/www.youtube.com\/c\/plejada\" id=\"fd50382d-acfa-4bd9-b3bb-a6df72c6ab8b\" target=\"_blank\">YouTubie<\/a> oraz <a rel=\"nofollow noopener\" href=\"https:\/\/www.tiktok.com\/@plejada_pl\" id=\"22a77ee9-9977-47c1-ba8f-9438385f4d26\" target=\"_blank\">TikToku<\/a>.<\/p>\n<p class=\"Paragraph_desktopParagraph__U31Gm\">Chcesz podzieli\u0107 si\u0119 ciekawym newsem lub zaproponowa\u0107 temat? Skontaktuj si\u0119 z nami, pisz\u0105c maila na adres: <a href=\"https:\/\/www.onet.pl\/styl-zycia\/plejada\/anna-skura-pokazala-szpitalny-posilek-jestem-w-szoku-ze-to-mowie\/mailto:plejada@redakcjaonet.pl\" id=\"940f557c-ea58-42fc-8cae-888a7d2e89f4\" rel=\"nofollow noopener\" target=\"_blank\">plejada@redakcjaon<\/a><a rel=\"nofollow noopener\" href=\"https:\/\/et.pl\/\" id=\"bc6f7e09-1983-4549-97bc-c951c572edc9\" target=\"_blank\">et.pl<\/a>.<\/p>\n<p><script async src=\"\/\/www.instagram.com\/embed.js\"><\/script><script async src=\"\/\/www.tiktok.com\/embed.js\"><\/script><\/p>\n","protected":false},"excerpt":{"rendered":"Anna Skura na co dzie\u0144 mieszka na Bali, a niedawno wybra\u0142a si\u0119 w podr\u00f3\u017c na Hawaje. W drodze&hellip;\n","protected":false},"author":2,"featured_media":214545,"comment_status":"","ping_status":"","sticky":false,"template":"","format":"standard","meta":{"footnotes":""},"categories":[22],"tags":[40079,122,67,53,52,68,51,55,42,38,40,39,41,123,47,196,5602,50],"class_list":{"0":"post-214544","1":"post","2":"type-post","3":"status-publish","4":"format-standard","5":"has-post-thumbnail","7":"category-rozrywka","8":"tag-anna_skura","9":"tag-entertainment","10":"tag-intextvideo_splayer","11":"tag-new_header","12":"tag-onet3","13":"tag-onet3d","14":"tag-onet3d_2i","15":"tag-phx","16":"tag-pl","17":"tag-poland","18":"tag-polish","19":"tag-polska","20":"tag-polski","21":"tag-rozrywka","22":"tag-screening_general","23":"tag-styl_zycia","24":"tag-szpital","25":"tag-v2021"},"share_on_mastodon":{"url":"https:\/\/pubeurope.com\/@pl\/115926108969885600","error":""},"_links":{"self":[{"href":"https:\/\/www.europesays.com\/pl\/wp-json\/wp\/v2\/posts\/214544","targetHints":{"allow":["GET"]}}],"collection":[{"href":"https:\/\/www.europesays.com\/pl\/wp-json\/wp\/v2\/posts"}],"about":[{"href":"https:\/\/www.europesays.com\/pl\/wp-json\/wp\/v2\/types\/post"}],"author":[{"embeddable":true,"href":"https:\/\/www.europesays.com\/pl\/wp-json\/wp\/v2\/users\/2"}],"replies":[{"embeddable":true,"href":"https:\/\/www.europesays.com\/pl\/wp-json\/wp\/v2\/comments?post=214544"}],"version-history":[{"count":0,"href":"https:\/\/www.europesays.com\/pl\/wp-json\/wp\/v2\/posts\/214544\/revisions"}],"wp:featuredmedia":[{"embeddable":true,"href":"https:\/\/www.europesays.com\/pl\/wp-json\/wp\/v2\/media\/214545"}],"wp:attachment":[{"href":"https:\/\/www.europesays.com\/pl\/wp-json\/wp\/v2\/media?parent=214544"}],"wp:term":[{"taxonomy":"category","embeddable":true,"href":"https:\/\/www.europesays.com\/pl\/wp-json\/wp\/v2\/categories?post=214544"},{"taxonomy":"post_tag","embeddable":true,"href":"https:\/\/www.europesays.com\/pl\/wp-json\/wp\/v2\/tags?post=214544"}],"curies":[{"name":"wp","href":"https:\/\/api.w.org\/{rel}","templated":true}]}}