{"id":214551,"date":"2026-01-20T06:57:08","date_gmt":"2026-01-20T06:57:08","guid":{"rendered":"https:\/\/www.europesays.com\/pl\/214551\/"},"modified":"2026-01-20T06:57:08","modified_gmt":"2026-01-20T06:57:08","slug":"radoslaw-sikorski-reaguje-na-zaproszenie-wladimira-putina-do-rady-pokoju-napisal-jedno-zdanie-onet","status":"publish","type":"post","link":"https:\/\/www.europesays.com\/pl\/214551\/","title":{"rendered":"Rados\u0142aw Sikorski reaguje na zaproszenie W\u0142adimira Putina do Rady Pokoju. Napisa\u0142 jedno zdanie &#8211; Onet"},"content":{"rendered":"<ol>\n<li><a href=\"https:\/\/news.google.com\/rss\/articles\/CBMi0wFBVV95cUxOZXRsdjA1TWFzV01BWmhWdnk1YTJoaWJUSUozTTFiRjlVa1ZFd1QxRjRidkJ4QnVTRG9VWHBiSGJkaVZCTU95VG0wX3NVUTgzNHZoVkRMSEZSaEQ5dGlJaHBlQzduZk90RmsxTGthZmpjVVNaLXdsNkxKNWI1M3RBblFVNmR5M0gxM082LURmUnUtSHpMRWFXWTlOajVuczZ5ZkUtTTE1cnctRWVrTVZEeHNxTVRncUpyYTFwTnFIUjFSSS04NHBPTUFOdnlSZENiM0hV?oc=5\" target=\"_blank\" rel=\"nofollow noopener\">Rados\u0142aw Sikorski reaguje na zaproszenie W\u0142adimira Putina do Rady Pokoju. Napisa\u0142 jedno zdanie<\/a>&nbsp;&nbsp;Onet<\/li>\n<li><a href=\"https:\/\/news.google.com\/rss\/articles\/CBMiogFBVV95cUxPZTdUeU5HZDNlMmFCQi0waFNVRlJyVGs0QkVNVjFNQmVOX19tT09kV3NFQmJrZXJDeG5lS054eS1NakJsMGVwOWhmbUVRTm4xQ0lpMS1NTDFnS2hZRHgycTR5M2tNSURSdk1kTE9GVnBIRmc1Mlc1V3V4cWZOWmlHYU5ERHJSNWlsV1dvRW9CY0xXR2xXOG1wTTk5al9QVG5SQnc?oc=5\" target=\"_blank\" rel=\"nofollow noopener\">Nawrocki zaproszony przez Trumpa do Rady Pokoju. Jest reakcja premiera<\/a>&nbsp;&nbsp;Polska Agencja Prasowa SA<\/li>\n<li><a href=\"https:\/\/news.google.com\/rss\/articles\/CBMiugFBVV95cUxOSlBOT19PWlRYSUxScC1RYXZqOEoxRTJZQm83ZU00a01wVWNFM1NTWThEQlZmV3YwSkRFX2o3al9ZZS1DajlTd0ZISlBqSHZrSXFObzRRUWZxQ2QxZERRUGF4ejNlbXctVnYwaWdBczF0X2VCM0tJZWxSbExSaTF2c05YME93RENRLUFMZlJuaXVRa0tfUXdJeU42Ym5XT0JjbU5sZ1BHMVBPNUdnYTNfYV84RERfXzR4UGc?oc=5\" target=\"_blank\" rel=\"nofollow noopener\">Macron odpowiedzia\u0142 na propozycj\u0119 Trumpa. Francja m\u00f3wi stanowcze &#8222;nie&#8221;<\/a>&nbsp;&nbsp;Wydarzenia w INTERIA.PL<\/li>\n<li><a href=\"https:\/\/news.google.com\/rss\/articles\/CBMimwFBVV95cUxPYV9rNHJlMzhkSmlsUDVNWV82MjBQM3ktc3F4Y3ktWFBEZWtaZ3J1SV9EeTVqU0d0NzgtTVlVcndUMzZXUnFFSzhubGxUWDhybkJYeGxrVUQ5M3FDVzBEc3Rzb3ZySWJWeFhadkNfRTh5M1c4eEdDb1pxRkxqWUtKWnpUbWNubUlBRkxqNm1qdm1lVWZ1T24xcTRUcw?oc=5\" target=\"_blank\" rel=\"nofollow noopener\">Trump chce podpis\u00f3w ju\u017c w czwartek. Co zrobi Nawrocki?<\/a>&nbsp;&nbsp;WP Wiadomo\u015bci<\/li>\n<li><a href=\"https:\/\/news.google.com\/rss\/articles\/CBMimgFBVV95cUxOWlJQUFpBcktwV2JpVi1SdFRkLTJXakxPSUs3a3dESFVnZEtOOW5NWVNUekUwc0NaZ2dIZFhQSlBXZGxaZXFjUm1ELVZVZHMxdU9QendZWkM3QkNqREI1TDV2YXR2a3ZQdVVWNy0yODNyblRSYnRxVHZFNVZydGhKSzFtNXZSMTVxeTBaY2lMeFNreXFuOTB4VjNn?oc=5\" target=\"_blank\" rel=\"nofollow noopener\">Trump potwierdza. Putin otrzyma\u0142 zaproszenie<\/a>&nbsp;&nbsp;TVN24<\/li>\n<\/ol>\n","protected":false},"excerpt":{"rendered":"Rados\u0142aw Sikorski reaguje na zaproszenie W\u0142adimira Putina do Rady Pokoju. Napisa\u0142 jedno zdanie&nbsp;&nbsp;Onet Nawrocki zaproszony przez Trumpa do&hellip;\n","protected":false},"author":2,"featured_media":214552,"comment_status":"","ping_status":"","sticky":false,"template":"","format":"standard","meta":{"footnotes":""},"categories":[5],"tags":[32,33,58,36,37,27,34,35,28,31,53,25,52,68,51,55,42,38,40,39,41,1534,47,1998,88,29,30,65,50,26,418],"class_list":{"0":"post-214551","1":"post","2":"type-post","3":"status-publish","4":"format-standard","5":"has-post-thumbnail","7":"category-naglowki","8":"tag-breaking-news","9":"tag-breakingnews","10":"tag-donald_trump_prezydent_usa","11":"tag-featured-news","12":"tag-featurednews","13":"tag-headlines","14":"tag-latest-news","15":"tag-latestnews","16":"tag-naglowki","17":"tag-najwazniejsze-artykuly","18":"tag-new_header","19":"tag-news","20":"tag-onet3","21":"tag-onet3d","22":"tag-onet3d_2i","23":"tag-phx","24":"tag-pl","25":"tag-poland","26":"tag-polish","27":"tag-polska","28":"tag-polski","29":"tag-radoslaw_sikorski_polityk","30":"tag-screening_general","31":"tag-short_news","32":"tag-strefa_gazy","33":"tag-top-stories","34":"tag-topstories","35":"tag-update_me","36":"tag-v2021","37":"tag-wiadomosci","38":"tag-wladimir_putin_rosyjski_prezydent"},"share_on_mastodon":{"url":"","error":"Validation failed: Text character limit of 500 exceeded"},"_links":{"self":[{"href":"https:\/\/www.europesays.com\/pl\/wp-json\/wp\/v2\/posts\/214551","targetHints":{"allow":["GET"]}}],"collection":[{"href":"https:\/\/www.europesays.com\/pl\/wp-json\/wp\/v2\/posts"}],"about":[{"href":"https:\/\/www.europesays.com\/pl\/wp-json\/wp\/v2\/types\/post"}],"author":[{"embeddable":true,"href":"https:\/\/www.europesays.com\/pl\/wp-json\/wp\/v2\/users\/2"}],"replies":[{"embeddable":true,"href":"https:\/\/www.europesays.com\/pl\/wp-json\/wp\/v2\/comments?post=214551"}],"version-history":[{"count":0,"href":"https:\/\/www.europesays.com\/pl\/wp-json\/wp\/v2\/posts\/214551\/revisions"}],"wp:featuredmedia":[{"embeddable":true,"href":"https:\/\/www.europesays.com\/pl\/wp-json\/wp\/v2\/media\/214552"}],"wp:attachment":[{"href":"https:\/\/www.europesays.com\/pl\/wp-json\/wp\/v2\/media?parent=214551"}],"wp:term":[{"taxonomy":"category","embeddable":true,"href":"https:\/\/www.europesays.com\/pl\/wp-json\/wp\/v2\/categories?post=214551"},{"taxonomy":"post_tag","embeddable":true,"href":"https:\/\/www.europesays.com\/pl\/wp-json\/wp\/v2\/tags?post=214551"}],"curies":[{"name":"wp","href":"https:\/\/api.w.org\/{rel}","templated":true}]}}