{"id":214881,"date":"2026-01-20T10:20:07","date_gmt":"2026-01-20T10:20:07","guid":{"rendered":"https:\/\/www.europesays.com\/pl\/214881\/"},"modified":"2026-01-20T10:20:07","modified_gmt":"2026-01-20T10:20:07","slug":"atak-nozownika-w-lukowie-nowe-informacje-o-zatrzymanym-28-latku","status":"publish","type":"post","link":"https:\/\/www.europesays.com\/pl\/214881\/","title":{"rendered":"Atak no\u017cownika w \u0141ukowie. Nowe informacje o zatrzymanym 28-latku"},"content":{"rendered":"<p class=\"ods-c-paragraph \">Pierwszy atak mia\u0142 miejsce w poniedzia\u0142ek po godz. 18 przy ul. Wyszy\u0144skiego w \u0141ukowie. <a href=\"https:\/\/wiadomosci.onet.pl\/lublin\/nozownik-zaatakowal-dwie-ofiary-w-lukowie-policja-prowadzi-poszukiwania\/0k6t4xx\" id=\"96cb1898-8cf2-41e6-9b68-aeee61e52555\" rel=\"nofollow noopener\" target=\"_blank\">Nastolatek zosta\u0142 niespodziewanie zaatakowany przez nieznanego mu m\u0119\u017cczyzn\u0119, kt\u00f3ry zrani\u0142 go ostrym narz\u0119dziem i uciek\u0142.<\/a> Na miejsce przyjecha\u0142y s\u0142u\u017cby ratunkowe oraz policja. Ranny 16-latek trafi\u0142 do szpitala z obra\u017ceniami uda, jednak jego stan nie zagra\u017ca \u017cyciu.<\/p>\n<p> Kiedy mia\u0142y miejsce ataki no\u017cownika? <\/p>\n<p> Ile os\u00f3b zosta\u0142o rannych w atakach? <\/p>\n<p> Jaki wiek ma zatrzymany no\u017cownik? <\/p>\n<p> Jakie obra\u017cenia odni\u00f3s\u0142 nastolatek? <\/p>\n<p class=\"ods-c-paragraph \">Drugi atak no\u017cownika nast\u0105pi\u0142 oko\u0142o godz. 20 przy ul. Kr\u00f3lik, oddalonej o kilometr od pierwszego miejsca zdarzenia. Tam sprawca zaatakowa\u0142 40-letniego m\u0119\u017cczyzn\u0119, kt\u00f3ry r\u00f3wnie\u017c trafi\u0142 do szpitala. Funkcjonariusze natychmiast rozpocz\u0119li poszukiwania napastnika.<\/p>\n<p>No\u017cownik w r\u0119kach policji<\/p>\n<p class=\"ods-c-paragraph \">We wtorek po godz. 10 asp. szt. Marcin J\u00f3zwik z Komendy Powiatowej Policji w \u0141ukowie poinformowa\u0142 w rozmowie z Polsat News, \u017ce no\u017cownik zosta\u0142 zatrzymany.<\/p>\n<p class=\"ods-c-paragraph \">\u2014 To 28-letni mieszkaniec \u0141ukowa. Personalia tego m\u0119\u017cczyzny zosta\u0142y ustalone w oparciu o poczynione przez nas dzia\u0142ania. Pokrzywdzony nastolatek przekaza\u0142 nam rysopis tego m\u0119\u017cczyzny, tak \u017ce wiedzieli\u015bmy, kogo szukamy \u2014 przekaza\u0142 mundurowy.<\/p>\n<p class=\"ods-c-paragraph \">Potwierdzi\u0142, \u017ce m\u0119\u017cczyzna by\u0142 ju\u017c wcze\u015bniej karany. \u2014 W przesz\u0142o\u015bci wchodzi\u0142 w konflikt z prawem. Zosta\u0142 zatrzymany poza \u0141ukowem \u2014 ujawni\u0142 J\u00f3zwik.<\/p>\n","protected":false},"excerpt":{"rendered":"Pierwszy atak mia\u0142 miejsce w poniedzia\u0142ek po godz. 18 przy ul. Wyszy\u0144skiego w \u0141ukowie. Nastolatek zosta\u0142 niespodziewanie zaatakowany&hellip;\n","protected":false},"author":2,"featured_media":7849,"comment_status":"","ping_status":"","sticky":false,"template":"","format":"standard","meta":{"footnotes":""},"categories":[5],"tags":[7985,32,33,36,37,27,34,35,1081,28,31,48,25,8342,46,42,38,414,40,39,41,47,29,30,26],"class_list":{"0":"post-214881","1":"post","2":"type-post","3":"status-publish","4":"format-standard","5":"has-post-thumbnail","7":"category-naglowki","8":"tag-atak_nozownika","9":"tag-breaking-news","10":"tag-breakingnews","11":"tag-featured-news","12":"tag-featurednews","13":"tag-headlines","14":"tag-latest-news","15":"tag-latestnews","16":"tag-lublin","17":"tag-naglowki","18":"tag-najwazniejsze-artykuly","19":"tag-nat_styl","20":"tag-news","21":"tag-nozownik","22":"tag-omp","23":"tag-pl","24":"tag-poland","25":"tag-policja","26":"tag-polish","27":"tag-polska","28":"tag-polski","29":"tag-screening_general","30":"tag-top-stories","31":"tag-topstories","32":"tag-wiadomosci"},"share_on_mastodon":{"url":"https:\/\/pubeurope.com\/@pl\/115926926814965067","error":""},"_links":{"self":[{"href":"https:\/\/www.europesays.com\/pl\/wp-json\/wp\/v2\/posts\/214881","targetHints":{"allow":["GET"]}}],"collection":[{"href":"https:\/\/www.europesays.com\/pl\/wp-json\/wp\/v2\/posts"}],"about":[{"href":"https:\/\/www.europesays.com\/pl\/wp-json\/wp\/v2\/types\/post"}],"author":[{"embeddable":true,"href":"https:\/\/www.europesays.com\/pl\/wp-json\/wp\/v2\/users\/2"}],"replies":[{"embeddable":true,"href":"https:\/\/www.europesays.com\/pl\/wp-json\/wp\/v2\/comments?post=214881"}],"version-history":[{"count":0,"href":"https:\/\/www.europesays.com\/pl\/wp-json\/wp\/v2\/posts\/214881\/revisions"}],"wp:featuredmedia":[{"embeddable":true,"href":"https:\/\/www.europesays.com\/pl\/wp-json\/wp\/v2\/media\/7849"}],"wp:attachment":[{"href":"https:\/\/www.europesays.com\/pl\/wp-json\/wp\/v2\/media?parent=214881"}],"wp:term":[{"taxonomy":"category","embeddable":true,"href":"https:\/\/www.europesays.com\/pl\/wp-json\/wp\/v2\/categories?post=214881"},{"taxonomy":"post_tag","embeddable":true,"href":"https:\/\/www.europesays.com\/pl\/wp-json\/wp\/v2\/tags?post=214881"}],"curies":[{"name":"wp","href":"https:\/\/api.w.org\/{rel}","templated":true}]}}