{"id":215026,"date":"2026-01-20T11:49:08","date_gmt":"2026-01-20T11:49:08","guid":{"rendered":"https:\/\/www.europesays.com\/pl\/215026\/"},"modified":"2026-01-20T11:49:08","modified_gmt":"2026-01-20T11:49:08","slug":"francja-reaguje-na-grozby-trumpa-w-sprawie-200-procentowych-cel-jasne-stanowisko-onet","status":"publish","type":"post","link":"https:\/\/www.europesays.com\/pl\/215026\/","title":{"rendered":"Francja reaguje na gro\u017aby Trumpa w sprawie 200-procentowych ce\u0142. Jasne stanowisko &#8211; Onet"},"content":{"rendered":"<ol>\n<li><a href=\"https:\/\/news.google.com\/rss\/articles\/CBMi2gFBVV95cUxPQlltbFppSHd2MnRQVWRLdVZsbG1JRmdkaUgybm1hOGpvQUk0R1pvWUlQQzE5T2kzZzVnbHR0S0hUOTZBY2hVSV9RY011LVdFcW5mYXhqRG5BcFRSVWpVcm10QzBFZkFhMFBXQVkyYVVjelQ5aHpiUXh5SUNza1NGdWI5RU9FMHh2NklTYzZvb0NaN2pKbXBwUU1QNkZTVUt2U2FHWGdaMDNnZGVYODg1SDI0V3pGdTFJVE9LQmI0R1Zsay1KT3NQNTB5Y2hnU0FGY1NyMmRfVjdsZw?oc=5\" target=\"_blank\" rel=\"nofollow noopener\">Francja reaguje na gro\u017aby Trumpa w sprawie 200-procentowych ce\u0142. Jasne stanowisko<\/a>&nbsp;&nbsp;Onet<\/li>\n<li><a href=\"https:\/\/news.google.com\/rss\/articles\/CBMivAFBVV95cUxNWkowaUNLb1dYYThabnNEak9aWmpzMEVfRFMyZjNaLUF6TnBRU2lkQXB1VlM1V1gzLWJmM0NCWVVndTk3b0xjVk1rU0tDTjVFS3NXeTAyQjdDNmRXMzFkc1FrV3JZc1ROUjBtQk92cGZTRENtdTIxcS1rRlhRS1BLR1pnclJESjhwNDlzRV83MUVRdndiOGhPd2VmOEMtUTd0aENOQS1taFYyOENTXzI2c0I2SW40RTM2YkFubg?oc=5\" target=\"_blank\" rel=\"nofollow noopener\">200 proc. c\u0142a na wina i szampany? Francja odpowiada na gro\u017aby Trumpa.<\/a>&nbsp;&nbsp;Gazeta<\/li>\n<li><a href=\"https:\/\/news.google.com\/rss\/articles\/CBMitgFBVV95cUxPVUNoUjhqZ1NBX1dOa3o3Vjh3QktPV2oySFNMT254allWMGVQeVdBV0JHeXA2ZExnRDRnRjU0YnZ1T0FFX3BvcU8wVFhVZ043bDJwVDBPTHlTWHpQeVR3aDVjZjc3Z2hTeDh1THA5ZTNDZi1ZaXozVkNGSGNJZVZRc01BdWVrMmQtMVBHXzVhX1pZUDNfYXRxWV8yTTVrekxRWDRQbDBwSFNORlF6eUtSd2owbERoQQ?oc=5\" target=\"_blank\" rel=\"nofollow noopener\">Wo\u0142odymyr Ze\u0142enski odrzuci zaproszenie Donalda Trumpa? &#8222;Propozycja nierealna&#8221;<\/a>&nbsp;&nbsp;Onet Wiadomo\u015bci<\/li>\n<li><a href=\"https:\/\/news.google.com\/rss\/articles\/CBMirAFBVV95cUxQZnBOMTJ0UVBJaFJ2WmtUMHo0OXVSMmlzS21QWDNMUVVPOVpDT3gzOXpSYy1RUTdyTTlXYXJyeHJUSXRjMWlucEhWQVRQbUpzbTBYYUdqUm9sYXBuRzh1blYzWlRfWm4yQVIxR2I4VHcwVFdTVmcxdmxNV1c3VzdaOHZNSHZ5OWw1Tzlib2p4Z0NCT1kyU2JSQ2hwNnNpTVVJOHJzYjZNZEdOd0VN?oc=5\" target=\"_blank\" rel=\"nofollow noopener\">Donald Trump kontra Francja. &#8222;Na\u0142o\u017c\u0119 200 proc. c\u0142o&#8221;<\/a>&nbsp;&nbsp;Business Insider Polska<\/li>\n<li><a href=\"https:\/\/news.google.com\/rss\/articles\/CBMipAFBVV95cUxPNFBpZnVMUWhrWFBvWXJVM0IybGhTSHJOZWFDUWRRWG5zZVF3MHRfYmp1SVNLbGo2MUZfMDhlX2NNeW9BRms5Um9lOGdQemhMallZd0wwMzNFMGczYmJpVmtOQjN4LU1nMHZCNzhjXzBjMHBHUkhYV3ZHZ0VVb3Z6V1M3aTBLcGszTm9vbzNySF9iSWxpOE5QbEhVMFZfdkNoLWJpYQ?oc=5\" target=\"_blank\" rel=\"nofollow noopener\">Dyplomata ma plan dla prezydenta Nawrockiego. Chodzi o Rad\u0119 Pokoju<\/a>&nbsp;&nbsp;Fakt<\/li>\n<\/ol>\n","protected":false},"excerpt":{"rendered":"Francja reaguje na gro\u017aby Trumpa w sprawie 200-procentowych ce\u0142. Jasne stanowisko&nbsp;&nbsp;Onet 200 proc. c\u0142a na wina i szampany?&hellip;\n","protected":false},"author":2,"featured_media":215027,"comment_status":"","ping_status":"","sticky":false,"template":"","format":"standard","meta":{"footnotes":""},"categories":[14],"tags":[32,33,63,58,339,1670,27,34,35,28,31,53,25,52,68,51,55,40,41,40547,47,1998,59,80,29,30,65,50,26,82,83,84],"class_list":{"0":"post-215026","1":"post","2":"type-post","3":"status-publish","4":"format-standard","5":"has-post-thumbnail","7":"category-swiat","8":"tag-breaking-news","9":"tag-breakingnews","10":"tag-cla","11":"tag-donald_trump_prezydent_usa","12":"tag-emmanuel_macron_francuski_prezydent","13":"tag-francja_francuz_francuzka_francuzi","14":"tag-headlines","15":"tag-latest-news","16":"tag-latestnews","17":"tag-naglowki","18":"tag-najwazniejsze-artykuly","19":"tag-new_header","20":"tag-news","21":"tag-onet3","22":"tag-onet3d","23":"tag-onet3d_2i","24":"tag-phx","25":"tag-polish","26":"tag-polski","27":"tag-rada_pokoju","28":"tag-screening_general","29":"tag-short_news","30":"tag-stany_zjednoczone_usa","31":"tag-swiat","32":"tag-top-stories","33":"tag-topstories","34":"tag-update_me","35":"tag-v2021","36":"tag-wiadomosci","37":"tag-world","38":"tag-world-news","39":"tag-worldnews"},"share_on_mastodon":{"url":"","error":"Validation failed: Text character limit of 500 exceeded"},"_links":{"self":[{"href":"https:\/\/www.europesays.com\/pl\/wp-json\/wp\/v2\/posts\/215026","targetHints":{"allow":["GET"]}}],"collection":[{"href":"https:\/\/www.europesays.com\/pl\/wp-json\/wp\/v2\/posts"}],"about":[{"href":"https:\/\/www.europesays.com\/pl\/wp-json\/wp\/v2\/types\/post"}],"author":[{"embeddable":true,"href":"https:\/\/www.europesays.com\/pl\/wp-json\/wp\/v2\/users\/2"}],"replies":[{"embeddable":true,"href":"https:\/\/www.europesays.com\/pl\/wp-json\/wp\/v2\/comments?post=215026"}],"version-history":[{"count":0,"href":"https:\/\/www.europesays.com\/pl\/wp-json\/wp\/v2\/posts\/215026\/revisions"}],"wp:featuredmedia":[{"embeddable":true,"href":"https:\/\/www.europesays.com\/pl\/wp-json\/wp\/v2\/media\/215027"}],"wp:attachment":[{"href":"https:\/\/www.europesays.com\/pl\/wp-json\/wp\/v2\/media?parent=215026"}],"wp:term":[{"taxonomy":"category","embeddable":true,"href":"https:\/\/www.europesays.com\/pl\/wp-json\/wp\/v2\/categories?post=215026"},{"taxonomy":"post_tag","embeddable":true,"href":"https:\/\/www.europesays.com\/pl\/wp-json\/wp\/v2\/tags?post=215026"}],"curies":[{"name":"wp","href":"https:\/\/api.w.org\/{rel}","templated":true}]}}