{"id":215030,"date":"2026-01-20T11:51:08","date_gmt":"2026-01-20T11:51:08","guid":{"rendered":"https:\/\/www.europesays.com\/pl\/215030\/"},"modified":"2026-01-20T11:51:08","modified_gmt":"2026-01-20T11:51:08","slug":"nie-zyje-roman-janik-jeszcze-w-piatek-gral-mecz","status":"publish","type":"post","link":"https:\/\/www.europesays.com\/pl\/215030\/","title":{"rendered":"Nie \u017cyje Roman Janik. Jeszcze w pi\u0105tek gra\u0142 mecz"},"content":{"rendered":"\n<p class=\"contentpart contentpart--default contentpart--text\" data-position=\"0\">&#8222;Z  ogromnym smutkiem informujemy o \u015bmierci Romka Janika. To niezwykle  trudny moment dla ca\u0142ego klubu, dru\u017cyny oraz wszystkich, kt\u00f3rzy mieli  okazj\u0119 go pozna\u0107, na boisku i poza nim&#8221; &#8211; poinformowali przedstawiciele\u00a0<a href=\"https:\/\/sportowefakty.wp.pl\/koszykowka\/ubry-bialystok\" rel=\"nofollow noopener\" target=\"_blank\">\u017bubr\u00f3w Abakus Okna Bia\u0142ystok<\/a>.<\/p>\n<p class=\"contentpart contentpart--default contentpart--text\" data-position=\"1\">Do beniaminka\u00a0<a href=\"https:\/\/sportowefakty.wp.pl\/koszykowka\/i-liga\" rel=\"nofollow noopener\" target=\"_blank\">Pekao S.A. 1 Liga M\u0119\u017cczyzn<\/a>\u00a0<a href=\"https:\/\/sportowefakty.wp.pl\/koszykowka\/roman-janik\" rel=\"nofollow noopener\" target=\"_blank\">Roman Janik<\/a>\u00a0trafi\u0142 przed rozpocz\u0119ciem obecnego sezonu. Wcze\u015bniej reprezentowa\u0142 barwy takich klub\u00f3w, jak MKS Znicz Basket Pruszk\u00f3w, MUKS Hutnik Warszawa, SKK Siedlce, Decka Pelplin, Miasta Szk\u0142a Krosna czy rezerw \u015al\u0105ska Wroc\u0142aw.<\/p>\n<p>  <img decoding=\"async\" src=\"https:\/\/v.wpimg.pl\/X3dwLnN2d1IFFTpdYUl6R0ZNbgcnEHQREVV2TGEGbUtRT2MdOlZ2RBQUKABgQjQcDRotCStBd1IAAWMeIlM7VgwYIAorQAdEFFk_GCkQJQ\" alt=\"\" width=\"45\" height=\"58\" loading=\"lazy\"\/>  <\/p>\n<p class=\"contentpart contentpart--default contentpart--text\" data-position=\"2\">&#8222;Odszed\u0142 Roman Janik, nasz by\u0142y zawodnik, kt\u00f3ry w sezonie 2021\/2022 z dum\u0105 reprezentowa\u0142 barwy Miasta Szk\u0142a Krosno. Rodzinie i bliskim sk\u0142adamy najszczersze wyrazy wsp\u00f3\u0142czucia. Spoczywaj w pokoju. Na zawsze pozostaniesz cz\u0119\u015bci\u0105 naszej koszykarskiej rodziny&#8221; &#8211; napisano na profilu klubu z Krosna.<\/p>\n<p class=\"contentpart contentpart--default contentpart--text\" data-position=\"3\">&#8222;Romek  na zawsze pozostanie w naszej pami\u0119ci jako osoba pe\u0142na pasji,  zaanga\u017cowania i serca do koszyk\u00f3wki. Jego obecno\u015b\u0107 mia\u0142a znaczenie nie  tylko sportowe, ale przede wszystkim ludzkie&#8221; &#8211; taki z kolei wpis o zmar\u0142ym pojawi\u0142 si\u0119 na profilu bia\u0142ostockiego klubu.<\/p>\n<p class=\"contentpart contentpart--default contentpart--text\" data-position=\"4\">&#8222;W  tych bolesnych chwilach sk\u0142adamy najszczersze wyrazy wsp\u00f3\u0142czucia oraz  wsparcia Rodzinie i Najbli\u017cszym Romka. Jeste\u015bmy z Wami my\u015blami i sercem&#8221; &#8211; dodano.<\/p>\n<p class=\"contentpart contentpart--default contentpart--text\" data-position=\"5\">Pod postem \u017bubr\u00f3w pojawi\u0142o si\u0119 mn\u00f3stwo komentarzy. &#8222;Niewyobra\u017calna strata, nie mam s\u0142\u00f3w kt\u00f3re by to opisa\u0142y&#8221;, &#8222;Wyrazy wsp\u00f3\u0142czucia, odszed\u0142 go\u015b\u0107 z wielkim serduchem&#8221;, &#8222;Ci\u0119\u017cko przyj\u0105\u0107 do wiadomo\u015bci&#8230; ogromny smutek i \u017cal. Cz\u0142owiek ogromnej pasji&#8221; &#8211; mo\u017cna przeczyta\u0107.<\/p>\n<p>  <img decoding=\"async\" src=\"https:\/\/v.wpimg.pl\/X3dwLnN2d1IFFTpdYUl6R0ZNbgcnEHQREVV2TGEGbUtRT2MdOlZ2RBQUKABgQjQcDRotCStBd1IAAWMeIlM7VgwYIAorQAdEFFk_GCkQJQ\" alt=\"\" width=\"45\" height=\"58\" loading=\"lazy\"\/>  <\/p>\n<p class=\"contentpart contentpart--default contentpart--text\" data-position=\"6\">Zareagowa\u0142y r\u00f3wnie\u017c kluby z ca\u0142ej Polski, jak\u00a0<a href=\"https:\/\/sportowefakty.wp.pl\/koszykowka\/weegree-azs-politechnika-opolska\" rel=\"nofollow noopener\" target=\"_blank\">Weegree AZS Politechniki Opolska<\/a>,\u00a0<a href=\"https:\/\/sportowefakty.wp.pl\/koszykowka\/polski-cukier-torun\" rel=\"nofollow noopener\" target=\"_blank\">Arriva Lotto Twarde Pierniki Toru\u0144<\/a> czy\u00a0<a href=\"https:\/\/sportowefakty.wp.pl\/koszykowka\/arka-gdynia\" rel=\"nofollow noopener\" target=\"_blank\">AMW Arka Gdynia<\/a>.<\/p>\n<p class=\"contentpart contentpart--default contentpart--text\" data-position=\"7\">Jeszcze w pi\u0105tek (16 stycznia) Janik wyst\u0105pi\u0142 w meczu \u017bubr\u00f3w Abakus Okna z Novimex Polonia 1912 Leszno, w kt\u00f3rym zaliczy\u0142 7 punkt\u00f3w i cztery zbi\u00f3rki&#8230;<\/p>\n<p class=\"contentpart contentpart--default contentpart--text\" data-position=\"8\">5 lutego Roman Janik obchodzi\u0142by swoje 31 urodziny, a ju\u017c w \u015brod\u0119 (21 stycznia) mia\u0142 z \u017bubrami Abakus Okna stoczy\u0107 kolejny pojedynek o ligowe punkty. Ju\u017c wiadomo, \u017ce starcie z KKS Poloni\u0105 Warszawa zosta\u0142o prze\u0142o\u017cone.<\/p>\n","protected":false},"excerpt":{"rendered":"&#8222;Z ogromnym smutkiem informujemy o \u015bmierci Romka Janika. To niezwykle trudny moment dla ca\u0142ego klubu, dru\u017cyny oraz wszystkich,&hellip;\n","protected":false},"author":2,"featured_media":215031,"comment_status":"","ping_status":"","sticky":false,"template":"","format":"standard","meta":{"footnotes":"","_share_on_mastodon":"0"},"categories":[5],"tags":[2151,32,33,36,37,27,2449,34,35,28,31,25,39618,42,38,40,39,41,3831,40555,29,30,26,40554],"class_list":["post-215030","post","type-post","status-publish","format-standard","has-post-thumbnail","category-naglowki","tag-bialystok","tag-breaking-news","tag-breakingnews","tag-featured-news","tag-featurednews","tag-headlines","tag-koszykowka","tag-latest-news","tag-latestnews","tag-naglowki","tag-najwazniejsze-artykuly","tag-news","tag-pekao-s-a-1-liga-mezczyzn","tag-pl","tag-poland","tag-polish","tag-polska","tag-polski","tag-pozostale-rozgrywki","tag-roman-janik","tag-top-stories","tag-topstories","tag-wiadomosci","tag-zubry-bialystok"],"share_on_mastodon":{"url":"https:\/\/pubeurope.com\/@pl\/115927284829920221","error":""},"_links":{"self":[{"href":"https:\/\/www.europesays.com\/pl\/wp-json\/wp\/v2\/posts\/215030","targetHints":{"allow":["GET"]}}],"collection":[{"href":"https:\/\/www.europesays.com\/pl\/wp-json\/wp\/v2\/posts"}],"about":[{"href":"https:\/\/www.europesays.com\/pl\/wp-json\/wp\/v2\/types\/post"}],"author":[{"embeddable":true,"href":"https:\/\/www.europesays.com\/pl\/wp-json\/wp\/v2\/users\/2"}],"replies":[{"embeddable":true,"href":"https:\/\/www.europesays.com\/pl\/wp-json\/wp\/v2\/comments?post=215030"}],"version-history":[{"count":0,"href":"https:\/\/www.europesays.com\/pl\/wp-json\/wp\/v2\/posts\/215030\/revisions"}],"wp:featuredmedia":[{"embeddable":true,"href":"https:\/\/www.europesays.com\/pl\/wp-json\/wp\/v2\/media\/215031"}],"wp:attachment":[{"href":"https:\/\/www.europesays.com\/pl\/wp-json\/wp\/v2\/media?parent=215030"}],"wp:term":[{"taxonomy":"category","embeddable":true,"href":"https:\/\/www.europesays.com\/pl\/wp-json\/wp\/v2\/categories?post=215030"},{"taxonomy":"post_tag","embeddable":true,"href":"https:\/\/www.europesays.com\/pl\/wp-json\/wp\/v2\/tags?post=215030"}],"curies":[{"name":"wp","href":"https:\/\/api.w.org\/{rel}","templated":true}]}}