{"id":215350,"date":"2026-01-20T14:45:06","date_gmt":"2026-01-20T14:45:06","guid":{"rendered":"https:\/\/www.europesays.com\/pl\/215350\/"},"modified":"2026-01-20T14:45:06","modified_gmt":"2026-01-20T14:45:06","slug":"tragiczny-wypadek-w-warszawie-kierowcy-uslyszeli-zarzuty-onet-2","status":"publish","type":"post","link":"https:\/\/www.europesays.com\/pl\/215350\/","title":{"rendered":"Tragiczny wypadek w Warszawie. Kierowcy us\u0142yszeli zarzuty &#8211; Onet"},"content":{"rendered":"<ol>\n<li><a href=\"https:\/\/news.google.com\/rss\/articles\/CBMivgFBVV95cUxPZG5QcnVuMEVrdmYwTl9XdTR4NVpfZTQ3MnFHcGdUNGFoeFU3UkZ6VFBDc0RpMEZUTTdBSzFnaEgzR3Rta1ZMam5TMVVuZUJud2NWcEtVcjFNdXBwVFgwM1VUOGZHamtMMHpZUnVncE03RlhRRV8yZGFZQnJEMzE2YkpGNEpETFUyOHZtTTJHVG5yZG9QTVJOSGFRZzFiT0hBT1JLRUpDZVNQUEpLU2hPTXpiWWpCM3FUcTkyTUZ3?oc=5\" target=\"_blank\" rel=\"nofollow noopener\">Tragiczny wypadek w Warszawie. Kierowcy us\u0142yszeli zarzuty<\/a>&nbsp;&nbsp;Onet<\/li>\n<li><a href=\"https:\/\/news.google.com\/rss\/articles\/CBMikwFBVV95cUxPSG04SVRJTUQtVF92Yl9Jd0Z4bUtIN0dHOG5pZDBKbVMtN1Nnb01rZThrSUVweDg2UFpoMnh0cUtDc1VmWEhuOHlXb2tFSDdqUXR2Q01qaWNDLWxMRVE2b1ZlUmpBaExabEliN2FGQWZNeE91dXl6TC1ORTJ4MENJYmFPbHF6eGtyTEpFUjFGUXpCQ2M?oc=5\" target=\"_blank\" rel=\"nofollow noopener\">6-latek nie \u017cyje. Obaj kierowcy us\u0142ysz\u0105 zarzuty<\/a>&nbsp;&nbsp;WP Wiadomo\u015bci<\/li>\n<li><a href=\"https:\/\/news.google.com\/rss\/articles\/CBMirAFBVV95cUxPUUdON0NqbGdpa19icEgyZ1pCTEUxWmxSSXRabGVfV05IeDI1M3A2RmctazllNUVrOFhiWVppWlBnMVoxTFVxek9CMkgxNVJUT3JuMGF6QUp6UlB6Wm52bC05MFlBUkZoWGtMUWN2ekNPR0Q2WnpRVHMtazJaRkVTd2RfTDVhaC1tNHp3bTVHc3NRdDBnMWFkYVBNWmxpZnJTOFZ1R29Qd25vY1BQ?oc=5\" target=\"_blank\" rel=\"nofollow noopener\">Wypadek na ul. Grochowskiej. Jest ruch prokuratury<\/a>&nbsp;&nbsp;Wydarzenia w INTERIA.PL<\/li>\n<li><a href=\"https:\/\/news.google.com\/rss\/articles\/CBMi3gFBVV95cUxNMUtVNlBMVW5ZTFQzMVBCN2U3RDJxWjB1ZjMtR094V1FCZ0xjZ08xcV9DZHZwQXZtaVY1LXB3UWEyRWdyam1YZ2VtU1l5SzBEX21YUDR2eWl2el9PRXZHNWZwc2k5QVlNWG13Si1tUDU1ZnRwNGlUNUV5MkNKTklEMEJwODd2ZGtwM1RoMjJ5YUtOSW1MMjRkVWJqWkpPdHVnOVVpQ3dZSWhQTkNGNGlUTXc2RDZuWmtKZERrckZzTU1abDhHQUpKWVZqRnAwTVRRNlU3MkVieGtVRDJ4Q1E?oc=5\" target=\"_blank\" rel=\"nofollow noopener\">Po zderzeniu auto wpad\u0142o na przej\u015bcie dla pieszych i dachowa\u0142o. W szpitalu zmar\u0142 pi\u0119ciolatek<\/a>&nbsp;&nbsp;TVN24<\/li>\n<li><a href=\"https:\/\/news.google.com\/rss\/articles\/CBMisgFBVV95cUxNREVtQndTOGRDRkdDdVU4V3Y0eHRhaTcwdlRlenplOVloVGJkNE1lcVhnZU1CZDk5T1lHRjFmRlpxY19BUmNMQkJrNExjTXNlVmtnRy1UNXdrc3FTdDdyVDI1VWlCZUdGYlhXbm9hMEU2TzFMa2E4WmFtcE83S1ZNX1J3N05HZmVKXzhYR05EeEtnS3NNb1RqelFqMEIxVy1EZkVoQ3JwekFvaVpsT09mc2Vn?oc=5\" target=\"_blank\" rel=\"nofollow noopener\">To on zgin\u0105\u0142 w Warszawie. Postawili zdj\u0119cie 6-latka. &#8222;Anio\u0142ek&#8221;<\/a>&nbsp;&nbsp;Kryminalne o2<\/li>\n<\/ol>\n","protected":false},"excerpt":{"rendered":"Tragiczny wypadek w Warszawie. Kierowcy us\u0142yszeli zarzuty&nbsp;&nbsp;Onet 6-latek nie \u017cyje. Obaj kierowcy us\u0142ysz\u0105 zarzuty&nbsp;&nbsp;WP Wiadomo\u015bci Wypadek na ul.&hellip;\n","protected":false},"author":2,"featured_media":215232,"comment_status":"","ping_status":"","sticky":false,"template":"","format":"standard","meta":{"footnotes":""},"categories":[12],"tags":[32,33,36,37,27,34,35,28,31,53,25,52,68,51,55,42,38,40,39,41,349,5652,47,29,30,65,50,26,2588,604],"class_list":{"0":"post-215350","1":"post","2":"type-post","3":"status-publish","4":"format-standard","5":"has-post-thumbnail","7":"category-polska","8":"tag-breaking-news","9":"tag-breakingnews","10":"tag-featured-news","11":"tag-featurednews","12":"tag-headlines","13":"tag-latest-news","14":"tag-latestnews","15":"tag-naglowki","16":"tag-najwazniejsze-artykuly","17":"tag-new_header","18":"tag-news","19":"tag-onet3","20":"tag-onet3d","21":"tag-onet3d_2i","22":"tag-phx","23":"tag-pl","24":"tag-poland","25":"tag-polish","26":"tag-polska","27":"tag-polski","28":"tag-prokuratura_prokurator_prokuratorzy","29":"tag-samochody_samochod_osobowy_ciezarowy_auto_auta_prawo_jazdy_kodeks_drogowy","30":"tag-screening_general","31":"tag-top-stories","32":"tag-topstories","33":"tag-update_me","34":"tag-v2021","35":"tag-wiadomosci","36":"tag-wypadek","37":"tag-zarzuty"},"share_on_mastodon":{"url":"https:\/\/pubeurope.com\/@pl\/115927969068375598","error":""},"_links":{"self":[{"href":"https:\/\/www.europesays.com\/pl\/wp-json\/wp\/v2\/posts\/215350","targetHints":{"allow":["GET"]}}],"collection":[{"href":"https:\/\/www.europesays.com\/pl\/wp-json\/wp\/v2\/posts"}],"about":[{"href":"https:\/\/www.europesays.com\/pl\/wp-json\/wp\/v2\/types\/post"}],"author":[{"embeddable":true,"href":"https:\/\/www.europesays.com\/pl\/wp-json\/wp\/v2\/users\/2"}],"replies":[{"embeddable":true,"href":"https:\/\/www.europesays.com\/pl\/wp-json\/wp\/v2\/comments?post=215350"}],"version-history":[{"count":0,"href":"https:\/\/www.europesays.com\/pl\/wp-json\/wp\/v2\/posts\/215350\/revisions"}],"wp:featuredmedia":[{"embeddable":true,"href":"https:\/\/www.europesays.com\/pl\/wp-json\/wp\/v2\/media\/215232"}],"wp:attachment":[{"href":"https:\/\/www.europesays.com\/pl\/wp-json\/wp\/v2\/media?parent=215350"}],"wp:term":[{"taxonomy":"category","embeddable":true,"href":"https:\/\/www.europesays.com\/pl\/wp-json\/wp\/v2\/categories?post=215350"},{"taxonomy":"post_tag","embeddable":true,"href":"https:\/\/www.europesays.com\/pl\/wp-json\/wp\/v2\/tags?post=215350"}],"curies":[{"name":"wp","href":"https:\/\/api.w.org\/{rel}","templated":true}]}}