{"id":215414,"date":"2026-01-20T15:23:08","date_gmt":"2026-01-20T15:23:08","guid":{"rendered":"https:\/\/www.europesays.com\/pl\/215414\/"},"modified":"2026-01-20T15:23:08","modified_gmt":"2026-01-20T15:23:08","slug":"tomasz-szczepanik-zakupil-apartament-na-teneryfie-tak-wyglada-130-metrowy-dom-2","status":"publish","type":"post","link":"https:\/\/www.europesays.com\/pl\/215414\/","title":{"rendered":"Tomasz Szczepanik zakupi\u0142 apartament na Teneryfie. Tak wygl\u0105da 130-metrowy dom"},"content":{"rendered":"<p class=\"ods-c-paragraph \"><a href=\"https:\/\/plejada.pl\/temat\/tomasz-szczepanik\/6cz6mvz\" id=\"aebbbd49-4626-44e0-9e5d-b9613666774c\" rel=\"nofollow noopener\" target=\"_blank\">Tomasz Szczepanik<\/a> znany z zespo\u0142u Pectus od lat stara si\u0119 \u0142\u0105czy\u0107 \u017cycie zawodowe z rodzinnym. Razem z \u017con\u0105 Monik\u0105 Paprock\u0105-Szczepanik, kt\u00f3ra pe\u0142ni tak\u017ce rol\u0119 mened\u017cerki zespo\u0142u, wychowuje syna Stanis\u0142awa oraz dwoje dzieci z wcze\u015bniejszego zwi\u0105zku \u017cony. Od lat jednym z ich ulubionych kierunk\u00f3w podr\u00f3\u017cy s\u0105 Wyspy Kanaryjskie, gdzie postanowili zainwestowa\u0107 w nieruchomo\u015b\u0107.<\/p>\n<p> Dalszy ci\u0105g artyku\u0142u pod materia\u0142em wideo    <\/p>\n<p> Ile metr\u00f3w ma apartament Tomasza Szczepanika? <\/p>\n<p> Jakie pomieszczenia znajduj\u0105 si\u0119 w apartamencie? <\/p>\n<p> Dlaczego Szczepaniki postanowili kupi\u0107 nowy apartament? <\/p>\n<p> Czy apartament jest wynajmowany dla turyst\u00f3w? <\/p>\n<p>  Tak mieszka na Teneryfie Szczepanik. Zakupi\u0142 130-metrowy apartament<\/p>\n<p class=\"ods-c-paragraph \">Rodzina Szczepanik\u00f3w po raz pierwszy kupi\u0142a mieszkanie na Teneryfie osiem lat temu. Jednak w 2024 r. zdecydowali si\u0119 na zmian\u0119 i nabyli wi\u0119kszy apartament, po\u0142o\u017cony w pobli\u017cu dotychczasowego lokum. &#8222;Na t\u0119 zmian\u0119 wp\u0142yw mia\u0142a pandemia, podczas kt\u00f3rej sp\u0119dzili\u015bmy tam po raz pierwszy wi\u0119cej czasu i jeszcze bardziej przekonali\u015bmy si\u0119 do tego miejsca. Pandemia pokaza\u0142a, \u017ce mo\u017cna pracowa\u0107 nawet z daleka. Nie wykluczamy, \u017ce jak dzieci dorosn\u0105, to si\u0119 tam przeprowadzimy&#8221; \u2014 m\u00f3wi\u0142a Monika Paprocka-Szczepanik w 2024 r. w rozmowie z &#8222;Faktem&#8221;.<\/p>\n<blockquote class=\"ods-o-quota\">\n<p class=\"ods-o-quota__paragraph\">To pi\u0119kny apartament, ma 130 metr\u00f3w, jest kuchnia, salon, dwie sypialnie, \u0142azienki, a jego atutem jest ogromny taras, kt\u00f3ry zawsze mi si\u0119 marzy\u0142. Ma 60 metr\u00f3w i jest na nim prywatny basen i grill. Poniewa\u017c my tylko tam bywamy, my\u015blimy te\u017c o jego wynajmowaniu, by na siebie zarabia\u0142<\/p>\n<\/blockquote>\n<p class=\"ods-c-paragraph \">\u2014 opowiada\u0142a \u017cona muzyka.<\/p>\n<p class=\"ods-c-paragraph \">Nowy dom rodziny znajduje si\u0119 w atrakcyjnej cz\u0119\u015bci Teneryfy, niedaleko pla\u017cy i popularnych miejsc wypoczynkowych. Z okolicy rozpo\u015bcieraj\u0105 si\u0119 widoki na ocean oraz wulkan Teide, a w pobli\u017cu mie\u015bci si\u0119 tak\u017ce jeden z najwi\u0119kszych park\u00f3w wodnych na \u015bwiecie \u2014 Siam Park. Wn\u0119trza apartamentu utrzymano w jasnej, nowoczesnej stylistyce z elementami \u015br\u00f3dziemnomorskiego wystroju. Dominuj\u0105 biele, naturalne drewno i proste formy, co nadaje przestrzeni lekko\u015bci. Du\u017ce przeszklenia oraz przestronny taras z prywatnym basenem i stref\u0105 wypoczynkow\u0105 podkre\u015blaj\u0105 wakacyjny charakter rezydencji.<\/p>\n<p class=\"ods-c-paragraph \">Dzi\u0119kujemy, \u017ce przeczyta\u0142a\u015b\/e\u015b nasz artyku\u0142 do ko\u0144ca. W serwisie Plejada.pl ka\u017cdego dnia piszemy o najwa\u017cniejszych wydarzeniach show-biznesowych. B\u0105d\u017a na bie\u017c\u0105co! <a rel=\"nofollow noopener\" href=\"https:\/\/profile.google.com\/cp\/Cg0vZy8xMWJ6X19wdHBx\" id=\"e3b97c3a-29f9-49c9-90ab-d7c9a0a3331b\" target=\"_blank\">Obserwuj<\/a> Plejad\u0119 w Wiadomo\u015bciach Google. Odwied\u017a nas tak\u017ce na <a rel=\"nofollow noopener\" href=\"https:\/\/www.facebook.com\/plejadapl\" id=\"d290a83d-62ee-4d59-b84b-90c1e89d6742\" target=\"_blank\">Facebooku<\/a>, <a rel=\"nofollow noopener\" href=\"https:\/\/www.instagram.com\/plejadapl\/\" id=\"3b35c148-cc70-48ef-8db8-0e8c38ae3f70\" target=\"_blank\">Instagramie<\/a>, <a rel=\"nofollow noopener\" href=\"https:\/\/www.youtube.com\/c\/plejada\" id=\"0b78af13-08c3-4f2b-b612-ee2ed8fced4a\" target=\"_blank\">YouTube<\/a> oraz <a rel=\"nofollow noopener\" href=\"https:\/\/www.tiktok.com\/@plejada_pl\" id=\"b8885936-799a-4ef5-8fc7-1cd4062169f2\" target=\"_blank\">TikToku<\/a>.<\/p>\n<p class=\"ods-c-paragraph \">Chcesz podzieli\u0107 si\u0119 ciekawym newsem lub zaproponowa\u0107 temat? Skontaktuj si\u0119 z nami, pisz\u0105c e-maila na adres: <a rel=\"nofollow noopener\" href=\"https:\/\/plejada.pl\/newsy\/tomasz-szczepanik-zakupil-apartament-na-teneryfie-tak-wyglada-130-metrowy-dom\/mailto:plejada@redakcjaonet.pl\" id=\"70d1e99b-2a1d-4a78-996b-f6338f659356\" target=\"_blank\">plejada@redakcjaonet.pl<\/a>.<\/p>\n<p><script async src=\"\/\/www.instagram.com\/embed.js\"><\/script><script async src=\"\/\/www.tiktok.com\/embed.js\"><\/script><\/p>\n","protected":false},"excerpt":{"rendered":"Tomasz Szczepanik znany z zespo\u0142u Pectus od lat stara si\u0119 \u0142\u0105czy\u0107 \u017cycie zawodowe z rodzinnym. Razem z \u017con\u0105&hellip;\n","protected":false},"author":2,"featured_media":215415,"comment_status":"","ping_status":"","sticky":false,"template":"","format":"standard","meta":{"footnotes":"","_share_on_mastodon":"0"},"categories":[22],"tags":[122,40576,48,125,46,42,38,40,39,41,123,47,40575,10797,40574],"class_list":["post-215414","post","type-post","status-publish","format-standard","has-post-thumbnail","category-rozrywka","tag-entertainment","tag-monika_paprocka_szczepanik","tag-nat_styl","tag-newsy","tag-omp","tag-pl","tag-poland","tag-polish","tag-polska","tag-polski","tag-rozrywka","tag-screening_general","tag-tenerife","tag-teneryfa","tag-tomasz_szczepanik"],"share_on_mastodon":{"url":"https:\/\/pubeurope.com\/@pl\/115928118229970634","error":""},"_links":{"self":[{"href":"https:\/\/www.europesays.com\/pl\/wp-json\/wp\/v2\/posts\/215414","targetHints":{"allow":["GET"]}}],"collection":[{"href":"https:\/\/www.europesays.com\/pl\/wp-json\/wp\/v2\/posts"}],"about":[{"href":"https:\/\/www.europesays.com\/pl\/wp-json\/wp\/v2\/types\/post"}],"author":[{"embeddable":true,"href":"https:\/\/www.europesays.com\/pl\/wp-json\/wp\/v2\/users\/2"}],"replies":[{"embeddable":true,"href":"https:\/\/www.europesays.com\/pl\/wp-json\/wp\/v2\/comments?post=215414"}],"version-history":[{"count":0,"href":"https:\/\/www.europesays.com\/pl\/wp-json\/wp\/v2\/posts\/215414\/revisions"}],"wp:featuredmedia":[{"embeddable":true,"href":"https:\/\/www.europesays.com\/pl\/wp-json\/wp\/v2\/media\/215415"}],"wp:attachment":[{"href":"https:\/\/www.europesays.com\/pl\/wp-json\/wp\/v2\/media?parent=215414"}],"wp:term":[{"taxonomy":"category","embeddable":true,"href":"https:\/\/www.europesays.com\/pl\/wp-json\/wp\/v2\/categories?post=215414"},{"taxonomy":"post_tag","embeddable":true,"href":"https:\/\/www.europesays.com\/pl\/wp-json\/wp\/v2\/tags?post=215414"}],"curies":[{"name":"wp","href":"https:\/\/api.w.org\/{rel}","templated":true}]}}