{"id":215471,"date":"2026-01-20T15:56:07","date_gmt":"2026-01-20T15:56:07","guid":{"rendered":"https:\/\/www.europesays.com\/pl\/215471\/"},"modified":"2026-01-20T15:56:07","modified_gmt":"2026-01-20T15:56:07","slug":"tragiczna-smierc-nastolatki-z-andrychowa-sa-zarzuty-dla-policjantow","status":"publish","type":"post","link":"https:\/\/www.europesays.com\/pl\/215471\/","title":{"rendered":"Tragiczna \u015bmier\u0107 nastolatki z Andrychowa. S\u0105 zarzuty dla policjant\u00f3w"},"content":{"rendered":"<p class=\"Paragraph_desktopParagraph__U31Gm\">Jest prze\u0142om w sprawie tragicznej \u015bmierci 14-letniej Natalii z Andrychowa. Jak ustali\u0142o Radio Krak\u00f3w, prokuratura zdecydowa\u0142a o postawieniu zarzut\u00f3w czterem policjantom w zwi\u0105zku z ich dzia\u0142aniami \u2014 a w\u0142a\u015bciwie brakiem dzia\u0142a\u0144 \u2014 w dniu zagini\u0119cia nastolatki w listopadzie 2023 r. Dw\u00f3ch funkcjonariuszy ju\u017c us\u0142ysza\u0142o zarzuty, \u017caden z nich nie przyzna\u0142 si\u0119 do winy, jeden z\u0142o\u017cy\u0142 wyja\u015bnienia.<\/p>\n<p class=\"Paragraph_desktopParagraph__U31Gm\">Natalia wysz\u0142a rano do szko\u0142y, jednak w trakcie drogi zadzwoni\u0142a do ojca, informuj\u0105c, \u017ce \u017ale si\u0119 czuje i nie wie, gdzie si\u0119 znajduje. Dziewczynka nie dotar\u0142a na lekcje. Przez kilka godzin przebywa\u0142a w centrum Andrychowa, siedz\u0105c na mrozie w rejonie supermarketu. Mimo \u017ce mija\u0142o j\u0105 wiele os\u00f3b, nikt nie zareagowa\u0142. Pomoc zosta\u0142a udzielona dopiero po d\u0142u\u017cszym czasie. Nastolatka trafi\u0142a do szpitala, gdzie zmar\u0142a.<\/p>\n<ul class=\"OchatFollowUps_wrapper__1ry7X\">\n<li class=\"OchatFollowUps_item__Dhyly OchatFollowUps_itemDesktop__R6aBv\">Kiedy zg\u0142oszono zagini\u0119cie Natalii?<\/li>\n<li class=\"OchatFollowUps_item__Dhyly OchatFollowUps_itemDesktop__R6aBv\">Jakie zarzuty postawiono policjantom?<\/li>\n<li class=\"OchatFollowUps_item__Dhyly OchatFollowUps_itemDesktop__R6aBv\">Co by\u0142o przyczyn\u0105 \u015bmierci Natalii?<\/li>\n<li class=\"OchatFollowUps_item__Dhyly OchatFollowUps_itemDesktop__R6aBv\">Jakie dzia\u0142ania podj\u0119to po zg\u0142oszeniu zagini\u0119cia dziewczynki?<\/li>\n<\/ul>\n<p class=\"Paragraph_desktopParagraph__U31Gm\">Kluczowe dla \u015bledztwa okaza\u0142y si\u0119 dzia\u0142ania policji po zg\u0142oszeniu zagini\u0119cia. Ojciec Natalii zg\u0142osi\u0142 si\u0119 do komisariatu, informuj\u0105c, \u017ce od rana nie ma kontaktu z c\u00f3rk\u0105, a podczas ostatniej rozmowy dziewczynka sygnalizowa\u0142a z\u0142e samopoczucie. Zdaniem prokuratury funkcjonariusze nie podj\u0119li w\u00f3wczas adekwatnych czynno\u015bci.<\/p>\n<p class=\"Paragraph_desktopParagraph__U31Gm\">\u2014 To s\u0105 zarzuty dotycz\u0105ce niedope\u0142nienia obowi\u0105zk\u00f3w i skutkuj\u0105cego tym nieumy\u015blnego nara\u017cenia ma\u0142oletniej pokrzywdzonej na bezpo\u015brednie niebezpiecze\u0144stwo utraty \u017cycia lub ci\u0119\u017ckiego uszczerbku na zdrowiu. Ojciec ma\u0142oletniej zg\u0142osi\u0142 si\u0119 do komisariatu, zg\u0142aszaj\u0105c to, \u017ce nie ma kontaktu od rana ze swoj\u0105 c\u00f3rk\u0105 i w czasie ostatniego z ni\u0105 kontaktu sygnalizowa\u0142a ona, \u017ce \u017ale si\u0119 czuje. Natomiast prokuratura zarzuca funkcjonariuszom to, \u017ce nie podj\u0119li odpowiednich w tej sytuacji czynno\u015bci \u2014 poinformowa\u0142a Radio Krak\u00f3w prokurator Oliwia Bo\u017cek-Michalec z Prokuratury Okr\u0119gowej w Krakowie.<\/p>\n<p class=\"Paragraph_desktopParagraph__U31Gm\">\u015aledczy dysponuj\u0105 r\u00f3wnie\u017c dodatkowymi opiniami bieg\u0142ych. Sekcja zw\u0142ok wykaza\u0142a, \u017ce przyczyn\u0105 \u015bmierci 14-latki by\u0142a ostra niewydolno\u015b\u0107 kr\u0105\u017ceniowo-oddechowa spowodowana wych\u0142odzeniem. Stwierdzono tak\u017ce powa\u017cne obra\u017cenia m\u00f3zgu \u2014 krwiaki obu p\u00f3\u0142kul m\u00f3\u017cd\u017cku, krwawienie podpaj\u0119czyn\u00f3wkowe oraz obrz\u0119k.<\/p>\n<p class=\"Paragraph_desktopParagraph__U31Gm\">Sprawa \u015bmierci Natalii z Andrychowa od pocz\u0105tku budzi\u0142a ogromne emocje. Teraz, po decyzji prokuratury, wchodzi w nowy, kluczowy etap, kt\u00f3ry ma odpowiedzie\u0107 na pytanie o odpowiedzialno\u015b\u0107 s\u0142u\u017cb i ewentualne zaniedbania, kt\u00f3re mog\u0142y przyczyni\u0107 si\u0119 do tragedii.<\/p>\n","protected":false},"excerpt":{"rendered":"Jest prze\u0142om w sprawie tragicznej \u015bmierci 14-letniej Natalii z Andrychowa. Jak ustali\u0142o Radio Krak\u00f3w, prokuratura zdecydowa\u0142a o postawieniu&hellip;\n","protected":false},"author":2,"featured_media":215472,"comment_status":"","ping_status":"","sticky":false,"template":"","format":"standard","meta":{"footnotes":""},"categories":[5],"tags":[32,33,36,37,27,6821,368,34,35,28,31,53,25,52,68,51,55,42,38,40,39,41,47,29,30,50,26],"class_list":{"0":"post-215471","1":"post","2":"type-post","3":"status-publish","4":"format-standard","5":"has-post-thumbnail","7":"category-naglowki","8":"tag-breaking-news","9":"tag-breakingnews","10":"tag-featured-news","11":"tag-featurednews","12":"tag-headlines","13":"tag-job","14":"tag-krakowdlawas","15":"tag-latest-news","16":"tag-latestnews","17":"tag-naglowki","18":"tag-najwazniejsze-artykuly","19":"tag-new_header","20":"tag-news","21":"tag-onet3","22":"tag-onet3d","23":"tag-onet3d_2i","24":"tag-phx","25":"tag-pl","26":"tag-poland","27":"tag-polish","28":"tag-polska","29":"tag-polski","30":"tag-screening_general","31":"tag-top-stories","32":"tag-topstories","33":"tag-v2021","34":"tag-wiadomosci"},"share_on_mastodon":{"url":"https:\/\/pubeurope.com\/@pl\/115928248150400851","error":""},"_links":{"self":[{"href":"https:\/\/www.europesays.com\/pl\/wp-json\/wp\/v2\/posts\/215471","targetHints":{"allow":["GET"]}}],"collection":[{"href":"https:\/\/www.europesays.com\/pl\/wp-json\/wp\/v2\/posts"}],"about":[{"href":"https:\/\/www.europesays.com\/pl\/wp-json\/wp\/v2\/types\/post"}],"author":[{"embeddable":true,"href":"https:\/\/www.europesays.com\/pl\/wp-json\/wp\/v2\/users\/2"}],"replies":[{"embeddable":true,"href":"https:\/\/www.europesays.com\/pl\/wp-json\/wp\/v2\/comments?post=215471"}],"version-history":[{"count":0,"href":"https:\/\/www.europesays.com\/pl\/wp-json\/wp\/v2\/posts\/215471\/revisions"}],"wp:featuredmedia":[{"embeddable":true,"href":"https:\/\/www.europesays.com\/pl\/wp-json\/wp\/v2\/media\/215472"}],"wp:attachment":[{"href":"https:\/\/www.europesays.com\/pl\/wp-json\/wp\/v2\/media?parent=215471"}],"wp:term":[{"taxonomy":"category","embeddable":true,"href":"https:\/\/www.europesays.com\/pl\/wp-json\/wp\/v2\/categories?post=215471"},{"taxonomy":"post_tag","embeddable":true,"href":"https:\/\/www.europesays.com\/pl\/wp-json\/wp\/v2\/tags?post=215471"}],"curies":[{"name":"wp","href":"https:\/\/api.w.org\/{rel}","templated":true}]}}