{"id":215954,"date":"2026-01-20T20:30:07","date_gmt":"2026-01-20T20:30:07","guid":{"rendered":"https:\/\/www.europesays.com\/pl\/215954\/"},"modified":"2026-01-20T20:30:07","modified_gmt":"2026-01-20T20:30:07","slug":"oto-najwiekszy-blad-legii-warszawa-nawet-marek-papszun-nic-nie-zmienil-przeglad-sportowy-onet","status":"publish","type":"post","link":"https:\/\/www.europesays.com\/pl\/215954\/","title":{"rendered":"Oto najwi\u0119kszy b\u0142\u0105d Legii Warszawa. Nawet Marek Papszun nic nie zmieni\u0142 &#8211; Przegl\u0105d Sportowy Onet"},"content":{"rendered":"<ol>\n<li><a href=\"https:\/\/news.google.com\/rss\/articles\/CBMi0AFBVV95cUxPWnJfOFp5bmFjaENacnVZY1hIWEpvbE5sTGNob3lJT0xvc3R2Rm5SZnRkaXQ4QTFqZDQzWnd1SDVQejNBMTVKLTgwSllmQnVhU1Blb1FDc0E1ZWNjOXdMZlgwN2dMT3lIOUxUTmxfV2FrcTZubmZVakxJZE5kQ01aTG1kekZLbDVvLUdBOHRGaHpNYXBoODloRE03U0lPVWs4UWRTLVYzVzlhX2htSFFhS0o4SzdWRUx0YS0tcUtRLThpQmF4U2IyUnZOYUU0MVdE?oc=5\" target=\"_blank\" rel=\"nofollow noopener\">Oto najwi\u0119kszy b\u0142\u0105d Legii Warszawa. Nawet Marek Papszun nic nie zmieni\u0142<\/a>&nbsp;&nbsp;Przegl\u0105d Sportowy Onet<\/li>\n<li><a href=\"https:\/\/news.google.com\/rss\/articles\/CBMi0wFBVV95cUxQeDZKTFFScmdGWk10V1Ewa1QxeVdMOXIxZVMwNml1ZGJfelBib2x0cTZKTDZsdDZab3VfMDhNbUE5WGUtTDNIM2lfSkFGeWhnZEdlM0N6M0pQbUItZU5lWlJDd3MwWUN2RjZSY3M3b29neWE2bkduWE4zZEVOM1BQTFlKMGMtdThFRHByZFRDbk9mTHIxWWY1OEF2WlROMkZpU2FoR0ZXYUN2NGZRNjB3RDlJMkdTSzJhUUg2cnMzVzMwMEFXeHlVWk1vUk9FVUt3WTZF0gHYAUFVX3lxTE5rMWY0Q3FBN0xNV0M5bUJSUkdvX0lLU2VWcUszNkEwSFg1ZjhFZHZMek9JcDQ2MEdRTkljNjhfTU1zNzdkRENCX011YVhWdl9XdnFFSnpZMENQZXE2YW9RbUVINGpQUkNSNFZjZnpWMHFDRnROcTBVa1JRN0tFMHZaRTdVQ2xoN2pKMm9LeGJOSjRlblZjYnNabDV6eUFhSFZDT3BMd3h0RXRHU19kZ29jQUI5OHNxdnh6aHRhZ3h3NVByT1BKSXdSNkRRRUVrYTYtcXBZSDl1Tg?oc=5\" target=\"_blank\" rel=\"nofollow noopener\">Legia Warszawa poszukuje napastnika. Miguel de la Fuente by\u0142 w\u015br\u00f3d obserowanych<\/a>&nbsp;&nbsp;sport.tvp.pl<\/li>\n<li><a href=\"https:\/\/news.google.com\/rss\/articles\/CBMiqgFBVV95cUxOUGFwRmhPTThvTjdDMDY0d2tIZDBpZEZwT0VUUUJIT3NJNjc1RlNXaTFyR1FNQzd6NGxMbTU0R05JWXQ5eFZEbHRrMl9EOHptdXdTb21Cel9CVVZMc0hlbTFrRDR0RzllVTVPOFVsVnVnbkhOdFV6Q1l1Z19HanJKaFJwQnItX09NMGZWZGlhd1N0a0NRNnVqX0h1MW5lNklna0p1TFEzOGZ4UQ?oc=5\" target=\"_blank\" rel=\"nofollow noopener\">To mia\u0142 by\u0107 nowy napastnik Legii. Gra\u0142 z Barcelon\u0105 i Realem<\/a>&nbsp;&nbsp;Meczyki.pl<\/li>\n<li><a href=\"https:\/\/news.google.com\/rss\/articles\/CBMipwFBVV95cUxOMVlieDUyWDZFTzJWcFFfb3BUSFhHS0RFQmJ5V2dQdmZNNWpxRUczNGY1dFFBTkxHNlVGS2VRS3lCQzZ2dHN2MXVYOENITkhoUlJKTlNSZmxjMGlHMjQySV9rNUFrelBqQTBUdWZNWTVwLVlYZ2dLTUFkcGJpTTd1dHBXNDJTM0hPOTFZZ1ZzTUlIZUltdElWVU14WWliX3VkT0NmMWt4cw?oc=5\" target=\"_blank\" rel=\"nofollow noopener\">Nikt ju\u017c nie do\u0142\u0105czy do zespo\u0142u na obozie, by\u0142 temat napastnika z Hiszpanii<\/a>&nbsp;&nbsp;Legia.Net<\/li>\n<li><a href=\"https:\/\/news.google.com\/rss\/articles\/CBMikAFBVV95cUxQb3hGb05XWkhXaEwzZ2UwMjlZQmVDdmRjMFExVnBLdFI4VE1VOHpPUlplR0dJUG9nN21Jb1RQVmxHVER3eXk0eVlDTnpkN2dWTU80eWl3bUxhUnl4aVJaam13cVhUQmk0UGVINXVUQmpLZzFTc3dOQm92ZzV3U29PZ1VBMEY3R1ZXZURXYldXVmY?oc=5\" target=\"_blank\" rel=\"nofollow noopener\">Taki sk\u0142ad Legii na wiosn\u0119 wymy\u015bli\u0142 Papszun. D\u017awign\u0105 si\u0119?<\/a>&nbsp;&nbsp;Gol24<\/li>\n<\/ol>\n","protected":false},"excerpt":{"rendered":"Oto najwi\u0119kszy b\u0142\u0105d Legii Warszawa. Nawet Marek Papszun nic nie zmieni\u0142&nbsp;&nbsp;Przegl\u0105d Sportowy Onet Legia Warszawa poszukuje napastnika. Miguel&hellip;\n","protected":false},"author":2,"featured_media":215955,"comment_status":"","ping_status":"","sticky":false,"template":"","format":"standard","meta":{"footnotes":""},"categories":[24],"tags":[274,67,2563,194,2561,42,38,40,39,41,136,128,47,127,135,126,130],"class_list":{"0":"post-215954","1":"post","2":"type-post","3":"status-publish","4":"format-standard","5":"has-post-thumbnail","7":"category-sport","8":"tag-ekstraklasa","9":"tag-intextvideo_splayer","10":"tag-legia_warszawa","11":"tag-maja","12":"tag-marek_papszun","13":"tag-pl","14":"tag-poland","15":"tag-polish","16":"tag-polska","17":"tag-polski","18":"tag-ps_detal_new","19":"tag-psv2","20":"tag-screening_general","21":"tag-sport","22":"tag-sport_sport","23":"tag-sports","24":"tag-wiadomosci_sportowe"},"share_on_mastodon":{"url":"https:\/\/pubeurope.com\/@pl\/115929325727729300","error":""},"_links":{"self":[{"href":"https:\/\/www.europesays.com\/pl\/wp-json\/wp\/v2\/posts\/215954","targetHints":{"allow":["GET"]}}],"collection":[{"href":"https:\/\/www.europesays.com\/pl\/wp-json\/wp\/v2\/posts"}],"about":[{"href":"https:\/\/www.europesays.com\/pl\/wp-json\/wp\/v2\/types\/post"}],"author":[{"embeddable":true,"href":"https:\/\/www.europesays.com\/pl\/wp-json\/wp\/v2\/users\/2"}],"replies":[{"embeddable":true,"href":"https:\/\/www.europesays.com\/pl\/wp-json\/wp\/v2\/comments?post=215954"}],"version-history":[{"count":0,"href":"https:\/\/www.europesays.com\/pl\/wp-json\/wp\/v2\/posts\/215954\/revisions"}],"wp:featuredmedia":[{"embeddable":true,"href":"https:\/\/www.europesays.com\/pl\/wp-json\/wp\/v2\/media\/215955"}],"wp:attachment":[{"href":"https:\/\/www.europesays.com\/pl\/wp-json\/wp\/v2\/media?parent=215954"}],"wp:term":[{"taxonomy":"category","embeddable":true,"href":"https:\/\/www.europesays.com\/pl\/wp-json\/wp\/v2\/categories?post=215954"},{"taxonomy":"post_tag","embeddable":true,"href":"https:\/\/www.europesays.com\/pl\/wp-json\/wp\/v2\/tags?post=215954"}],"curies":[{"name":"wp","href":"https:\/\/api.w.org\/{rel}","templated":true}]}}