{"id":216235,"date":"2026-01-20T23:41:10","date_gmt":"2026-01-20T23:41:10","guid":{"rendered":"https:\/\/www.europesays.com\/pl\/216235\/"},"modified":"2026-01-20T23:41:10","modified_gmt":"2026-01-20T23:41:10","slug":"zbigniew-boniek-wydal-wyrok-w-sprawie-oskara-pietuszewskiego-przeglad-sportowy-onet","status":"publish","type":"post","link":"https:\/\/www.europesays.com\/pl\/216235\/","title":{"rendered":"Zbigniew Boniek wyda\u0142 wyrok w sprawie Oskara Pietuszewskiego &#8211; Przegl\u0105d Sportowy Onet"},"content":{"rendered":"<ol>\n<li><a href=\"https:\/\/news.google.com\/rss\/articles\/CBMiwAFBVV95cUxNNGY1QTJLY0QxRTk3emdJMWFiWW50aXp1X3hkX0RiVFBMRnpfWVV1TzNZUWYzLXpHUk1MN1BUSWpOd0g5LTY1N1p0YUdXYXk5d2RDS0lZRzBueVdFbnpvTFZ2ZF9BQXdUTXNjY2dmbDNaa1czM0VESXNxalNWa0ZMemdLSFNIRjlhalF0WlFUeC1rejE3R1UwY3VRREFuWFY5Mnk5Wm5tWnZ1VHFoeEczRlFTNTZfN21HYzdoUFhiRzA?oc=5\" target=\"_blank\" rel=\"nofollow noopener\">Zbigniew Boniek wyda\u0142 wyrok w sprawie Oskara Pietuszewskiego<\/a>&nbsp;&nbsp;Przegl\u0105d Sportowy Onet<\/li>\n<li><a href=\"https:\/\/news.google.com\/rss\/articles\/CBMizwFBVV95cUxPNGd5a3huaVlBUVMzbDJybHl5MUVtSENzYW5OenhiQUFQQm1xYld3U2dsMHlBR0h4QXY1QlVFMWNaSEJFVlkyNWZFLVNoOWc5U3EySUl4Z1pkVlRJOXFqUjN3a3lOM1gyREh2NmVZX3BwU3dCX1ZmV2pnV0FSMG8ta3JKSGRnamVoSWljVVpkczB0dXZzYlRhMTZrVFpEcVJmTFZjZEVZZ1R5Z3hvUHE5QkVwOEpFMDBGdVlLY0pRNndhUkZ1NU5DeXNlSXZ0OUk?oc=5\" target=\"_blank\" rel=\"nofollow noopener\">Oskar Pietuszewski wykluczony! Wszystko przez art. 32.01 regulaminu UEFA<\/a>&nbsp;&nbsp;Przegl\u0105d Sportowy Onet<\/li>\n<li><a href=\"https:\/\/news.google.com\/rss\/articles\/CBMitgFBVV95cUxPMGFCRVVMdmY2WWpvQzFFXzk4VzNwei12VzNDZVU2SXk0bDdnLV91LVFVaUhRbzd4akVwY1MxcG9FZFlVMkg1cWZDcVJGQ01EODlWWG5EY2dTMFUtbThXRDk4SVN3T2dRNEp1Zkt5V2duWW9aUGlfal9USHlVTkZucmhWNWpMZmhFOTVqTjVHb0tFOU1fTXFiN2R2NTVxek9DZ2JERzM4ZmR2M2lnRXI5SzhUcEgwdw?oc=5\" target=\"_blank\" rel=\"nofollow noopener\">Jeden mecz i koniec. Pietuszewski wykluczony. Nie mog\u0142o by\u0107 inaczej<\/a>&nbsp;&nbsp;Sport w INTERIA.PL<\/li>\n<li><a href=\"https:\/\/news.google.com\/rss\/articles\/CBMiwgFBVV95cUxPTTdIZlBmSkxPamdYV09CU3FYRjNmX2Q1VmNTUGIxaUNjS25TNG5YamMwbC1QOUxoRkUtVGFaMC05dExqdmxuMl8yRXAtM0ZXSnNhLXdDa1BKUDBWVi1FNFc1SktxODlhY1hzdTVWUF9JRmNLbzJXU01kbE5fSzZYcUZUM3RfbjliejlucVRvcXdfNWJ1YlFuTWhYM2Q5a2tXTW9vYlNpZXVacWRFODNiZllEOUVSaF96c3ZKdVZDWE5CUQ?oc=5\" target=\"_blank\" rel=\"nofollow noopener\">\u201eTe nogi b\u0119d\u0105 zarabia\u0107 miliony\u201d. Niezwyk\u0142a droga Oskara Pietuszewskiego z Jagiellonii do FC Porto<\/a>&nbsp;&nbsp;\u0141\u0105czy nas pi\u0142ka<\/li>\n<li><a href=\"https:\/\/news.google.com\/rss\/articles\/CBMirwFBVV95cUxQVnFVdDRmTmdYYS1CZGw1ZUZORGgzQk5SSXNsTzJJNzkzbVlNQ3N6ZTVXUDBtcUFnNGR6d0lTZ2l3bG16em5PTmZJVjJvU0VScGp3OUdTclpTZVo3Y2xreG9Da1RrNVZaN3ZGd1lRNF84VkdnS3dsWC1tazlMUUtoU3NuRWR4dnBTRUFyamEwSDBXYWdvejNXb3NOWlREXzh3ZDdvV0I5Zm00Zmt5Ni0w?oc=5\" target=\"_blank\" rel=\"nofollow noopener\">Boniek nie ma w\u0105tpliwo\u015bci ws. Pietuszewskiego. &#8222;Przyzwyczajmy si\u0119&#8221;<\/a>&nbsp;&nbsp;SportoweFakty<\/li>\n<\/ol>\n","protected":false},"excerpt":{"rendered":"Zbigniew Boniek wyda\u0142 wyrok w sprawie Oskara Pietuszewskiego&nbsp;&nbsp;Przegl\u0105d Sportowy Onet Oskar Pietuszewski wykluczony! Wszystko przez art. 32.01 regulaminu&hellip;\n","protected":false},"author":2,"featured_media":216236,"comment_status":"","ping_status":"","sticky":false,"template":"","format":"standard","meta":{"footnotes":"","_share_on_mastodon":"0"},"categories":[24],"tags":[5887,13403,67,5957,42,38,40,39,41,136,128,355,47,127,135,126,4562,130,4378],"class_list":["post-216235","post","type-post","status-publish","format-standard","has-post-thumbnail","category-sport","tag-fc_porto","tag-inne_ligi","tag-intextvideo_splayer","tag-oskar_pietuszewski","tag-pl","tag-poland","tag-polish","tag-polska","tag-polski","tag-ps_detal_new","tag-psv2","tag-reprezentacja_polski","tag-screening_general","tag-sport","tag-sport_sport","tag-sports","tag-tka","tag-wiadomosci_sportowe","tag-zbigniew_boniek"],"share_on_mastodon":{"url":"https:\/\/pubeurope.com\/@pl\/115930076447060680","error":""},"_links":{"self":[{"href":"https:\/\/www.europesays.com\/pl\/wp-json\/wp\/v2\/posts\/216235","targetHints":{"allow":["GET"]}}],"collection":[{"href":"https:\/\/www.europesays.com\/pl\/wp-json\/wp\/v2\/posts"}],"about":[{"href":"https:\/\/www.europesays.com\/pl\/wp-json\/wp\/v2\/types\/post"}],"author":[{"embeddable":true,"href":"https:\/\/www.europesays.com\/pl\/wp-json\/wp\/v2\/users\/2"}],"replies":[{"embeddable":true,"href":"https:\/\/www.europesays.com\/pl\/wp-json\/wp\/v2\/comments?post=216235"}],"version-history":[{"count":0,"href":"https:\/\/www.europesays.com\/pl\/wp-json\/wp\/v2\/posts\/216235\/revisions"}],"wp:featuredmedia":[{"embeddable":true,"href":"https:\/\/www.europesays.com\/pl\/wp-json\/wp\/v2\/media\/216236"}],"wp:attachment":[{"href":"https:\/\/www.europesays.com\/pl\/wp-json\/wp\/v2\/media?parent=216235"}],"wp:term":[{"taxonomy":"category","embeddable":true,"href":"https:\/\/www.europesays.com\/pl\/wp-json\/wp\/v2\/categories?post=216235"},{"taxonomy":"post_tag","embeddable":true,"href":"https:\/\/www.europesays.com\/pl\/wp-json\/wp\/v2\/tags?post=216235"}],"curies":[{"name":"wp","href":"https:\/\/api.w.org\/{rel}","templated":true}]}}