{"id":216258,"date":"2026-01-21T00:32:08","date_gmt":"2026-01-21T00:32:08","guid":{"rendered":"https:\/\/www.europesays.com\/pl\/216258\/"},"modified":"2026-01-21T00:32:08","modified_gmt":"2026-01-21T00:32:08","slug":"nadciaga-kompaktowy-oneplus-15t-typu-flagowego-specyfikacja","status":"publish","type":"post","link":"https:\/\/www.europesays.com\/pl\/216258\/","title":{"rendered":"Nadci\u0105ga kompaktowy OnePlus 15T typu flagowego: specyfikacja"},"content":{"rendered":"<p class=\"lead\">OnePlus przygotowuje nowego, kompaktowego flagowca, kt\u00f3ry mo\u017ce zaskoczy\u0107 rynek. OnePlus 15T po\u0142\u0105czy ma\u0142e wymiary z bardzo mocn\u0105 specyfikacj\u0105. Najnowszy przeciek zdradza mo\u017cliwy termin debiutu.<\/p>\n<p>Nowy smartfon najpierw trafi na rynek chi\u0144ski, a p\u00f3\u017aniej istnieje cie\u0144 szansy na premier\u0119 globaln\u0105. \u0179r\u00f3d\u0142em informacji jest znany i cz\u0119sto trafny informator z Chin, mianowicie digital chat station. Przeciek dotyczy zar\u00f3wno daty premiery, jak i kluczowych cech modelu OnePlus 15T. To dobry moment, by przyjrze\u0107 si\u0119 szczeg\u00f3\u0142om.<\/p>\n<p>Kiedy i gdzie zadebiutuje OnePlus 15T?<\/p>\n<p>Wed\u0142ug informacji z forum Weibo, premiera ma odby\u0107 si\u0119 w po\u0142owie marca 2026 roku. Dotyczy to wy\u0142\u0105cznie rynku chi\u0144skiego. Nie wiadomo czy globalna wersja urz\u0105dzenia ostatecznie trafi na rynek, ale przypominam, \u017ce jedna z jego poprzednich wersji pojawi\u0142a si\u0119 nawet w Polsce.<\/p>\n<p><a href=\"https:\/\/www.gsmmaniak.pl\/wp-content\/uploads\/gsmmaniak\/2024\/04\/OnePlus-10T-25-scaled.jpg\" rel=\"nofollow noopener\" target=\"_blank\"><img loading=\"lazy\" decoding=\"async\" aria-describedby=\"caption-attachment-1487895\" class=\"size-medium wp-image-1487895\" src=\"https:\/\/www.europesays.com\/pl\/wp-content\/uploads\/2026\/01\/OnePlus-10T-25-scaled-medium.jpg\" alt=\"OnePlus 10T\" width=\"500\" height=\"262\"   itemprop=\"image\" \/><\/a><\/p>\n<p id=\"caption-attachment-1487895\" class=\"wp-caption-text\">OnePlus 10T \/ fot. gsmManiaK<\/p>\n<p>Poprzedni model z tej serii mia\u0142 podobn\u0105 histori\u0119. Najpierw zadebiutowa\u0142 w Chinach. P\u00f3\u017aniej trafi\u0142 na wybrane rynki pod inn\u0105 nazw\u0105. Taki scenariusz mo\u017ce si\u0119 powt\u00f3rzy\u0107. Na razie brak jednak konkretnych zapowiedzi czy oficjalnego potwierdzenia producenta.<\/p>\n<p>Harmonogram premiery pasuje do strategii firmy. OnePlus cz\u0119sto pokazuje modele \u201eT\u201d wiosn\u0105, wi\u0119c \u015brodek marca jest wi\u0119c realnym terminem. Wiele zale\u017cy od finalnej gotowo\u015bci urz\u0105dzenia. Na ten moment s\u0105 to informacje pochodz\u0105ce z kuluar\u00f3w bran\u017cowych. Niemniej wiele przeciek\u00f3w m\u00f3wi o tym samym przebiegu zdarze\u0144.<\/p>\n<p>Specyfikacja i pozycjonowanie kompaktowego (taniego) flagowca<\/p>\n<p>OnePlus 15T otrzyma ekran OLED o przek\u0105tnej oko\u0142o 6,32\u2033, czyli ca\u0142kiem niedu\u017cy panel jak na obecne standardy. B\u0119dzie on p\u0142aski i zaoferuje wysokie od\u015bwie\u017canie. W przeciekach pojawia si\u0119 nawet warto\u015b\u0107 165 Hz, z czego znany jest flagowiec marki \u2014 <a href=\"https:\/\/www.gsmmaniak.pl\/1629572\/oneplus-15-dobra-promocja-prosto-z-polski-czy-warto\/\" rel=\"nofollow noopener\" target=\"_blank\">OnePlus 15<\/a>.<\/p>\n<p>Na pok\u0142adzie znajdzie si\u0119 bardzo mocny procesor Snapdragon 8 Elite Gen 5. Do dyspozycji u\u017cytkownika mo\u017ce by\u0107 do 16 GB RAM. Z kolei pami\u0119ci wewn\u0119trznej oczekuje si\u0119 do 1 TB w standardzie UFS 4.1. To parametry typowe dla flagowego segmentu<\/p>\n<p>Du\u017ce wra\u017cenie zrobi tak\u017ce bateria. Jej pojemno\u015b\u0107 przekroczy 7000 mAh. Poza tym telefon postawi na bardzo szybkie \u0142adowanie przewodowe. Wspomina si\u0119 ponadto o \u0142adowaniu bezprzewodowym, cho\u0107 na razie by\u0142by ostro\u017cny z nadmiernym entuzjazmem.<\/p>\n<blockquote class=\"wp-embedded-content\" data-secret=\"Rz84e9PkIb\">\n<p><a href=\"https:\/\/www.gsmmaniak.pl\/1629572\/oneplus-15-dobra-promocja-prosto-z-polski-czy-warto\/\" rel=\"nofollow noopener\" target=\"_blank\">Najmocniejszy flagowiec OnePlus w historii doczeka\u0142 si\u0119 super promocji. Ma a\u017c 7300 mAh, ekran 165 Hz i szybkie \u0142adowanie 120 W<\/a><\/p>\n<\/blockquote>\n<p>\u0179r\u00f3d\u0142o: <a href=\"https:\/\/www.gizmochina.com\/2026\/01\/19\/oneplus-15t-launch-timeline-tipped-for-mid-march\/\" rel=\"nofollow noopener\" target=\"_blank\">gizmochina<\/a><\/p>\n","protected":false},"excerpt":{"rendered":"OnePlus przygotowuje nowego, kompaktowego flagowca, kt\u00f3ry mo\u017ce zaskoczy\u0107 rynek. OnePlus 15T po\u0142\u0105czy ma\u0142e wymiary z bardzo mocn\u0105 specyfikacj\u0105.&hellip;\n","protected":false},"author":2,"featured_media":216259,"comment_status":"","ping_status":"","sticky":false,"template":"","format":"standard","meta":{"footnotes":"","_share_on_mastodon":"0"},"categories":[20],"tags":[40694,12684,120,118,119,40695,23267,23268,23269,23270,32283,42,38,40,39,41,116,114,115,121,117,24127],"class_list":["post-216258","post","type-post","status-publish","format-standard","has-post-thumbnail","category-nauka-i-technika","tag-komapktowy-flagowiec","tag-maly-flagowiec","tag-nauka","tag-nauka-i-technika","tag-naukatechnika","tag-nieduzy-telefon","tag-oneplus-15t","tag-oneplus-15t-kiedy","tag-oneplus-15t-premiera","tag-oneplus-15t-specyfikacja","tag-oneplus-15t-zapowiedz","tag-pl","tag-poland","tag-polish","tag-polska","tag-polski","tag-science","tag-science-and-technology","tag-sciencetechnology","tag-technika","tag-technology","tag-zabojca-flagowcow"],"share_on_mastodon":{"url":"https:\/\/pubeurope.com\/@pl\/115930277016650492","error":""},"_links":{"self":[{"href":"https:\/\/www.europesays.com\/pl\/wp-json\/wp\/v2\/posts\/216258","targetHints":{"allow":["GET"]}}],"collection":[{"href":"https:\/\/www.europesays.com\/pl\/wp-json\/wp\/v2\/posts"}],"about":[{"href":"https:\/\/www.europesays.com\/pl\/wp-json\/wp\/v2\/types\/post"}],"author":[{"embeddable":true,"href":"https:\/\/www.europesays.com\/pl\/wp-json\/wp\/v2\/users\/2"}],"replies":[{"embeddable":true,"href":"https:\/\/www.europesays.com\/pl\/wp-json\/wp\/v2\/comments?post=216258"}],"version-history":[{"count":0,"href":"https:\/\/www.europesays.com\/pl\/wp-json\/wp\/v2\/posts\/216258\/revisions"}],"wp:featuredmedia":[{"embeddable":true,"href":"https:\/\/www.europesays.com\/pl\/wp-json\/wp\/v2\/media\/216259"}],"wp:attachment":[{"href":"https:\/\/www.europesays.com\/pl\/wp-json\/wp\/v2\/media?parent=216258"}],"wp:term":[{"taxonomy":"category","embeddable":true,"href":"https:\/\/www.europesays.com\/pl\/wp-json\/wp\/v2\/categories?post=216258"},{"taxonomy":"post_tag","embeddable":true,"href":"https:\/\/www.europesays.com\/pl\/wp-json\/wp\/v2\/tags?post=216258"}],"curies":[{"name":"wp","href":"https:\/\/api.w.org\/{rel}","templated":true}]}}