{"id":216497,"date":"2026-01-21T06:52:07","date_gmt":"2026-01-21T06:52:07","guid":{"rendered":"https:\/\/www.europesays.com\/pl\/216497\/"},"modified":"2026-01-21T06:52:07","modified_gmt":"2026-01-21T06:52:07","slug":"izrael-wyburza-siedzibe-agencji-onz-jest-apel-antonio-guterresa","status":"publish","type":"post","link":"https:\/\/www.europesays.com\/pl\/216497\/","title":{"rendered":"Izrael wyburza siedzib\u0119 agencji ONZ. Jest apel Antonio Guterresa"},"content":{"rendered":"<p class=\"ods-c-paragraph \">Rzecznik sekretarza generalnego ONZ Farhan Haq podkre\u015bli\u0142 w komunikacie, \u017ce uwa\u017ca on za &#8222;ca\u0142kowicie niedopuszczalne dalsze dzia\u0142ania, kt\u00f3re podsycaj\u0105 wrogo\u015b\u0107 wobec agencji i kt\u00f3re s\u0105 sprzeczne z zobowi\u0105zaniami Izraela wynikaj\u0105cymi z prawa mi\u0119dzynarodowego, w tym z Karty Narod\u00f3w Zjednoczonych i Konwencji o Przywilejach i Immunitetach Narod\u00f3w Zjednoczonych&#8221;.<\/p>\n<p class=\"ods-c-paragraph \">UNRWA oceni\u0142a, \u017ce wtargni\u0119cie izraelskich si\u0142 bezpiecze\u0144stwa stanowi\u0142o &#8222;niedopuszczalne naruszenie&#8221; praw i immunitetu UNRWA jako organizacji ONZ \u2014 poinformowa\u0142 Reuters.<\/p>\n<p> Dalszy ci\u0105g artyku\u0142u pod materia\u0142em wideo    <\/p>\n<p> Dlaczego Izrael wyburza siedzib\u0119 UNRWA? <\/p>\n<p> Co zaapelowa\u0142 Antonio Guterres? <\/p>\n<p> Jakie oskar\u017cenia kieruje Izrael wobec UNRWA? <\/p>\n<p> Ile os\u00f3b obecnie posiada status palesty\u0144skiego uchod\u017acy? <\/p>\n<p>  Izrael wyburza siedzib\u0119 agencji ONZ w Jerozolimie<\/p>\n<p class=\"ods-c-paragraph \">Ministerstwo Spraw Zagranicznych Izraela o\u015bwiadczy\u0142o, \u017ce rozbi\u00f3rka budynk\u00f3w nie jest efektem nowych decyzji, ale &#8222;wdro\u017ceniem istniej\u0105cego izraelskiego ustawodawstwa dotycz\u0105cego UNRWA-Hamas&#8221; \u2014 przekaza\u0142 portal dziennika &#8222;Jerusalem Post&#8221;. Resort stwierdzi\u0142, \u017ce to pa\u0144stwo Izrael jest w\u0142a\u015bcicielem kompleksu w Jerozolimie, UNRWA nie prowadzi ju\u017c w nim dzia\u0142alno\u015bci, a teren nie mo\u017ce korzysta\u0107 z immunitetu. &#8222;Przej\u0119cie kompleksu zosta\u0142o dokonane w zgodzie zar\u00f3wno z prawem izraelskim jak mi\u0119dzynarodowym&#8221; \u2014 stwierdzi\u0142 MSZ.<\/p>\n<p class=\"ods-c-paragraph \">W\u0142adze miejskie Jerozolimy zarzuci\u0142y w zesz\u0142ym roku agencji, \u017ce nie op\u0142aci\u0142a podatk\u00f3w od nieruchomo\u015bci. UNRWA o\u015bwiadczy\u0142a, \u017ce teren nale\u017ca\u0142 do ONZ, a agencja nie ma wobec w\u0142adz miejskich \u017cadnych d\u0142ug\u00f3w \u2014 przypomnia\u0142 Reuters. Podkre\u015bli\u0142, \u017ce o ile Izrael uznaje Jerozolim\u0119 za cz\u0119\u015b\u0107 kraju, to UNRWA \u2014 oraz wi\u0119kszo\u015b\u0107 innych pa\u0144stw \u2014 jest zdania, \u017ce nale\u017cy ona do terytori\u00f3w okupowanych.<\/p>\n<p>   Izrael oskar\u017ca UNRWA<\/p>\n<p class=\"ods-c-paragraph \">Izrael oskar\u017ca UNRWA o udzia\u0142 niekt\u00f3rych jej pracownik\u00f3w w dzia\u0142alno\u015bci terrorystycznej islamistycznego ugrupowania Hamas. Wskazywa\u0142 te\u017c, \u017ce niekt\u00f3re tunele, jakie Hamas wykorzystywa\u0142 na magazyny, bunkry i centra dowodzenia organizacji, znajdowa\u0142y si\u0119 bezpo\u015brednio pod budynkami UNRWA w Strefie Gazy, czasem nawet czerpa\u0142y z ich sieci elektryczno\u015b\u0107.<\/p>\n<p class=\"ods-c-paragraph \">Szef oddzia\u0142u UNRWA na Zachodnim Brzegu Roland Friedrich o\u015bwiadczy\u0142, \u017ce wyburzanie biur jest &#8222;kulminacj\u0105 dw\u00f3ch lat pod\u017cegania i dzia\u0142a\u0144 przeciwko UNRWA we wschodniej Jerozolimie&#8221;.<\/p>\n<p class=\"ods-c-paragraph \">Organizacja Narod\u00f3w Zjednoczonych utworzy\u0142a agencj\u0119 pomocow\u0105 w 1949 r., aby pom\u00f3c oko\u0142o 700 tys. palesty\u0144skich uchod\u017ac\u00f3w, kt\u00f3rzy uciekli lub pod przymusem opu\u015bcili tereny p\u00f3\u017aniejszego Izraela podczas wojny w 1948 r. Uchod\u017acy palesty\u0144scy maj\u0105 wyj\u0105tkowe prawa i ochron\u0119 na mocy konkretnych mandat\u00f3w ONZ, podczas gdy inni obj\u0119ci s\u0105 Konwencj\u0105 o uchod\u017acach z 1951 r. \u2014 przypomnia\u0142a dpa. Status uchod\u017acy palesty\u0144skiego jest dziedziczny, a potomkowie uchod\u017ac\u00f3w sprzed kilkudziesi\u0119ciu lat maj\u0105 nadal prawo do korzystania z jej us\u0142ug. Wed\u0142ug agencji obecnie liczba os\u00f3b posiadaj\u0105cych status palesty\u0144skiego uchod\u017acy wynosi ok. 5,9 mln i stale ro\u015bnie.<\/p>\n","protected":false},"excerpt":{"rendered":"Rzecznik sekretarza generalnego ONZ Farhan Haq podkre\u015bli\u0142 w komunikacie, \u017ce uwa\u017ca on za &#8222;ca\u0142kowicie niedopuszczalne dalsze dzia\u0142ania, kt\u00f3re&hellip;\n","protected":false},"author":2,"featured_media":216498,"comment_status":"","ping_status":"","sticky":false,"template":"","format":"standard","meta":{"footnotes":""},"categories":[14],"tags":[32,33,213,27,91,40338,34,35,28,31,48,25,46,1191,92,40,41,47,80,29,30,2224,26,82,83,84],"class_list":{"0":"post-216497","1":"post","2":"type-post","3":"status-publish","4":"format-standard","5":"has-post-thumbnail","7":"category-swiat","8":"tag-breaking-news","9":"tag-breakingnews","10":"tag-hamas","11":"tag-headlines","12":"tag-izrael","13":"tag-jerozolima","14":"tag-latest-news","15":"tag-latestnews","16":"tag-naglowki","17":"tag-najwazniejsze-artykuly","18":"tag-nat_styl","19":"tag-news","20":"tag-omp","21":"tag-onz","22":"tag-palestyna_palestynczycy","23":"tag-polish","24":"tag-polski","25":"tag-screening_general","26":"tag-swiat","27":"tag-top-stories","28":"tag-topstories","29":"tag-uchodzcy","30":"tag-wiadomosci","31":"tag-world","32":"tag-world-news","33":"tag-worldnews"},"share_on_mastodon":{"url":"https:\/\/pubeurope.com\/@pl\/115931771273433675","error":""},"_links":{"self":[{"href":"https:\/\/www.europesays.com\/pl\/wp-json\/wp\/v2\/posts\/216497","targetHints":{"allow":["GET"]}}],"collection":[{"href":"https:\/\/www.europesays.com\/pl\/wp-json\/wp\/v2\/posts"}],"about":[{"href":"https:\/\/www.europesays.com\/pl\/wp-json\/wp\/v2\/types\/post"}],"author":[{"embeddable":true,"href":"https:\/\/www.europesays.com\/pl\/wp-json\/wp\/v2\/users\/2"}],"replies":[{"embeddable":true,"href":"https:\/\/www.europesays.com\/pl\/wp-json\/wp\/v2\/comments?post=216497"}],"version-history":[{"count":0,"href":"https:\/\/www.europesays.com\/pl\/wp-json\/wp\/v2\/posts\/216497\/revisions"}],"wp:featuredmedia":[{"embeddable":true,"href":"https:\/\/www.europesays.com\/pl\/wp-json\/wp\/v2\/media\/216498"}],"wp:attachment":[{"href":"https:\/\/www.europesays.com\/pl\/wp-json\/wp\/v2\/media?parent=216497"}],"wp:term":[{"taxonomy":"category","embeddable":true,"href":"https:\/\/www.europesays.com\/pl\/wp-json\/wp\/v2\/categories?post=216497"},{"taxonomy":"post_tag","embeddable":true,"href":"https:\/\/www.europesays.com\/pl\/wp-json\/wp\/v2\/tags?post=216497"}],"curies":[{"name":"wp","href":"https:\/\/api.w.org\/{rel}","templated":true}]}}