{"id":216529,"date":"2026-01-21T07:15:09","date_gmt":"2026-01-21T07:15:09","guid":{"rendered":"https:\/\/www.europesays.com\/pl\/216529\/"},"modified":"2026-01-21T07:15:09","modified_gmt":"2026-01-21T07:15:09","slug":"tragiczny-wypadek-w-warszawie-sa-nowe-informacje","status":"publish","type":"post","link":"https:\/\/www.europesays.com\/pl\/216529\/","title":{"rendered":"Tragiczny wypadek w Warszawie. S\u0105 nowe informacje"},"content":{"rendered":"\n<p>&#13;<br \/>\nDo kolizji dosz\u0142o na\u00a0skrzy\u017cowaniu ulic Grochowskiej i\u00a0Zamienieckiej. Jak informowa\u0142a policja, kieruj\u0105ca Fordem 28-latka, wykonuj\u0105c manewr skr\u0119tu w\u00a0lewo, nie\u00a0ust\u0105pi\u0142a pierwsze\u0144stwa nadje\u017cd\u017caj\u0105cej ulic\u0105 Grochowsk\u0105 Toyocie. Dosz\u0142o do\u00a0zderzenia obu pojazd\u00f3w, w\u00a0wyniku kt\u00f3rego Toyota zosta\u0142a wytr\u0105cona ze\u00a0swojego pasa ruchu i\u00a0uderzy\u0142a w\u00a0grup\u0119 os\u00f3b oczekuj\u0105cych przed przej\u015bciem dla\u00a0pieszych. &#13;\n<\/p>\n<p>&#13;<br \/>\nProkuratura postawi\u0142a obojgu kierowcom zarzuty spowodowania wypadku komunikacyjnego w\u00a0ruchu drogowym ze\u00a0skutkiem \u015bmiertelnym. Grozi za\u00a0to\u00a0kara do\u00a08 lat wi\u0119zienia. M\u0119\u017cczyzna nie\u00a0przyzna\u0142 si\u0119 do\u00a0winy i\u00a0nie zgodzi\u0142 si\u0119 na\u00a0z\u0142o\u017cenie zezna\u0144. Z\u00a0kolei kobieta z\u0142o\u017cy\u0142a wyja\u015bnienia. Przyzna\u0142a si\u0119 tak\u017ce do\u00a0winy. &#13;\n<\/p>\n<p>&#13;<br \/>\n\u2013 Naruszenia zasad bezpiecze\u0144stwa w\u00a0ruchu drogowym przez oboje kieruj\u0105cych pojazdami przyczyni\u0142y si\u0119 w\u00a0podobnym stopniu do\u00a0zderzenia i\u00a0skutku w\u00a0postaci \u015bmierci jednej osoby i\u00a0obra\u017ce\u0144 u\u00a0trzech innych os\u00f3b \u2013\u00a0przekaza\u0142a Karolina Staros \u2013\u00a0rzeczniczka Prokuratury Okr\u0119gowej Warszawa-Praga. &#13;\n<\/p>\n<p>&#13;<br \/>\nProkuratura nie\u00a0z\u0142o\u017cy\u0142a wniosku o\u00a0tymczasowe aresztowanie oskar\u017conych. &#13;\n<\/p>\n<p>Tragiczny wypadek<\/p>\n<p>&#13;<br \/>\nPrzypomnijmy, \u017ce\u00a0w\u00a0wyniku wypadku poszkodowane zosta\u0142y cztery osoby, w\u015br\u00f3d nich 6-letni ch\u0142opiec. \u017bycia dziecka nie\u00a0uda\u0142o si\u0119 uratowa\u0107. Z\u00a0kolei trzy ranne kobiety zosta\u0142y przewiezione do\u00a0szpitala. Kierowcy obu pojazd\u00f3w byli trze\u017awi i\u00a0zostali zatrzymani przez policj\u0119 pod\u00a0nadzorem prokuratora. Na\u00a0miejscu zdarzenia przeprowadzono ogl\u0119dziny z\u00a0udzia\u0142em bieg\u0142ego z\u00a0zakresu ruchu drogowego. Przez pewien czas w\u00a0miejscu wypadku zablokowano ruch, a\u00a0autobusy kursowa\u0142y drog\u0105 okr\u0119\u017cn\u0105. &#13;\n<\/p>\n<p>&#13;<br \/>\nDo tragedii <a href=\"https:\/\/dorzeczy.pl\/kraj\/834563\/warszawa-6-latek-ofiara-wypadku-drogowego-trzaskowski-zlozyl-deklaracje.html\" rel=\"nofollow noopener\" target=\"_blank\">odni\u00f3s\u0142 si\u0119 prezydent Warszawy<\/a>. &#8222;Jestem wstrz\u0105\u015bni\u0119ty tragicznym zdarzeniem, do\u00a0kt\u00f3rego dosz\u0142o na\u00a0Pradze-Po\u0142udnie. Nie\u00a0ma\u00a0odpowiednich s\u0142\u00f3w by\u00a0wyrazi\u0107 wsp\u00f3\u0142czucie dla\u00a0rodziny 5-latka, kt\u00f3ry w\u00a0wyniku odniesionych obra\u017ce\u0144 zmar\u0142 w\u00a0szpitalu. \u0141\u0105cz\u0119 si\u0119 w\u00a0b\u00f3lu z\u00a0najbli\u017cszymi ch\u0142opca&#8221; \u2013\u00a0przekaza\u0142 Rafa\u0142 Trzaskowski. &#13;\n<\/p>\n<p>&#13;<br \/>\nCzytaj te\u017c:<br \/><a href=\"https:\/\/dorzeczy.pl\/kraj\/834230\/warszawa-tragiczny-wypadek-nie-zyje-5-letni-chlopiec.html\" rel=\"follow nofollow noopener\" data-schema=\"DORZECZY\" data-image=\"https:\/\/img.dorzeczy.pl\/_thumb\/c0\/8d\/7ceb11b13a44ec7c9d825c8fd1a0.jpeg\" target=\"_blank\">Warszawa: Tragiczny wypadek. Nie\u00a0\u017cyje dziecko<\/a>&#13;<\/p>\n","protected":false},"excerpt":{"rendered":"&#13; Do kolizji dosz\u0142o na\u00a0skrzy\u017cowaniu ulic Grochowskiej i\u00a0Zamienieckiej. Jak informowa\u0142a policja, kieruj\u0105ca Fordem 28-latka, wykonuj\u0105c manewr skr\u0119tu w\u00a0lewo,&hellip;\n","protected":false},"author":2,"featured_media":216530,"comment_status":"","ping_status":"","sticky":false,"template":"","format":"standard","meta":{"footnotes":""},"categories":[5],"tags":[32,33,98,695,36,37,40760,27,496,49,34,35,601,28,31,25,102,42,38,40,39,41,29,30,26,2588,604],"class_list":{"0":"post-216529","1":"post","2":"type-post","3":"status-publish","4":"format-standard","5":"has-post-thumbnail","7":"category-naglowki","8":"tag-breaking-news","9":"tag-breakingnews","10":"tag-dorzeczy","11":"tag-dziecko","12":"tag-featured-news","13":"tag-featurednews","14":"tag-grochowska","15":"tag-headlines","16":"tag-kierowcy","17":"tag-kraj","18":"tag-latest-news","19":"tag-latestnews","20":"tag-marcin-bugaj","21":"tag-naglowki","22":"tag-najwazniejsze-artykuly","23":"tag-news","24":"tag-opinie","25":"tag-pl","26":"tag-poland","27":"tag-polish","28":"tag-polska","29":"tag-polski","30":"tag-top-stories","31":"tag-topstories","32":"tag-wiadomosci","33":"tag-wypadek","34":"tag-zarzuty"},"share_on_mastodon":{"url":"https:\/\/pubeurope.com\/@pl\/115931861806075038","error":""},"_links":{"self":[{"href":"https:\/\/www.europesays.com\/pl\/wp-json\/wp\/v2\/posts\/216529","targetHints":{"allow":["GET"]}}],"collection":[{"href":"https:\/\/www.europesays.com\/pl\/wp-json\/wp\/v2\/posts"}],"about":[{"href":"https:\/\/www.europesays.com\/pl\/wp-json\/wp\/v2\/types\/post"}],"author":[{"embeddable":true,"href":"https:\/\/www.europesays.com\/pl\/wp-json\/wp\/v2\/users\/2"}],"replies":[{"embeddable":true,"href":"https:\/\/www.europesays.com\/pl\/wp-json\/wp\/v2\/comments?post=216529"}],"version-history":[{"count":0,"href":"https:\/\/www.europesays.com\/pl\/wp-json\/wp\/v2\/posts\/216529\/revisions"}],"wp:featuredmedia":[{"embeddable":true,"href":"https:\/\/www.europesays.com\/pl\/wp-json\/wp\/v2\/media\/216530"}],"wp:attachment":[{"href":"https:\/\/www.europesays.com\/pl\/wp-json\/wp\/v2\/media?parent=216529"}],"wp:term":[{"taxonomy":"category","embeddable":true,"href":"https:\/\/www.europesays.com\/pl\/wp-json\/wp\/v2\/categories?post=216529"},{"taxonomy":"post_tag","embeddable":true,"href":"https:\/\/www.europesays.com\/pl\/wp-json\/wp\/v2\/tags?post=216529"}],"curies":[{"name":"wp","href":"https:\/\/api.w.org\/{rel}","templated":true}]}}