{"id":216781,"date":"2026-01-21T10:18:06","date_gmt":"2026-01-21T10:18:06","guid":{"rendered":"https:\/\/www.europesays.com\/pl\/216781\/"},"modified":"2026-01-21T10:18:06","modified_gmt":"2026-01-21T10:18:06","slug":"w-niemczech-poruszenie-po-slowach-adama-malysza-pisza-o-sensacji-przeglad-sportowy-onet","status":"publish","type":"post","link":"https:\/\/www.europesays.com\/pl\/216781\/","title":{"rendered":"W Niemczech poruszenie po s\u0142owach Adama Ma\u0142ysza. Pisz\u0105 o sensacji &#8211; Przegl\u0105d Sportowy Onet"},"content":{"rendered":"<ol>\n<li><a href=\"https:\/\/news.google.com\/rss\/articles\/CBMi0wFBVV95cUxNaTBiaFh6RUF0QlJYT2VfbHpzT2dfN2lIRnlndUYzUXg3ekpXZ1ZxMDJKTS1BQ2tCai1TUVRZR012bHBlMFBxUHlkckZPRURFRjNJb0V0bU01NWJMMUM5Y2FSal9uQS1UVFVPd2NTMUZlbzdrVmhSTTZWMXJidEo3M2RiX2JNeF9HNUNvdm1LOXU2ZlJRV0VfMHRiZjUyUlhIYkpNMG1POUhKb0JaTmV3YTU0SVF4aE9JYVdvbXNRUlVPMDNfT1d5amNWX2NFZkI3dXln?oc=5\" target=\"_blank\" rel=\"nofollow noopener\">W Niemczech poruszenie po s\u0142owach Adama Ma\u0142ysza. Pisz\u0105 o sensacji<\/a>&nbsp;&nbsp;Przegl\u0105d Sportowy Onet<\/li>\n<li><a href=\"https:\/\/news.google.com\/rss\/articles\/CBMivAFBVV95cUxNTTJCcDdIajh2eTdsVHZLVGhwOXR6TVZxU2x0VTRuUEF5SDR2QWV6T3EyS3VHY0RWRDlZS2llYjFmZHdQaElXNFhzOGhnbVdySG4ySUk0aHhrQ01iRlR6dXZCbGNhenpBN0EyN3MzM1FhbEh5NTA0SXo0VXFDaF9TWnFPNlYtYTJCZllTWjIzN1hKMGM2LTJSckMzOC1nakUwUkN0bUJxS1hEVGtpQnNneDN1Q3BJUDVHSDVrQQ?oc=5\" target=\"_blank\" rel=\"nofollow noopener\">Sensacyjne doniesienia ws. Ma\u0142ysza i PGE Narodowego. Ju\u017c tego nie kryje<\/a>&nbsp;&nbsp;Sport w INTERIA.PL<\/li>\n<li><a href=\"https:\/\/news.google.com\/rss\/articles\/CBMiogFBVV95cUxNU0ljYnhjTTB6aU9RNVNOeHUzWGFnM19GcVc4NzZyQTRiZjg5aDRPNWJzSW9kZ2JzUFljbWd2RVZpMHB4cHY3ZjBMMFFqOE5HOFF1QVh3Y1BJQVhDRk5GcE1pUGxtaGktNS13bHdnUWJWQldodllzQWNDWFUxMVVQX2sxX0tVRXFFTWw1N1NrWGY0dUVTLUNfOHNtdFY2YjgxTHc?oc=5\" target=\"_blank\" rel=\"nofollow noopener\">Adam Ma\u0142ysz rozwa\u017ca rezygnacj\u0119 ze stanowiska prezesa PZN<\/a>&nbsp;&nbsp;radiobielsko.pl<\/li>\n<li><a href=\"https:\/\/news.google.com\/rss\/articles\/CBMitAFBVV95cUxQOTN1Y0VVZ1FLdGFwZG0yMVlQRHZKMlY3V092OUhLX2o1RXh1V3JaNGVWdC1DMnJ4c29qMzdwbEoycHpWcVVwcHBybTNydWU1YjBTaUpWZGpKczd4dFZ5TXBxNTVUZUluVTVMMWZvWS1rVEtMeXNhRkxTSV9GVnU5UGpLazZfTnZxNHdrQWVuSTE5dEtGMGE3dkFTU210YlV4VjAtamJDSmZsOFM2SlhXMi1KTDA?oc=5\" target=\"_blank\" rel=\"nofollow noopener\">Ma\u0142ysz dosadnie podsumowa\u0142 swoj\u0105 prezesur\u0119. Tak m\u00f3wi o przysz\u0142o\u015bci<\/a>&nbsp;&nbsp;Sport.pl<\/li>\n<li><a href=\"https:\/\/news.google.com\/rss\/articles\/CBMi2gFBVV95cUxOelJnY0Q2cFdCTHRCSFFyclU2cEdCU1hvbGI4M0ZYTDdkdDVVNG1scUxaMC1yU0Y3Uk5odEVQOEhTMzBlUHNyUkp5Q1NXRXB6dGtuLTFzUnp1bEhRUVBZVXBULVdCelhCVmhUR0FwM1pRNFdITnNzWG5rV1pNckRyVE9uaXNla1hmU3BDc1Byd3Y4VDQzd3RtVENUWUVQcWdzNjVwZG5WM0hVX2Uxc2VFUWZFNnY3WTZDdVNaYXRKYW1oYzh2TGl6eDVpNmxaRUlrWGdPZy1kUjlyZw?oc=5\" target=\"_blank\" rel=\"nofollow noopener\">Niemcy w szoku po s\u0142owach Adama Ma\u0142ysza. &#8222;Ostatnie sezony mocno mnie przeczo\u0142ga\u0142y&#8221;<\/a>&nbsp;&nbsp;Dziennik.pl Sport<\/li>\n<\/ol>\n","protected":false},"excerpt":{"rendered":"W Niemczech poruszenie po s\u0142owach Adama Ma\u0142ysza. Pisz\u0105 o sensacji&nbsp;&nbsp;Przegl\u0105d Sportowy Onet Sensacyjne doniesienia ws. Ma\u0142ysza i PGE&hellip;\n","protected":false},"author":2,"featured_media":138920,"comment_status":"","ping_status":"","sticky":false,"template":"","format":"standard","meta":{"footnotes":"","_share_on_mastodon":"0"},"categories":[24],"tags":[4603,67,42,38,40,39,41,136,128,47,1874,127,135,126,4562],"class_list":["post-216781","post","type-post","status-publish","format-standard","has-post-thumbnail","category-sport","tag-adam_malysz","tag-intextvideo_splayer","tag-pl","tag-poland","tag-polish","tag-polska","tag-polski","tag-ps_detal_new","tag-psv2","tag-screening_general","tag-skoki_narciarskie","tag-sport","tag-sport_sport","tag-sports","tag-tka"],"share_on_mastodon":{"url":"https:\/\/pubeurope.com\/@pl\/115932581395618993","error":""},"_links":{"self":[{"href":"https:\/\/www.europesays.com\/pl\/wp-json\/wp\/v2\/posts\/216781","targetHints":{"allow":["GET"]}}],"collection":[{"href":"https:\/\/www.europesays.com\/pl\/wp-json\/wp\/v2\/posts"}],"about":[{"href":"https:\/\/www.europesays.com\/pl\/wp-json\/wp\/v2\/types\/post"}],"author":[{"embeddable":true,"href":"https:\/\/www.europesays.com\/pl\/wp-json\/wp\/v2\/users\/2"}],"replies":[{"embeddable":true,"href":"https:\/\/www.europesays.com\/pl\/wp-json\/wp\/v2\/comments?post=216781"}],"version-history":[{"count":0,"href":"https:\/\/www.europesays.com\/pl\/wp-json\/wp\/v2\/posts\/216781\/revisions"}],"wp:featuredmedia":[{"embeddable":true,"href":"https:\/\/www.europesays.com\/pl\/wp-json\/wp\/v2\/media\/138920"}],"wp:attachment":[{"href":"https:\/\/www.europesays.com\/pl\/wp-json\/wp\/v2\/media?parent=216781"}],"wp:term":[{"taxonomy":"category","embeddable":true,"href":"https:\/\/www.europesays.com\/pl\/wp-json\/wp\/v2\/categories?post=216781"},{"taxonomy":"post_tag","embeddable":true,"href":"https:\/\/www.europesays.com\/pl\/wp-json\/wp\/v2\/tags?post=216781"}],"curies":[{"name":"wp","href":"https:\/\/api.w.org\/{rel}","templated":true}]}}